{"id":16723,"date":"2012-04-17T09:50:34","date_gmt":"2012-04-17T12:50:34","guid":{"rendered":"http:\/\/www.eltrabajo.cl\/portal\/?p=16723"},"modified":"2012-04-17T09:50:34","modified_gmt":"2012-04-17T12:50:34","slug":"alumnos-del-simon-bolivar-denuncian-que-se-titularan-de-un-desconocido-cft","status":"publish","type":"post","link":"https:\/\/eltrabajo.cl\/portal\/alumnos-del-simon-bolivar-denuncian-que-se-titularan-de-un-desconocido-cft\/","title":{"rendered":"Alumnos del Sim\u00f3n Bol\u00edvar denuncian que se titular\u00e1n de un desconocido CFT"},"content":{"rendered":"<figure id=\"attachment_16724\" aria-describedby=\"caption-attachment-16724\" style=\"width: 600px\" class=\"wp-caption alignnone\"><a href=\"http:\/\/www.eltrabajo.cl\/portal\/2012\/04\/alumnos-del-simon-bolivar-denuncian-que-se-titularan-de-un-desconocido-cft\/estudiantes-afectados\/\" rel=\"attachment wp-att-16724\"><img data-recalc-dims=\"1\" loading=\"lazy\" decoding=\"async\" class=\"size-full wp-image-16724\" title=\"estudiantes afectados\" src=\"https:\/\/i0.wp.com\/www.eltrabajo.cl\/portal\/wp-content\/uploads\/2012\/04\/estudiantes-afectados.jpg?resize=600%2C450\" alt=\"\" width=\"600\" height=\"450\" srcset=\"https:\/\/i0.wp.com\/eltrabajo.cl\/portal\/wp-content\/uploads\/2012\/04\/estudiantes-afectados.jpg?w=600&amp;ssl=1 600w, https:\/\/i0.wp.com\/eltrabajo.cl\/portal\/wp-content\/uploads\/2012\/04\/estudiantes-afectados.jpg?resize=200%2C150&amp;ssl=1 200w, https:\/\/i0.wp.com\/eltrabajo.cl\/portal\/wp-content\/uploads\/2012\/04\/estudiantes-afectados.jpg?resize=300%2C225&amp;ssl=1 300w, https:\/\/i0.wp.com\/eltrabajo.cl\/portal\/wp-content\/uploads\/2012\/04\/estudiantes-afectados.jpg?resize=150%2C112&amp;ssl=1 150w, https:\/\/i0.wp.com\/eltrabajo.cl\/portal\/wp-content\/uploads\/2012\/04\/estudiantes-afectados.jpg?resize=400%2C300&amp;ssl=1 400w\" sizes=\"auto, (max-width: 600px) 100vw, 600px\" \/><\/a><figcaption id=\"caption-attachment-16724\" class=\"wp-caption-text\">Los alumnos esperan lograr una soluci\u00f3n y est\u00e1n analizando el \u00e1mbito legal para poder continuar con sus estudios.<\/figcaption><\/figure>\n<ul>\n<li><strong>Aseguran que Sociedad Millenium no cumpli\u00f3 contrato y se ven obligados a seguir sus estudios y titularse ahora de un desconocido centro de formaci\u00f3n t\u00e9cnica llamado Cenco.<\/strong><\/li>\n<\/ul>\n<p>El jueves pasado los alumnos de las carreras del Centro de Formaci\u00f3n T\u00e9cnica Sim\u00f3n Bol\u00edvar en su sede de San Felipe recibieron un comunicado oficial, donde se les indicaba que la Sociedad Educacional Millenium terminaba su contrato con Sim\u00f3n Bol\u00edvar y comenzaba una sociedad con el Centro de Formaci\u00f3n Cenco.<\/p>\n<figure id=\"attachment_16725\" aria-describedby=\"caption-attachment-16725\" style=\"width: 210px\" class=\"wp-caption alignright\"><a href=\"http:\/\/www.eltrabajo.cl\/portal\/2012\/04\/alumnos-del-simon-bolivar-denuncian-que-se-titularan-de-un-desconocido-cft\/juan-pablo-aguilera-1\/\" rel=\"attachment wp-att-16725\"><img data-recalc-dims=\"1\" loading=\"lazy\" decoding=\"async\" class=\"size-medium wp-image-16725 \" title=\"juan pablo aguilera (1)\" src=\"https:\/\/i0.wp.com\/www.eltrabajo.cl\/portal\/wp-content\/uploads\/2012\/04\/juan-pablo-aguilera-1-300x231.jpg?resize=210%2C162\" alt=\"\" width=\"210\" height=\"162\" srcset=\"https:\/\/i0.wp.com\/eltrabajo.cl\/portal\/wp-content\/uploads\/2012\/04\/juan-pablo-aguilera-1.jpg?resize=300%2C231&amp;ssl=1 300w, https:\/\/i0.wp.com\/eltrabajo.cl\/portal\/wp-content\/uploads\/2012\/04\/juan-pablo-aguilera-1.jpg?resize=194%2C150&amp;ssl=1 194w, https:\/\/i0.wp.com\/eltrabajo.cl\/portal\/wp-content\/uploads\/2012\/04\/juan-pablo-aguilera-1.jpg?resize=150%2C115&amp;ssl=1 150w, https:\/\/i0.wp.com\/eltrabajo.cl\/portal\/wp-content\/uploads\/2012\/04\/juan-pablo-aguilera-1.jpg?resize=400%2C308&amp;ssl=1 400w, https:\/\/i0.wp.com\/eltrabajo.cl\/portal\/wp-content\/uploads\/2012\/04\/juan-pablo-aguilera-1.jpg?w=600&amp;ssl=1 600w\" sizes=\"auto, (max-width: 210px) 100vw, 210px\" \/><\/a><figcaption id=\"caption-attachment-16725\" class=\"wp-caption-text\">Juan Pablo Aguilera explic\u00f3 que la situaci\u00f3n afecta a los alumnos del Centro de Formaci\u00f3n, quienes no saben qu\u00e9 pasos seguir para continuar con sus estudios en San Felipe.<\/figcaption><\/figure>\n<p>La informaci\u00f3n tom\u00f3 por sorpresa a los alumnos que pertenecen a distintas carreras y cursan diferentes a\u00f1os acad\u00e9micos, quienes reci\u00e9n este lunes comenzaron a organizarse para encontrar una soluci\u00f3n a la situaci\u00f3n.<\/p>\n<p>\u201cHemos recibido un comunicado en el cual nos dicen, en forma unilateral, que el Centro de Formaci\u00f3n T\u00e9cnica Sim\u00f3n Bol\u00edvar deja de prestarnos servicios y pasamos a ser parte del Instituto Cenco, que tengo entendido, que hasta el d\u00eda de hoy no ha tenido egresados, entonces lo que est\u00e1n haciendo es cambiarnos 30 a\u00f1os de trayectoria de un t\u00edtulo que podamos tener, con un campo laboral un poco m\u00e1s asegurado, a una empresa totalmente nueva en el mercado que tiene cero a\u00f1o de trayectoria laboral, y hoy d\u00eda no existen titulados ni nada\u201d, inform\u00f3 Juan Pablo Aguilera, alumnos de la carrera An\u00e1lisis de Sistema.<\/p>\n<p>Seg\u00fan este alumno, que actu\u00f3 como vocero de los estudiantes que se reunieron durante la ma\u00f1ana de este lunes, la soluci\u00f3n que les entregar\u00eda el nuevo CFT Cenco, es firmar el contrato para hacer el cambio de instituto o seguir estudiando en el Sim\u00f3n Bol\u00edvar y viajar a Santiago a terminar sus estudios.<\/p>\n<p>\u201cLos alumnos de la ma\u00f1ana y la noche se ven afectados, la gran mayor\u00eda de la noche, yo dir\u00eda que un 90% est\u00e1n en desacuerdo con el rompimiento de contrato unilateral, estamos totalmente desamparados legalmente, no tenemos apoyo\u201d, dijo Aguilera.<\/p>\n<p>Seg\u00fan explic\u00f3 Aguilera, el tema que m\u00e1s complica a los alumnos es que ellos firmaron un contrato con el CFT Sim\u00f3n Bol\u00edvar, donde se establec\u00eda que este instituto se hac\u00eda responsable del t\u00e9rmino de los estudios de todos los alumnos.<\/p>\n<figure id=\"attachment_16726\" aria-describedby=\"caption-attachment-16726\" style=\"width: 210px\" class=\"wp-caption alignleft\"><a href=\"http:\/\/www.eltrabajo.cl\/portal\/2012\/04\/alumnos-del-simon-bolivar-denuncian-que-se-titularan-de-un-desconocido-cft\/miguel-dumay\/\" rel=\"attachment wp-att-16726\"><img data-recalc-dims=\"1\" loading=\"lazy\" decoding=\"async\" class=\"size-medium wp-image-16726 \" title=\"miguel dumay\" src=\"https:\/\/i0.wp.com\/www.eltrabajo.cl\/portal\/wp-content\/uploads\/2012\/04\/miguel-dumay-300x234.jpg?resize=210%2C164\" alt=\"\" width=\"210\" height=\"164\" srcset=\"https:\/\/i0.wp.com\/eltrabajo.cl\/portal\/wp-content\/uploads\/2012\/04\/miguel-dumay.jpg?resize=300%2C234&amp;ssl=1 300w, https:\/\/i0.wp.com\/eltrabajo.cl\/portal\/wp-content\/uploads\/2012\/04\/miguel-dumay.jpg?resize=192%2C150&amp;ssl=1 192w, https:\/\/i0.wp.com\/eltrabajo.cl\/portal\/wp-content\/uploads\/2012\/04\/miguel-dumay.jpg?resize=150%2C117&amp;ssl=1 150w, https:\/\/i0.wp.com\/eltrabajo.cl\/portal\/wp-content\/uploads\/2012\/04\/miguel-dumay.jpg?resize=400%2C312&amp;ssl=1 400w, https:\/\/i0.wp.com\/eltrabajo.cl\/portal\/wp-content\/uploads\/2012\/04\/miguel-dumay.jpg?w=600&amp;ssl=1 600w\" sizes=\"auto, (max-width: 210px) 100vw, 210px\" \/><\/a><figcaption id=\"caption-attachment-16726\" class=\"wp-caption-text\">Miguel Dumay explic\u00f3 que luego que se pidiera el t\u00e9rmino anticipado del contrato, Sociedad Millenium se asoci\u00f3 con el CFT Cenco para dar continuidad a los estudios de los alumnos.<\/figcaption><\/figure>\n<p>\u201cHasta el d\u00eda de hoy tenemos un contrato firmado con el Centro de Formaci\u00f3n T\u00e9cnica Sim\u00f3n Bol\u00edvar, que se firm\u00f3 al momento de matricularse y fue en la etapa estival, en la cual nos dice el contrato que nosotros y el CFT se hace responsable del t\u00e9rmino de los estudios de todos nosotros, sabemos nosotros que hab\u00edan problemas entre las dos administraciones, pero en el a\u00f1o presente fue que nos prometieron que el contrato duraba hasta el a\u00f1o 2015\u201d.<\/p>\n<p>El alumno coment\u00f3 adem\u00e1s que lo que deber\u00eda haber ocurrido es que el CFT deber\u00eda hacer entregado informaci\u00f3n con anterioridad para haber tomado la decisi\u00f3n de matricularse en este Centro de Formaci\u00f3n o haber buscado una opci\u00f3n que fuera m\u00e1s conveniente.<\/p>\n<p>Consultado el ahora director de la sede del Centro de Formaci\u00f3n T\u00e9cnica Cenco en San Felipe, Miguel Dumay, se\u00f1al\u00f3 que luego de que el Centro de Formaci\u00f3n T\u00e9cnica pidiera un juicio que se encontraba en la C\u00e1mara de Comercio, la situaci\u00f3n ha sido bastante compleja.<\/p>\n<p>\u201cLlegado un momento determinado y producto del juicio, la Sociedad Educacional Millenium acept\u00f3 lo que el propio rector hab\u00eda solicitado y termin\u00f3 el v\u00ednculo con Sim\u00f3n Bol\u00edvar, le manifest\u00f3 esto al \u00e1rbitro arbitrador, de que no continuar\u00eda con el v\u00ednculo, porque los da\u00f1os causados por las propias declaraciones del rector superaban lo que era posible aguantar y de esa manera se fusion\u00f3 con otro CFT igualmente reconocido y aut\u00f3nomo frente al Ministerio de Educaci\u00f3n, que es Cenco, y a partir del jueves pasado el instituto de San Felipe, al igual que el de Quillota, pasan a llamarse Cenco\u201d.<\/p>\n<p>Seg\u00fan explic\u00f3 Dumay a los alumnos no les variar\u00e1 nada en lo que corresponde a la calidad acad\u00e9mica, eso debido a que contin\u00faan los mismos profesores, as\u00ed como tambi\u00e9n ser\u00e1 la misma malla curricular y las pr\u00e1cticas contin\u00faan en los mismos lugares, ya que se est\u00e1 en proceso de renovaci\u00f3n de los campos cl\u00ednicos.<\/p>\n<p>\u201cLa Sociedad Educacional Millenium opt\u00f3 por presentar esta soluci\u00f3n a los alumnos sin variarle nada de lo que realmente interesa a un estudiante, como es su malla y su curriculum\u201d, dijo Dumay.<\/p>\n<p>Consultado adem\u00e1s por los cambios en los a\u00f1os de estudios que se informan en el comunicado oficial enviado a todos los estudiantes, Dumay se\u00f1ala que no son para los alumnos que se encuentran cursando estudios, sino para los primeros a\u00f1os.<\/p>\n","protected":false},"excerpt":{"rendered":"<p>Aseguran que Sociedad Millenium no cumpli\u00f3 contrato y se ven obligados a seguir sus estudios y titularse ahora de un desconocido centro de formaci\u00f3n t\u00e9cnica llamado Cenco. El jueves pasado los alumnos&#8230;<\/p>\n","protected":false},"author":482,"featured_media":16724,"comment_status":"open","ping_status":"open","sticky":false,"template":"","format":"standard","meta":{"advanced_seo_description":"","jetpack_seo_html_title":"","jetpack_seo_noindex":false,"_jetpack_memberships_contains_paid_content":false,"footnotes":""},"categories":[15],"tags":[],"class_list":["post-16723","post","type-post","status-publish","format-standard","has-post-thumbnail","hentry","category-comunidad"],"jetpack_featured_media_url":"https:\/\/i0.wp.com\/eltrabajo.cl\/portal\/wp-content\/uploads\/2012\/04\/estudiantes-afectados.jpg?fit=600%2C450&ssl=1","jetpack_sharing_enabled":true,"jetpack_likes_enabled":true,"jetpack-related-posts":[],"_links":{"self":[{"href":"https:\/\/eltrabajo.cl\/portal\/wp-json\/wp\/v2\/posts\/16723","targetHints":{"allow":["GET"]}}],"collection":[{"href":"https:\/\/eltrabajo.cl\/portal\/wp-json\/wp\/v2\/posts"}],"about":[{"href":"https:\/\/eltrabajo.cl\/portal\/wp-json\/wp\/v2\/types\/post"}],"author":[{"embeddable":true,"href":"https:\/\/eltrabajo.cl\/portal\/wp-json\/wp\/v2\/users\/482"}],"replies":[{"embeddable":true,"href":"https:\/\/eltrabajo.cl\/portal\/wp-json\/wp\/v2\/comments?post=16723"}],"version-history":[{"count":0,"href":"https:\/\/eltrabajo.cl\/portal\/wp-json\/wp\/v2\/posts\/16723\/revisions"}],"wp:featuredmedia":[{"embeddable":true,"href":"https:\/\/eltrabajo.cl\/portal\/wp-json\/wp\/v2\/media\/16724"}],"wp:attachment":[{"href":"https:\/\/eltrabajo.cl\/portal\/wp-json\/wp\/v2\/media?parent=16723"}],"wp:term":[{"taxonomy":"category","embeddable":true,"href":"https:\/\/eltrabajo.cl\/portal\/wp-json\/wp\/v2\/categories?post=16723"},{"taxonomy":"post_tag","embeddable":true,"href":"https:\/\/eltrabajo.cl\/portal\/wp-json\/wp\/v2\/tags?post=16723"}],"curies":[{"name":"wp","href":"https:\/\/api.w.org\/{rel}","templated":true}]}}