{"id":16732,"date":"2012-04-17T10:11:34","date_gmt":"2012-04-17T13:11:34","guid":{"rendered":"http:\/\/www.eltrabajo.cl\/portal\/?p=16732"},"modified":"2012-04-17T10:11:34","modified_gmt":"2012-04-17T13:11:34","slug":"gobernadora-entrego-%e2%80%98boton-gastrico%e2%80%99-a-nino-que-sufrio-influenza-h1n1","status":"publish","type":"post","link":"https:\/\/eltrabajo.cl\/portal\/gobernadora-entrego-%e2%80%98boton-gastrico%e2%80%99-a-nino-que-sufrio-influenza-h1n1\/","title":{"rendered":"Gobernadora entreg\u00f3 \u2018Bot\u00f3n G\u00e1strico\u2019 a ni\u00f1o que sufri\u00f3 Influenza H1N1"},"content":{"rendered":"<figure id=\"attachment_16733\" aria-describedby=\"caption-attachment-16733\" style=\"width: 600px\" class=\"wp-caption alignnone\"><a href=\"http:\/\/www.eltrabajo.cl\/portal\/2012\/04\/gobernadora-entrego-%e2%80%98boton-gastrico%e2%80%99-a-nino-que-sufrio-influenza-h1n1\/boton1\/\" rel=\"attachment wp-att-16733\"><img data-recalc-dims=\"1\" loading=\"lazy\" decoding=\"async\" class=\"size-full wp-image-16733\" title=\"Boton1\" src=\"https:\/\/i0.wp.com\/www.eltrabajo.cl\/portal\/wp-content\/uploads\/2012\/04\/Boton1.jpg?resize=600%2C450\" alt=\"\" width=\"600\" height=\"450\" srcset=\"https:\/\/i0.wp.com\/eltrabajo.cl\/portal\/wp-content\/uploads\/2012\/04\/Boton1.jpg?w=600&amp;ssl=1 600w, https:\/\/i0.wp.com\/eltrabajo.cl\/portal\/wp-content\/uploads\/2012\/04\/Boton1.jpg?resize=200%2C150&amp;ssl=1 200w, https:\/\/i0.wp.com\/eltrabajo.cl\/portal\/wp-content\/uploads\/2012\/04\/Boton1.jpg?resize=300%2C225&amp;ssl=1 300w, https:\/\/i0.wp.com\/eltrabajo.cl\/portal\/wp-content\/uploads\/2012\/04\/Boton1.jpg?resize=150%2C112&amp;ssl=1 150w, https:\/\/i0.wp.com\/eltrabajo.cl\/portal\/wp-content\/uploads\/2012\/04\/Boton1.jpg?resize=400%2C300&amp;ssl=1 400w\" sizes=\"auto, (max-width: 600px) 100vw, 600px\" \/><\/a><figcaption id=\"caption-attachment-16733\" class=\"wp-caption-text\">Con este \u2018Bot\u00f3n G\u00e1strico\u2019, el peque\u00f1o Francisco Guajardo podr\u00e1 alimentarse por un a\u00f1o, la Gobernadora Patricia Boffa hizo la entrega del dispositivo de salud que ayudar\u00e1 un poco el ya desesperante estado emocional de la familia del ni\u00f1o.<\/figcaption><\/figure>\n<ul>\n<li><strong>Francisco naci\u00f3 prematuro y qued\u00f3 internado en el Hospital San Camilo donde se habr\u00eda contagiado con el temido virus de la Influenza H1N1.<\/strong><\/li>\n<\/ul>\n<p>Acogiendo el llamado hecho por la se\u00f1ora Maritza Rojas, madre del peque\u00f1o de tres a\u00f1os, Francisco Guajardo Rojas, quien pr\u00e1cticamente desde que naci\u00f3 se encuentra postrado en su cama, la Gobernadora Patricia Boffa acudi\u00f3 hasta su domicilio para hacer entrega de un \u2018Bot\u00f3n G\u00e1strico\u2019 por el cual se alimenta.<\/p>\n<p>Francisco naci\u00f3 el a\u00f1o 2009 y al ser un beb\u00e9 prematuro qued\u00f3 internado en el Hospital San Camilo. En ese lugar, como lo se\u00f1al\u00f3 su madre, se habr\u00eda contagiado de Influenza H1N1, seg\u00fan le habr\u00edan confirmado m\u00e1s tarde en el Hospital Cl\u00ednico de la Universidad Cat\u00f3lica, lo que lo dej\u00f3 con un da\u00f1o cerebral severo que no le permite moverse, hablar ni valerse por s\u00ed mismo, a lo que se suma que est\u00e1 conectado a un ventilador artificial que lo ayuda a vivir.<\/p>\n<p>El da\u00f1o generado cuando peque\u00f1o le produjo que ahora tenga que alimentarse a trav\u00e9s de esta sonda, la que es sumamente cara para esta familia que depende del Jefe de hogar que gana 250 mil pesos al mes, los que se les hacen insuficientes para costear todas las necesidades del peque\u00f1o Francisco.<\/p>\n<p>Luego tuvo un intento fallido de realizar su rehabilitaci\u00f3n en la Cl\u00ednica Los Coihues, ya que su precario estado de salud, que se ve\u00eda agravado por un da\u00f1o cerebral grav\u00edsimo, le imposibilitaba realizar ejercicio f\u00edsico.<\/p>\n<p>Estos tres a\u00f1os han significado un costo emocional muy grande para la familia, pero sobre todo econ\u00f3mico, ya que los gastos suman y suman.<\/p>\n<p>Ante esta situaci\u00f3n, Maritza solicit\u00f3 la ayuda de la Gobernadora Boffa, autoridad que acudi\u00f3 hasta su domicilio para hacer entrega del \u2018Bot\u00f3n G\u00e1strico\u2019 que requiere el peque\u00f1o Francisco.<\/p>\n<p>\u00abYo le solicit\u00e9 una ayuda de un Bot\u00f3n de Gastronom\u00eda a la Gobernadora Patricia Boffa, pues mi hijo por esa v\u00eda se alimenta, y como es de un monto no muy bajo y no est\u00e1 a nuestro alcance, es que nosotros le solicitamos el apoyo a la se\u00f1ora Paty\u00bb, se\u00f1al\u00f3 la angustiada madre.<\/p>\n<p>\u00abGracias a Dios y a las gestiones que ella realiza, en realidad pudimos llegar a concretar la obtenci\u00f3n del \u2018Bot\u00f3n\u2019 por intermedio de ella, tengo el bot\u00f3n en mis manos y quiero agradecer p\u00fablicamente a la se\u00f1ora Gobernadora, a todo su equipo de trabajo, porque la comunidad debe saber la calidad de Gobernadora que tenemos, es una muy buena persona, por lo tanto le agradezco su preocupaci\u00f3n\u00bb, a\u00f1adi\u00f3 Maritza Rojas.<\/p>\n<p>Sobre el tema, la Gobernadora Boffa explic\u00f3 que se est\u00e1n haciendo las gestiones ante la Senadora Lily P\u00e9rez para lograr la asignaci\u00f3n de una pensi\u00f3n al peque\u00f1o Francisco y la adquisici\u00f3n de un coche especial por parte del Fonadis.<\/p>\n","protected":false},"excerpt":{"rendered":"<p>Francisco naci\u00f3 prematuro y qued\u00f3 internado en el Hospital San Camilo donde se habr\u00eda contagiado con el temido virus de la Influenza H1N1. Acogiendo el llamado hecho por la se\u00f1ora Maritza Rojas,&#8230;<\/p>\n","protected":false},"author":482,"featured_media":16733,"comment_status":"open","ping_status":"open","sticky":false,"template":"","format":"standard","meta":{"advanced_seo_description":"","jetpack_seo_html_title":"","jetpack_seo_noindex":false,"_jetpack_memberships_contains_paid_content":false,"footnotes":""},"categories":[15],"tags":[],"class_list":["post-16732","post","type-post","status-publish","format-standard","has-post-thumbnail","hentry","category-comunidad"],"jetpack_featured_media_url":"https:\/\/i0.wp.com\/eltrabajo.cl\/portal\/wp-content\/uploads\/2012\/04\/Boton1.jpg?fit=600%2C450&ssl=1","jetpack_sharing_enabled":true,"jetpack_likes_enabled":true,"jetpack-related-posts":[],"_links":{"self":[{"href":"https:\/\/eltrabajo.cl\/portal\/wp-json\/wp\/v2\/posts\/16732","targetHints":{"allow":["GET"]}}],"collection":[{"href":"https:\/\/eltrabajo.cl\/portal\/wp-json\/wp\/v2\/posts"}],"about":[{"href":"https:\/\/eltrabajo.cl\/portal\/wp-json\/wp\/v2\/types\/post"}],"author":[{"embeddable":true,"href":"https:\/\/eltrabajo.cl\/portal\/wp-json\/wp\/v2\/users\/482"}],"replies":[{"embeddable":true,"href":"https:\/\/eltrabajo.cl\/portal\/wp-json\/wp\/v2\/comments?post=16732"}],"version-history":[{"count":0,"href":"https:\/\/eltrabajo.cl\/portal\/wp-json\/wp\/v2\/posts\/16732\/revisions"}],"wp:featuredmedia":[{"embeddable":true,"href":"https:\/\/eltrabajo.cl\/portal\/wp-json\/wp\/v2\/media\/16733"}],"wp:attachment":[{"href":"https:\/\/eltrabajo.cl\/portal\/wp-json\/wp\/v2\/media?parent=16732"}],"wp:term":[{"taxonomy":"category","embeddable":true,"href":"https:\/\/eltrabajo.cl\/portal\/wp-json\/wp\/v2\/categories?post=16732"},{"taxonomy":"post_tag","embeddable":true,"href":"https:\/\/eltrabajo.cl\/portal\/wp-json\/wp\/v2\/tags?post=16732"}],"curies":[{"name":"wp","href":"https:\/\/api.w.org\/{rel}","templated":true}]}}