{"id":16736,"date":"2012-04-17T10:19:15","date_gmt":"2012-04-17T13:19:15","guid":{"rendered":"http:\/\/www.eltrabajo.cl\/portal\/?p=16736"},"modified":"2012-04-17T10:19:15","modified_gmt":"2012-04-17T13:19:15","slug":"denuncian-%e2%80%98censo-fantasma%e2%80%99-en-vivienda-de-funcionaria-bancaria","status":"publish","type":"post","link":"https:\/\/eltrabajo.cl\/portal\/denuncian-%e2%80%98censo-fantasma%e2%80%99-en-vivienda-de-funcionaria-bancaria\/","title":{"rendered":"Denuncian \u2018Censo Fantasma\u2019 en vivienda de funcionaria bancaria"},"content":{"rendered":"<figure id=\"attachment_16737\" aria-describedby=\"caption-attachment-16737\" style=\"width: 600px\" class=\"wp-caption alignnone\"><a href=\"http:\/\/www.eltrabajo.cl\/portal\/2012\/04\/denuncian-%e2%80%98censo-fantasma%e2%80%99-en-vivienda-de-funcionaria-bancaria\/censo2\/\" rel=\"attachment wp-att-16737\"><img data-recalc-dims=\"1\" loading=\"lazy\" decoding=\"async\" class=\"size-full wp-image-16737\" title=\"Censo2\" src=\"https:\/\/i0.wp.com\/www.eltrabajo.cl\/portal\/wp-content\/uploads\/2012\/04\/Censo2.jpg?resize=600%2C450\" alt=\"\" width=\"600\" height=\"450\" srcset=\"https:\/\/i0.wp.com\/eltrabajo.cl\/portal\/wp-content\/uploads\/2012\/04\/Censo2.jpg?w=600&amp;ssl=1 600w, https:\/\/i0.wp.com\/eltrabajo.cl\/portal\/wp-content\/uploads\/2012\/04\/Censo2.jpg?resize=200%2C150&amp;ssl=1 200w, https:\/\/i0.wp.com\/eltrabajo.cl\/portal\/wp-content\/uploads\/2012\/04\/Censo2.jpg?resize=300%2C225&amp;ssl=1 300w, https:\/\/i0.wp.com\/eltrabajo.cl\/portal\/wp-content\/uploads\/2012\/04\/Censo2.jpg?resize=150%2C112&amp;ssl=1 150w, https:\/\/i0.wp.com\/eltrabajo.cl\/portal\/wp-content\/uploads\/2012\/04\/Censo2.jpg?resize=400%2C300&amp;ssl=1 400w\" sizes=\"auto, (max-width: 600px) 100vw, 600px\" \/><\/a><figcaption id=\"caption-attachment-16737\" class=\"wp-caption-text\">Paulina Ortiz mostr\u00f3 a Diario El Trabajo su buz\u00f3n y la calcoman\u00eda de \u2018Vivienda Censada\u2019 pegada en el mismo, la due\u00f1a de casa asegura que nunca fueron censados en su vivienda.<\/figcaption><\/figure>\n<ul>\n<li><strong>Una due\u00f1a de casa y funcionaria de una entidad bancaria no sale de su asombro cuando encontr\u00f3 que un censista pas\u00f3 a su vivienda, peg\u00f3 la calcoman\u00eda de \u2018Vivienda Censada\u2019 y sigui\u00f3 su camino sin realizar su trabajo ni dejar notificaci\u00f3n alguna.<\/strong><\/li>\n<\/ul>\n<p>Roberto Gonz\u00e1lez Short &#8211; rgonzalez@eltrabajo.cl<\/p>\n<p>Una sorpresa may\u00fascula se llev\u00f3 la funcionaria bancaria Paulina Ortiz, cuando descubri\u00f3 que este s\u00e1bado, los personeros encargados de realizar el Censo 2012 pasaron censando en su barrio y dejaron s\u00f3lo la calcoman\u00eda pegada al buz\u00f3n de su casa, sin haber censado realmente a sus ocupantes.<\/p>\n<p>Se trata de un preocupante e ins\u00f3lito caso en el que uno de los 55 censistas que operan en San Felipe, \u2018etiquet\u00f3\u2019 una vivienda como \u2018Censada\u2019, pero sin haber realizado la entrevista a alguno de los habitantes de la vivienda ni dejado notificaciones por escrito como es lo debido. El inusual \u2018Censo Fantasma\u2019 ocurri\u00f3 en la casa N\u00ba 436, calle Pedro de Valdivia, Villa Esplendor de San Felipe.<\/p>\n<figure id=\"attachment_16738\" aria-describedby=\"caption-attachment-16738\" style=\"width: 300px\" class=\"wp-caption alignright\"><a href=\"http:\/\/www.eltrabajo.cl\/portal\/2012\/04\/denuncian-%e2%80%98censo-fantasma%e2%80%99-en-vivienda-de-funcionaria-bancaria\/censo1-2\/\" rel=\"attachment wp-att-16738\"><img data-recalc-dims=\"1\" loading=\"lazy\" decoding=\"async\" class=\"size-medium wp-image-16738\" title=\"Censo1\" src=\"https:\/\/i0.wp.com\/www.eltrabajo.cl\/portal\/wp-content\/uploads\/2012\/04\/Censo11-300x196.jpg?resize=300%2C196\" alt=\"\" width=\"300\" height=\"196\" srcset=\"https:\/\/i0.wp.com\/eltrabajo.cl\/portal\/wp-content\/uploads\/2012\/04\/Censo11.jpg?resize=300%2C196&amp;ssl=1 300w, https:\/\/i0.wp.com\/eltrabajo.cl\/portal\/wp-content\/uploads\/2012\/04\/Censo11.jpg?resize=200%2C131&amp;ssl=1 200w, https:\/\/i0.wp.com\/eltrabajo.cl\/portal\/wp-content\/uploads\/2012\/04\/Censo11.jpg?resize=150%2C98&amp;ssl=1 150w, https:\/\/i0.wp.com\/eltrabajo.cl\/portal\/wp-content\/uploads\/2012\/04\/Censo11.jpg?resize=400%2C262&amp;ssl=1 400w, https:\/\/i0.wp.com\/eltrabajo.cl\/portal\/wp-content\/uploads\/2012\/04\/Censo11.jpg?w=600&amp;ssl=1 600w\" sizes=\"auto, (max-width: 300px) 100vw, 300px\" \/><\/a><figcaption id=\"caption-attachment-16738\" class=\"wp-caption-text\">La Encargada de Operaciones Provinciales del Proyecto Censo 2012, Mar\u00eda de Los \u00c1ngeles Gonz\u00e1lez, dio la cara a Diario El Trabajo y asegur\u00f3 que ella misma le realizar\u00e1 el censo a Paulina Ortiz, reconociendo el error del censista.<\/figcaption><\/figure>\n<p><strong>\u2018CENSO FANTASMA\u2019<\/strong><\/p>\n<p>\u201cEste s\u00e1bado salimos en la ma\u00f1ana a realizar algunas compras mi esposo y yo, qued\u00f3 en casa nuestra empleada, luego de un par de horas, cuando llegamos, notamos el sello de \u2018Vivienda censada\u2019, le pregunt\u00e9 a la empleada \u00bfTe censaron? Ella nos respondi\u00f3 que no, que nadie hab\u00eda pasado a censar en la casa\u201d, explic\u00f3 preocupada la due\u00f1a de casa, Paulina Ortiz.<\/p>\n<p>La preocupaci\u00f3n de Paulina obedece a su grado de concientizaci\u00f3n en materia c\u00edvica, pues ella ya fue censista hace diez a\u00f1os y sabe la importancia que este trabajo tiene para que los resultados sean los mejores.<\/p>\n<p>\u201cLo peor es que buscamos en Internet la forma de saber el nombre del censista de nuestro vecindario, sin embargo no aparece esa informaci\u00f3n, creo que esto es muy malo, puesto que el Gobierno est\u00e1 gastando muchos recursos y me parece irresponsable que un censista haga un censo falso\u201d, a\u00f1adi\u00f3 Ortiz.<\/p>\n<p><strong>DIRECTORA ACEPTA \u2018GRAVE ERROR\u2019 DE CENSISTA<\/strong><\/p>\n<figure id=\"attachment_16739\" aria-describedby=\"caption-attachment-16739\" style=\"width: 164px\" class=\"wp-caption alignleft\"><a href=\"http:\/\/www.eltrabajo.cl\/portal\/2012\/04\/denuncian-%e2%80%98censo-fantasma%e2%80%99-en-vivienda-de-funcionaria-bancaria\/paulina1-2\/\" rel=\"attachment wp-att-16739\"><img data-recalc-dims=\"1\" loading=\"lazy\" decoding=\"async\" class=\"size-medium wp-image-16739 \" title=\"Paulina1\" src=\"https:\/\/i0.wp.com\/www.eltrabajo.cl\/portal\/wp-content\/uploads\/2012\/04\/Paulina11-273x300.jpg?resize=164%2C180\" alt=\"\" width=\"164\" height=\"180\" srcset=\"https:\/\/i0.wp.com\/eltrabajo.cl\/portal\/wp-content\/uploads\/2012\/04\/Paulina11.jpg?resize=273%2C300&amp;ssl=1 273w, https:\/\/i0.wp.com\/eltrabajo.cl\/portal\/wp-content\/uploads\/2012\/04\/Paulina11.jpg?resize=136%2C150&amp;ssl=1 136w, https:\/\/i0.wp.com\/eltrabajo.cl\/portal\/wp-content\/uploads\/2012\/04\/Paulina11.jpg?resize=400%2C439&amp;ssl=1 400w, https:\/\/i0.wp.com\/eltrabajo.cl\/portal\/wp-content\/uploads\/2012\/04\/Paulina11.jpg?w=933&amp;ssl=1 933w\" sizes=\"auto, (max-width: 164px) 100vw, 164px\" \/><\/a><figcaption id=\"caption-attachment-16739\" class=\"wp-caption-text\">Paulina Ortiz, due\u00f1a de casa que asegura sentirse muy molesta con esta irregularidad.<\/figcaption><\/figure>\n<p><strong>Diario El Trabajo<\/strong> habl\u00f3 con la Encargada Provincial de Censo 2012, Mar\u00eda de Los \u00c1ngeles Gonz\u00e1lez, sobre los reclamos hechos a nuestro medio por Paulina Ortiz.<\/p>\n<p><strong>&#8211; \u00bfSabe usted de las anomal\u00edas que est\u00e1n siendo reportadas en relaci\u00f3n a \u2018etiquetas\u2019 de \u2018Vivienda Censada\u2019 en una casa en la que no se ha realizado el abordaje del censista?<\/strong><\/p>\n<p>&#8211; \u201cS\u00ed. Tengo un censista a quien deberemos tener que apoyar y volver a hacerle la inducci\u00f3n de nuevo, \u00e9l no entendi\u00f3 bien el procedimiento, \u00e9l reporta que fue a la casa en cuesti\u00f3n unas tres veces en distintos d\u00edas y horarios, <strong>pero cometi\u00f3 un grave error<\/strong> que es no dejar ninguna notificaci\u00f3n. Yo habl\u00e9 con la Supervisora y, revisando todos los portafolios, nos encontramos con que \u00e9l espec\u00edficamente no ten\u00eda ninguna notificaci\u00f3n hecha entre sus documentos de censista\u201d.<\/p>\n<p><strong>&#8211; \u00bfQu\u00e9 har\u00e1 usted para dar respuesta a este ins\u00f3lito caso?<\/strong><\/p>\n<p>&#8211; \u201cMa\u00f1ana (hoy) voy a entrevistarme con do\u00f1a Paulina, lo har\u00e9 para darle las disculpas del caso, porque la primera semana es donde tenemos la oportunidad de corregir todos los errores que podamos tener. Todos sabemos que son equipos nuevos y que la mayor\u00eda de las personas nunca han trabajado en esto y pueden cometer sus errores, que es lo que efectivamente ocurri\u00f3 ac\u00e1\u201d.<\/p>\n<p><strong>&#8211; \u00bfUsted ha investigado la queja de la se\u00f1ora Paulina?<\/strong><\/p>\n<p>&#8211; \u201cEstuve haciendo mis investigaciones, fui hasta la casa de la se\u00f1ora Paulina para ver que lo que ella dec\u00eda era efectivamente verdadero, m\u00e1s que todo para saber qu\u00e9 es lo que est\u00e1 pasando, tanto del lado de ella y de mi gente\u201d.<\/p>\n<p><strong>&#8211; \u00bfQu\u00e9 har\u00e1n ustedes para garantizar que este censista hace bien su trabajo?<\/strong><\/p>\n<p>&#8211; \u201cHoy d\u00eda tuvimos que sentarnos con \u00e9l para explicarle nuevamente todo el procedimiento y tambi\u00e9n implica que toda mi gente en este momento, los que son Supervisores, van a tener que salir a revisar todas las viviendas que este censista anot\u00f3 como \u2018Morador ausente\u2019 o \u2018Desocupada\u2019\u201d.<\/p>\n<p><strong>&#8211; \u00bfQu\u00e9 profesi\u00f3n u oficio tiene ese censista?<\/strong><\/p>\n<p>&#8211; \u201cEs un licenciado, no puedo decir su nombre\u201d.<\/p>\n<p><strong>&#8211; \u00bfCu\u00e1ntos censistas hay en las seis comunas y cu\u00e1nto est\u00e1n ganando mensualmente cada uno?<\/strong><\/p>\n<p>&#8211; \u201cContamos con 130 censistas en la provincia, de los cuales 40 trabajan a tiempo completo y 15 a medio tiempo s\u00f3lo en San Felipe, los dem\u00e1s est\u00e1n distribuidos en las dem\u00e1s comunas, cada uno gana $270.000 L\u00edquido\u201d.<\/p>\n<p>Los primeros resultados del Censo se publicar\u00e1n en agosto de 2012, mientras que el Informe Final se entregar\u00e1 en marzo de 2013. En esa fecha podremos saber cu\u00e1ntos habitantes hay en el pa\u00eds, cifra que en la anterior edici\u00f3n, la del 2002, arroj\u00f3 que hay 11.116.435 personas viviendo en Chile. Seg\u00fan el Censo pasado (2002), en San Felipe vivimos 64.126 habitantes, habr\u00e1 que esperar marzo del 2013 para saber cu\u00e1nto ha crecido la poblaci\u00f3n en una d\u00e9cada.<\/p>\n","protected":false},"excerpt":{"rendered":"<p>Una due\u00f1a de casa y funcionaria de una entidad bancaria no sale de su asombro cuando encontr\u00f3 que un censista pas\u00f3 a su vivienda, peg\u00f3 la calcoman\u00eda de \u2018Vivienda Censada\u2019 y sigui\u00f3&#8230;<\/p>\n","protected":false},"author":482,"featured_media":16737,"comment_status":"open","ping_status":"open","sticky":false,"template":"","format":"standard","meta":{"advanced_seo_description":"","jetpack_seo_html_title":"","jetpack_seo_noindex":false,"_jetpack_memberships_contains_paid_content":false,"footnotes":""},"categories":[15],"tags":[],"class_list":["post-16736","post","type-post","status-publish","format-standard","has-post-thumbnail","hentry","category-comunidad"],"jetpack_featured_media_url":"https:\/\/i0.wp.com\/eltrabajo.cl\/portal\/wp-content\/uploads\/2012\/04\/Censo2.jpg?fit=600%2C450&ssl=1","jetpack_sharing_enabled":true,"jetpack_likes_enabled":true,"jetpack-related-posts":[],"_links":{"self":[{"href":"https:\/\/eltrabajo.cl\/portal\/wp-json\/wp\/v2\/posts\/16736","targetHints":{"allow":["GET"]}}],"collection":[{"href":"https:\/\/eltrabajo.cl\/portal\/wp-json\/wp\/v2\/posts"}],"about":[{"href":"https:\/\/eltrabajo.cl\/portal\/wp-json\/wp\/v2\/types\/post"}],"author":[{"embeddable":true,"href":"https:\/\/eltrabajo.cl\/portal\/wp-json\/wp\/v2\/users\/482"}],"replies":[{"embeddable":true,"href":"https:\/\/eltrabajo.cl\/portal\/wp-json\/wp\/v2\/comments?post=16736"}],"version-history":[{"count":0,"href":"https:\/\/eltrabajo.cl\/portal\/wp-json\/wp\/v2\/posts\/16736\/revisions"}],"wp:featuredmedia":[{"embeddable":true,"href":"https:\/\/eltrabajo.cl\/portal\/wp-json\/wp\/v2\/media\/16737"}],"wp:attachment":[{"href":"https:\/\/eltrabajo.cl\/portal\/wp-json\/wp\/v2\/media?parent=16736"}],"wp:term":[{"taxonomy":"category","embeddable":true,"href":"https:\/\/eltrabajo.cl\/portal\/wp-json\/wp\/v2\/categories?post=16736"},{"taxonomy":"post_tag","embeddable":true,"href":"https:\/\/eltrabajo.cl\/portal\/wp-json\/wp\/v2\/tags?post=16736"}],"curies":[{"name":"wp","href":"https:\/\/api.w.org\/{rel}","templated":true}]}}