{"id":16742,"date":"2012-04-17T10:22:02","date_gmt":"2012-04-17T13:22:02","guid":{"rendered":"http:\/\/www.eltrabajo.cl\/portal\/?p=16742"},"modified":"2012-04-24T11:43:24","modified_gmt":"2012-04-24T14:43:24","slug":"batalla-campal-en-formalizacion-del-confeso-homicida-de-kevin-tapia","status":"publish","type":"post","link":"https:\/\/eltrabajo.cl\/portal\/batalla-campal-en-formalizacion-del-confeso-homicida-de-kevin-tapia\/","title":{"rendered":"Batalla campal en formalizaci\u00f3n del confeso homicida de Kevin Tapia"},"content":{"rendered":"<figure id=\"attachment_16743\" aria-describedby=\"caption-attachment-16743\" style=\"width: 600px\" class=\"wp-caption alignnone\"><a href=\"http:\/\/www.eltrabajo.cl\/portal\/2012\/04\/batalla-campal-en-formalizacion-del-confeso-homicida-de-kevin-tapia\/audiencia-1\/\" rel=\"attachment wp-att-16743\"><img data-recalc-dims=\"1\" loading=\"lazy\" decoding=\"async\" class=\"size-full wp-image-16743\" title=\"AUDIENCIA 1\" src=\"https:\/\/i0.wp.com\/www.eltrabajo.cl\/portal\/wp-content\/uploads\/2012\/04\/AUDIENCIA-1.jpg?resize=600%2C450\" alt=\"\" width=\"600\" height=\"450\" srcset=\"https:\/\/i0.wp.com\/eltrabajo.cl\/portal\/wp-content\/uploads\/2012\/04\/AUDIENCIA-1.jpg?w=600&amp;ssl=1 600w, https:\/\/i0.wp.com\/eltrabajo.cl\/portal\/wp-content\/uploads\/2012\/04\/AUDIENCIA-1.jpg?resize=200%2C150&amp;ssl=1 200w, https:\/\/i0.wp.com\/eltrabajo.cl\/portal\/wp-content\/uploads\/2012\/04\/AUDIENCIA-1.jpg?resize=300%2C225&amp;ssl=1 300w, https:\/\/i0.wp.com\/eltrabajo.cl\/portal\/wp-content\/uploads\/2012\/04\/AUDIENCIA-1.jpg?resize=150%2C112&amp;ssl=1 150w, https:\/\/i0.wp.com\/eltrabajo.cl\/portal\/wp-content\/uploads\/2012\/04\/AUDIENCIA-1.jpg?resize=400%2C300&amp;ssl=1 400w\" sizes=\"auto, (max-width: 600px) 100vw, 600px\" \/><\/a><figcaption id=\"caption-attachment-16743\" class=\"wp-caption-text\">Ambas familias protagonizaron una batalla de proporciones, propin\u00e1ndose jalones de pelo, golpes de pu\u00f1o y amenazas de muerte cuando el Magistrado dispuso su desalojo.<\/figcaption><\/figure>\n<ul>\n<li><strong>En medio de amenazas de muerte familiares de v\u00edctima e imputado se trenzan a golpes al interior del Tribunal. Fiscal detall\u00f3 paso a paso noche del crimen.<\/strong><\/li>\n<\/ul>\n<p>Pablo Salinas Sald\u00edas &#8211; <a href=\"mailto:psalinas@eltrabajo.cl\">psalinas@eltrabajo.cl<\/a><\/p>\n<p>Momentos de alta tensi\u00f3n y nerviosismo se vivieron durante la formalizaci\u00f3n del confeso homicida de Kevin Tapia Tapia, quien falleci\u00f3 v\u00edctima de una herida a bala percutida con un arma de fuego que impact\u00f3 en su pecho, sindicando a Manuel Nazario Sald\u00edvar Vergara como el autor del hecho, el cual fue detenido y formalizado ayer en el Juzgado de Garant\u00eda de San Felipe, en medio de amenazas de muerte y golpes de pies y pu\u00f1os que propinaron los familiares de la v\u00edctima en contra de la familia del imputado en los instantes que se desarrollaba la audiencia, generando un caos de gran magnitud al interior de la sala del Tribunal.<\/p>\n<p>El hecho se produjo alrededor del mediod\u00eda de ayer lunes mientras el Ministerio P\u00fablico, representado por la Fiscal Daniela Quevedo Henr\u00edquez, daba cuenta del homicidio ocurrido la madrugada del domingo pasado, ante el Magistrado Leopoldo Soto, donde se hicieron presente como p\u00fablico asistente los familiares del imputado junto a la familia del fallecido Kevin, a quienes durante el inicio de la audiencia el juez les llam\u00f3 bastantes veces la atenci\u00f3n por los murmullos que interrump\u00edan el relato de los intervinientes.<\/p>\n<figure id=\"attachment_16744\" aria-describedby=\"caption-attachment-16744\" style=\"width: 300px\" class=\"wp-caption alignright\"><a href=\"http:\/\/www.eltrabajo.cl\/portal\/2012\/04\/batalla-campal-en-formalizacion-del-confeso-homicida-de-kevin-tapia\/familia-imputado\/\" rel=\"attachment wp-att-16744\"><img data-recalc-dims=\"1\" loading=\"lazy\" decoding=\"async\" class=\"size-medium wp-image-16744\" title=\"FAMILIA IMPUTADO\" src=\"https:\/\/i0.wp.com\/www.eltrabajo.cl\/portal\/wp-content\/uploads\/2012\/04\/FAMILIA-IMPUTADO-300x225.jpg?resize=300%2C225\" alt=\"\" width=\"300\" height=\"225\" srcset=\"https:\/\/i0.wp.com\/eltrabajo.cl\/portal\/wp-content\/uploads\/2012\/04\/FAMILIA-IMPUTADO.jpg?resize=300%2C225&amp;ssl=1 300w, https:\/\/i0.wp.com\/eltrabajo.cl\/portal\/wp-content\/uploads\/2012\/04\/FAMILIA-IMPUTADO.jpg?resize=200%2C150&amp;ssl=1 200w, https:\/\/i0.wp.com\/eltrabajo.cl\/portal\/wp-content\/uploads\/2012\/04\/FAMILIA-IMPUTADO.jpg?resize=150%2C112&amp;ssl=1 150w, https:\/\/i0.wp.com\/eltrabajo.cl\/portal\/wp-content\/uploads\/2012\/04\/FAMILIA-IMPUTADO.jpg?resize=400%2C300&amp;ssl=1 400w, https:\/\/i0.wp.com\/eltrabajo.cl\/portal\/wp-content\/uploads\/2012\/04\/FAMILIA-IMPUTADO.jpg?w=600&amp;ssl=1 600w\" sizes=\"auto, (max-width: 300px) 100vw, 300px\" \/><\/a><figcaption id=\"caption-attachment-16744\" class=\"wp-caption-text\">La madre y la t\u00eda del confeso homicida temen por sus vidas debido a las amenazas propinadas por la familia del fallecido Kevin Tapia.<\/figcaption><\/figure>\n<p>A ra\u00edz de lo anterior y ante la insistencia, en medio de la formalizaci\u00f3n y por orden del Magistrado se le orden\u00f3 a la familia y cercanos de la v\u00edctima desalojar la sala, circunstancia en la que al iniciar la salida, una mujer golpe\u00f3 a una menor de edad que es amiga de la familia del imputado, lo que gatill\u00f3 que todos se trenzaran a golpes y empujones, debiendo intervenir personal de Gendarmer\u00eda, guardias y Carabineros que casualmente estaban en las afueras de la sala, los que trataron de controlar los incidentes y calmar a los familiares que profer\u00edan a gritos amenazas de muerte que iban dirigidas al imputado y su familia, hasta que desalojaron finalmente por completo a todos los cercanos de la v\u00edctima.<\/p>\n<p><strong>EL HOMICIDIO<\/strong><\/p>\n<p>Tras unos minutos y con tal conmoci\u00f3n, se reanud\u00f3 la audiencia y el relato de los hechos que expuso el Ministerio P\u00fablico y que detallan el brutal homicidio ocurrido la madrugada del pasado d\u00eda 15 de abril, alrededor de las 05:00 horas. cuando Kevin Tapia, de 18 a\u00f1os de edad, caminaba en compa\u00f1\u00eda de unos amigos desde la Villa Departamental hacia la poblaci\u00f3n Chorrillos, en el pasaje Uno, hacia la vivienda de un amigo para continuar bebiendo alcohol. Durante el camino fueron abordados por el imputado, Manuel Nazario Sald\u00edvar, de 23 a\u00f1os de edad, que se acompa\u00f1aba de un amigo y quienes le solicitaron cigarros a Tapia, donde la v\u00edctima respondi\u00f3 no tener, origin\u00e1ndose una discusi\u00f3n que deriv\u00f3 en golpes propinados por la v\u00edctima, arrojando al imputado al suelo para posteriormente abandonar el lugar.<\/p>\n<p>Seg\u00fan se pudo conocer, Kevin y sus amigos se encontraban en las afueras de una vivienda de la poblaci\u00f3n Chorrillos, donde en breves momentos m\u00e1s tarde nuevamente fue increpado por Manuel Nazario y su amigo apodado el \u2018Mickey Mousse\u2019, pero esta vez ven\u00eda armado para intimidarlos con un tiro al aire. Luego se habr\u00eda originado una ri\u00f1a, debiendo intervenir los amigos de la v\u00edctima para apaciguar el momento de ira de los contrincantes, donde el imputado apunt\u00f3 su arma hacia el muchacho disparando un tiro directo en su pecho.<\/p>\n<p>En esos momentos Kevin Tapia, debido al impacto, comenz\u00f3 a sangrar por lo que debi\u00f3 ser trasladado hasta urgencias del Hospital San Camilo, ingresando con un paro cardio respiratorio, siendo constatada su muerte a causa de un proyectil bal\u00edstico con salida homicida que atraves\u00f3 su cuerpo. Hasta el momento se desconoce del autor de las heridas con arma blanca que recibi\u00f3 la v\u00edctima a un costado de su cuerpo por lo que formar\u00e1 parte de la carpeta investigativa.<\/p>\n<p><strong>HOMICIDIO SIMPLE<\/strong><\/p>\n<p>A juicio del Ministerio P\u00fablico, los hechos son constitutivos hasta el momento de un homicidio simple, arriesgando una condena que parte desde los cinco a\u00f1os y un d\u00eda a diez a\u00f1os, seg\u00fan declar\u00f3 la Fiscal Daniela Quevedo: \u201cHay declaraciones de tres testigos presenciales y uno m\u00e1s que ve la primera discusi\u00f3n que fue expuesta ante funcionarios de la SIP de Carabineros y posteriormente ante la Brigada de Homicidios de la PDI. Esa es la prueba fundamental. Luego el imputado, tras ser detenido, relata otra historia, pero se sit\u00faa en el sitio de los hechos. Ahora se realizar\u00e1n los peritajes puesto que se encontr\u00f3 el arma en la v\u00eda p\u00fablica y las vainillas en el sitio del suceso. Formalic\u00e9 por homicidio simple por el momento porque yo dir\u00eda que si existen antecedentes para acreditar una premeditaci\u00f3n en sentido que hay un primer encuentro, luego se va hacia su casa pero regresa a encontrarse y lo hace con arma de fuego (\u2026) entonces ya hay una premeditaci\u00f3n en querer matar y planificar en ir a buscar el arma, pero eso hay que acreditarlo, por eso yo todav\u00eda no lo califico, pero s\u00ed hay antecedentes para acreditar un homicidio simple que parte de los 5 a\u00f1os y un d\u00eda hasta los 10 a\u00f1os\u201d, sostiene la Fiscal.<\/p>\n<p>En virtud a lo sucedido durante el desarrollo de la formalizaci\u00f3n, la representante del Ministerio P\u00fablico manifest\u00f3: \u201cCon respecto a las amenazas por parte de una persona que estaba en el p\u00fablico, m\u00e1s all\u00e1 del delito de amenazas, haciendo un an\u00e1lisis de la situaci\u00f3n que se pudo dar con agresiones, porque yo vi a una mujer que le tom\u00f3 el pelo a otra mujer y que le sac\u00f3 pelo, esas son lesiones, es una agresi\u00f3n, pero ah\u00ed uno puede ver la capacidad del Tribunal que est\u00e1 Gendarmer\u00eda bajo resguardo, de la poca capacidad que no se produzcan ese tipo de situaciones, hab\u00edan dos testigos que eran Carabineros que esperaban por un juicio simplificado que ven\u00eda posterior a esa audiencia que tuvieron que ingresar para prestar colaboraci\u00f3n, m\u00e1s los dos guardias del tribunal, m\u00e1s los dos gendarmes y no fueron capaces de evitar eso, adem\u00e1s podr\u00edan haber agredido al defensor, podr\u00edan haber agredido al imputado, a m\u00ed o al Tribunal, en realidad pudieron haber hecho lo que quisieran si hubiesen tenido un arma, por ejemplo o cualquier objeto punzante, podr\u00edan haber agredido perfectamente, entonces hay que tener bien presente\u201d, concluy\u00f3 la persecutora.<\/p>\n<p><strong>LA FAMILIA DEL IMPUTADO<\/strong><\/p>\n<p>Sin embargo Mar\u00eda Carvajal, quien es t\u00eda del imputado y que fue agredida por la familia de Kevin, entreg\u00f3 otra versi\u00f3n de los hechos a Diario El Trabajo: \u201cNazario andaba con una c\u00e1mara de video y ellos se la quitaron y \u00e9l se devolvi\u00f3 a buscar su c\u00e1mara producto del asalto, m\u00e1s encima estamos todos amenazados. Nosotros ven\u00edamos de la discotheque Kamikaze y yo tengo pruebas (\u2026) Se origin\u00f3 un asalto por eso se produjo una ri\u00f1a, la v\u00edctima asalt\u00f3 a Nazario y eso fue todo, de que fue Nazario\u2026 fue Nazario, pero fue en defensa propia; \u00e9l reconoce que lo mat\u00f3, no fue porque quiso matarlo, porque \u00e9l no es un asesino, \u00e9l tiene hijos, tiene familia, se le escap\u00f3 de las manos, no s\u00e9, pero ten\u00eda que defenderse. El \u2018Mickey Mousse\u2019 tengo entendido que se escap\u00f3 a Santiago, pero yo no tengo idea, me encantar\u00eda que llegara \u00e9l para que d\u00e9 su testimonio (\u2026) mi sobrino no mat\u00f3 a una blanca paloma, no mat\u00f3 a una persona de esfuerzo, Nazario andaba drogado y alcoholizado\u201d, se\u00f1ala Mar\u00eda.<\/p>\n<p>Asimismo, la madre del imputado, Ver\u00f3nica Vergara, nos relata brevemente: \u201cYo temo que vayan a hacer tira el departamento o nos vayan a matar a uno de los ni\u00f1os de nosotros, porque ya est\u00e1n gritando. Temo por mi vida, pero denunciamos esta agresi\u00f3n ante Carabineros e Investigaciones.<\/p>\n<p>El imputado finalmente fue formalizado, decret\u00e1ndose la medida cautelar de prisi\u00f3n preventiva a petici\u00f3n del Ministerio P\u00fablico, por ser considerado un peligro para la sociedad, dado que mantiene antecedentes de condenas por control de armas y explosivos emanada de la Fiscal\u00eda Militar, adem\u00e1s de su participaci\u00f3n en un delito de drogas, por lo que el Magistrado acogi\u00f3 dicha petici\u00f3n, estableciendo un plazo de 100 d\u00edas para la investigaci\u00f3n del caso, ordenando su traslado hasta el Centro de Cumplimiento Penitenciario de Los Andes.<\/p>\n<p>&nbsp;<\/p>\n<div class=\"jetpack-video-wrapper\"><iframe loading=\"lazy\" title=\"Familias se trenzan a golpes en pleno Tribunal cuando formalizan a homicida de Kevin Tapia\" width=\"640\" height=\"360\" src=\"https:\/\/www.youtube.com\/embed\/HsMNnCrsryM?feature=oembed\" frameborder=\"0\" allow=\"accelerometer; autoplay; clipboard-write; encrypted-media; gyroscope; picture-in-picture; web-share\" referrerpolicy=\"strict-origin-when-cross-origin\" allowfullscreen><\/iframe><\/div>\n","protected":false},"excerpt":{"rendered":"<p>En medio de amenazas de muerte familiares de v\u00edctima e imputado se trenzan a golpes al interior del Tribunal. Fiscal detall\u00f3 paso a paso noche del crimen. Pablo Salinas Sald\u00edas &#8211; psalinas@eltrabajo.cl&#8230;<\/p>\n","protected":false},"author":482,"featured_media":16743,"comment_status":"closed","ping_status":"open","sticky":false,"template":"","format":"standard","meta":{"advanced_seo_description":"","jetpack_seo_html_title":"","jetpack_seo_noindex":false,"_jetpack_memberships_contains_paid_content":false,"footnotes":""},"categories":[21],"tags":[],"class_list":["post-16742","post","type-post","status-publish","format-standard","has-post-thumbnail","hentry","category-policial"],"jetpack_featured_media_url":"https:\/\/i0.wp.com\/eltrabajo.cl\/portal\/wp-content\/uploads\/2012\/04\/AUDIENCIA-1.jpg?fit=600%2C450&ssl=1","jetpack_sharing_enabled":true,"jetpack_likes_enabled":true,"jetpack-related-posts":[],"_links":{"self":[{"href":"https:\/\/eltrabajo.cl\/portal\/wp-json\/wp\/v2\/posts\/16742","targetHints":{"allow":["GET"]}}],"collection":[{"href":"https:\/\/eltrabajo.cl\/portal\/wp-json\/wp\/v2\/posts"}],"about":[{"href":"https:\/\/eltrabajo.cl\/portal\/wp-json\/wp\/v2\/types\/post"}],"author":[{"embeddable":true,"href":"https:\/\/eltrabajo.cl\/portal\/wp-json\/wp\/v2\/users\/482"}],"replies":[{"embeddable":true,"href":"https:\/\/eltrabajo.cl\/portal\/wp-json\/wp\/v2\/comments?post=16742"}],"version-history":[{"count":0,"href":"https:\/\/eltrabajo.cl\/portal\/wp-json\/wp\/v2\/posts\/16742\/revisions"}],"wp:featuredmedia":[{"embeddable":true,"href":"https:\/\/eltrabajo.cl\/portal\/wp-json\/wp\/v2\/media\/16743"}],"wp:attachment":[{"href":"https:\/\/eltrabajo.cl\/portal\/wp-json\/wp\/v2\/media?parent=16742"}],"wp:term":[{"taxonomy":"category","embeddable":true,"href":"https:\/\/eltrabajo.cl\/portal\/wp-json\/wp\/v2\/categories?post=16742"},{"taxonomy":"post_tag","embeddable":true,"href":"https:\/\/eltrabajo.cl\/portal\/wp-json\/wp\/v2\/tags?post=16742"}],"curies":[{"name":"wp","href":"https:\/\/api.w.org\/{rel}","templated":true}]}}