{"id":17134,"date":"2012-04-26T09:36:53","date_gmt":"2012-04-26T12:36:53","guid":{"rendered":"http:\/\/www.eltrabajo.cl\/portal\/?p=17134"},"modified":"2012-05-03T08:32:41","modified_gmt":"2012-05-03T12:32:41","slug":"con-diversas-actividades-escuela-de-granallas-celebra-su-aniversario-45","status":"publish","type":"post","link":"https:\/\/eltrabajo.cl\/portal\/con-diversas-actividades-escuela-de-granallas-celebra-su-aniversario-45\/","title":{"rendered":"Con diversas actividades escuela de Granallas celebra su aniversario 45"},"content":{"rendered":"<figure id=\"attachment_17135\" aria-describedby=\"caption-attachment-17135\" style=\"width: 600px\" class=\"wp-caption alignnone\"><a href=\"http:\/\/www.eltrabajo.cl\/portal\/2012\/04\/con-diversas-actividades-escuela-de-granallas-celebra-su-aniversario-45\/alumnos-escuela-granallas\/\" rel=\"attachment wp-att-17135\"><img data-recalc-dims=\"1\" loading=\"lazy\" decoding=\"async\" class=\"size-full wp-image-17135\" title=\"alumnos escuela granallas\" src=\"https:\/\/i0.wp.com\/www.eltrabajo.cl\/portal\/wp-content\/uploads\/2012\/04\/alumnos-escuela-granallas.jpg?resize=600%2C450\" alt=\"\" width=\"600\" height=\"450\" srcset=\"https:\/\/i0.wp.com\/eltrabajo.cl\/portal\/wp-content\/uploads\/2012\/04\/alumnos-escuela-granallas.jpg?w=600&amp;ssl=1 600w, https:\/\/i0.wp.com\/eltrabajo.cl\/portal\/wp-content\/uploads\/2012\/04\/alumnos-escuela-granallas.jpg?resize=200%2C150&amp;ssl=1 200w, https:\/\/i0.wp.com\/eltrabajo.cl\/portal\/wp-content\/uploads\/2012\/04\/alumnos-escuela-granallas.jpg?resize=300%2C225&amp;ssl=1 300w, https:\/\/i0.wp.com\/eltrabajo.cl\/portal\/wp-content\/uploads\/2012\/04\/alumnos-escuela-granallas.jpg?resize=150%2C112&amp;ssl=1 150w, https:\/\/i0.wp.com\/eltrabajo.cl\/portal\/wp-content\/uploads\/2012\/04\/alumnos-escuela-granallas.jpg?resize=400%2C300&amp;ssl=1 400w\" sizes=\"auto, (max-width: 600px) 100vw, 600px\" \/><\/a><figcaption id=\"caption-attachment-17135\" class=\"wp-caption-text\">Los alumnos del colegio tienen el compromiso junto a sus padres de cuidar los \u00fatiles escolares que les son regalados.<\/figcaption><\/figure>\n<p><strong>PUTAENDO.-<\/strong> La escuela Gast\u00f3n Hormaz\u00e1bal de Granallas\u00a0 se encuentra celebrando su semana aniversario con interesantes actividades, entre las que se realiz\u00f3 la entrega de \u00fatiles escolares a los estudiantes y un peque\u00f1o campeonato de ajedrez.<\/p>\n<figure id=\"attachment_17136\" aria-describedby=\"caption-attachment-17136\" style=\"width: 300px\" class=\"wp-caption alignright\"><a href=\"http:\/\/www.eltrabajo.cl\/portal\/2012\/04\/con-diversas-actividades-escuela-de-granallas-celebra-su-aniversario-45\/entrega-de-utiles\/\" rel=\"attachment wp-att-17136\"><img data-recalc-dims=\"1\" loading=\"lazy\" decoding=\"async\" class=\"size-medium wp-image-17136\" title=\"entrega de utiles\" src=\"https:\/\/i0.wp.com\/www.eltrabajo.cl\/portal\/wp-content\/uploads\/2012\/04\/entrega-de-utiles-300x225.jpg?resize=300%2C225\" alt=\"\" width=\"300\" height=\"225\" srcset=\"https:\/\/i0.wp.com\/eltrabajo.cl\/portal\/wp-content\/uploads\/2012\/04\/entrega-de-utiles.jpg?resize=300%2C225&amp;ssl=1 300w, https:\/\/i0.wp.com\/eltrabajo.cl\/portal\/wp-content\/uploads\/2012\/04\/entrega-de-utiles.jpg?resize=200%2C150&amp;ssl=1 200w, https:\/\/i0.wp.com\/eltrabajo.cl\/portal\/wp-content\/uploads\/2012\/04\/entrega-de-utiles.jpg?resize=150%2C112&amp;ssl=1 150w, https:\/\/i0.wp.com\/eltrabajo.cl\/portal\/wp-content\/uploads\/2012\/04\/entrega-de-utiles.jpg?resize=400%2C300&amp;ssl=1 400w, https:\/\/i0.wp.com\/eltrabajo.cl\/portal\/wp-content\/uploads\/2012\/04\/entrega-de-utiles.jpg?w=600&amp;ssl=1 600w\" sizes=\"auto, (max-width: 300px) 100vw, 300px\" \/><\/a><figcaption id=\"caption-attachment-17136\" class=\"wp-caption-text\">Los alumnos felices recibieron sus \u00fatiles escolares adquiridos por el colegio gracias a los recursos de la ley  CEP.<\/figcaption><\/figure>\n<p>La ma\u00f1ana de este d\u00eda martes y con la presencia del alcalde Guillermo Reyes,\u00a0 el suboficial mayor de Carabineros\u00a0 Pedro Moreno, la madre del maestro ajedrecista Iv\u00e1n Morovich, el jefe del departamento de educaci\u00f3n municipal, padres y apoderados del establecimiento, se realiz\u00f3 la entrega de \u00fatiles escolares adquiridos por el mismo colegio gracias a los recursos de la ley\u00a0\u00a0 CEP que este colegio ocupa todos los a\u00f1os en dotar de \u00fatiles a los distintos alumnos de dicho establecimiento, medida que fue muy\u00a0 bien recibida por los apoderados que firmaron un compromiso sobre el buen uso de dichos \u00fatiles.<\/p>\n<p>Posteriormente se entregaron reconocimientos a Carabineros por su constante apoyo a las actividades del colegio y con motivo del aniversario institucional, adem\u00e1s de reconocimientos a los alumnos del colegio San Alberto de Guzmanes, liceo Manuel Mar\u00edn Fritis\u00a0 y a la madre del reconocido maestro ajedrecista Iv\u00e1n Morovich , la se\u00f1ora\u00a0 Erica Fern\u00e1ndez.<\/p>\n<figure id=\"attachment_17137\" aria-describedby=\"caption-attachment-17137\" style=\"width: 300px\" class=\"wp-caption alignleft\"><a href=\"http:\/\/www.eltrabajo.cl\/portal\/2012\/04\/con-diversas-actividades-escuela-de-granallas-celebra-su-aniversario-45\/ajedrez\/\" rel=\"attachment wp-att-17137\"><img data-recalc-dims=\"1\" loading=\"lazy\" decoding=\"async\" class=\"size-medium wp-image-17137\" title=\"ajedrez\" src=\"https:\/\/i0.wp.com\/www.eltrabajo.cl\/portal\/wp-content\/uploads\/2012\/04\/ajedrez-300x225.jpg?resize=300%2C225\" alt=\"\" width=\"300\" height=\"225\" srcset=\"https:\/\/i0.wp.com\/eltrabajo.cl\/portal\/wp-content\/uploads\/2012\/04\/ajedrez.jpg?resize=300%2C225&amp;ssl=1 300w, https:\/\/i0.wp.com\/eltrabajo.cl\/portal\/wp-content\/uploads\/2012\/04\/ajedrez.jpg?resize=200%2C150&amp;ssl=1 200w, https:\/\/i0.wp.com\/eltrabajo.cl\/portal\/wp-content\/uploads\/2012\/04\/ajedrez.jpg?resize=150%2C112&amp;ssl=1 150w, https:\/\/i0.wp.com\/eltrabajo.cl\/portal\/wp-content\/uploads\/2012\/04\/ajedrez.jpg?resize=400%2C300&amp;ssl=1 400w, https:\/\/i0.wp.com\/eltrabajo.cl\/portal\/wp-content\/uploads\/2012\/04\/ajedrez.jpg?w=600&amp;ssl=1 600w\" sizes=\"auto, (max-width: 300px) 100vw, 300px\" \/><\/a><figcaption id=\"caption-attachment-17137\" class=\"wp-caption-text\">En la oportunidad se realiz\u00f3 un peque\u00f1o torneo de ajedrez.<\/figcaption><\/figure>\n<p>Fue el Suboficial \u00a0Mayor de Carabineros, Pedro Moreno, el encargado de mover simb\u00f3licamente la primera pieza del enorme\u00a0 tablero de ajedrez de los hermanos Quijanes, donde el ajedrecista Julio Quijanes se encarg\u00f3 de realizar el peque\u00f1o campeonato de ajedrez\u00a0 escolar.<\/p>\n<p>Las actividades de celebraci\u00f3n de los 45 a\u00f1os de la escuela Gast\u00f3n Hormaz\u00e1bal continuar\u00edan con una cicletada\u00a0 familiar ayer mi\u00e9rcoles, la celebraci\u00f3n\u00a0 del D\u00eda de la Cultura hoy jueves y\u00a0 \u00a0el concurso escolar al aire libre en el sector del Estero Seco\u00a0 el d\u00eda viernes 27 de abril,\u00a0 d\u00eda en que se celebra oficialmente el aniversario n\u00famero 45\u00a0 de la escuela Gast\u00f3n Hormaz\u00e1bal de Granallas, cuyo director es el profesor Gino Ulloa.<\/p>\n<p><strong>Patricio Gallardo M.<\/strong><\/p>\n","protected":false},"excerpt":{"rendered":"<p>PUTAENDO.- La escuela Gast\u00f3n Hormaz\u00e1bal de Granallas\u00a0 se encuentra celebrando su semana aniversario con interesantes actividades, entre las que se realiz\u00f3 la entrega de \u00fatiles escolares a los estudiantes y un peque\u00f1o&#8230;<\/p>\n","protected":false},"author":1,"featured_media":17135,"comment_status":"open","ping_status":"open","sticky":false,"template":"","format":"standard","meta":{"advanced_seo_description":"","jetpack_seo_html_title":"","jetpack_seo_noindex":false,"_jetpack_memberships_contains_paid_content":false,"footnotes":""},"categories":[1],"tags":[],"class_list":["post-17134","post","type-post","status-publish","format-standard","has-post-thumbnail","hentry","category-cronica"],"jetpack_featured_media_url":"https:\/\/i0.wp.com\/eltrabajo.cl\/portal\/wp-content\/uploads\/2012\/04\/alumnos-escuela-granallas.jpg?fit=600%2C450&ssl=1","jetpack_sharing_enabled":true,"jetpack_likes_enabled":true,"jetpack-related-posts":[],"_links":{"self":[{"href":"https:\/\/eltrabajo.cl\/portal\/wp-json\/wp\/v2\/posts\/17134","targetHints":{"allow":["GET"]}}],"collection":[{"href":"https:\/\/eltrabajo.cl\/portal\/wp-json\/wp\/v2\/posts"}],"about":[{"href":"https:\/\/eltrabajo.cl\/portal\/wp-json\/wp\/v2\/types\/post"}],"author":[{"embeddable":true,"href":"https:\/\/eltrabajo.cl\/portal\/wp-json\/wp\/v2\/users\/1"}],"replies":[{"embeddable":true,"href":"https:\/\/eltrabajo.cl\/portal\/wp-json\/wp\/v2\/comments?post=17134"}],"version-history":[{"count":0,"href":"https:\/\/eltrabajo.cl\/portal\/wp-json\/wp\/v2\/posts\/17134\/revisions"}],"wp:featuredmedia":[{"embeddable":true,"href":"https:\/\/eltrabajo.cl\/portal\/wp-json\/wp\/v2\/media\/17135"}],"wp:attachment":[{"href":"https:\/\/eltrabajo.cl\/portal\/wp-json\/wp\/v2\/media?parent=17134"}],"wp:term":[{"taxonomy":"category","embeddable":true,"href":"https:\/\/eltrabajo.cl\/portal\/wp-json\/wp\/v2\/categories?post=17134"},{"taxonomy":"post_tag","embeddable":true,"href":"https:\/\/eltrabajo.cl\/portal\/wp-json\/wp\/v2\/tags?post=17134"}],"curies":[{"name":"wp","href":"https:\/\/api.w.org\/{rel}","templated":true}]}}