{"id":17142,"date":"2012-04-26T09:38:29","date_gmt":"2012-04-26T12:38:29","guid":{"rendered":"http:\/\/www.eltrabajo.cl\/portal\/?p=17142"},"modified":"2012-05-03T08:32:41","modified_gmt":"2012-05-03T12:32:41","slug":"en-septiembre-se-inaugurara-gran-media-luna-comunal-de-putaendo","status":"publish","type":"post","link":"https:\/\/eltrabajo.cl\/portal\/en-septiembre-se-inaugurara-gran-media-luna-comunal-de-putaendo\/","title":{"rendered":"En septiembre se inaugurar\u00e1 gran Media Luna Comunal de Putaendo"},"content":{"rendered":"<figure id=\"attachment_17143\" aria-describedby=\"caption-attachment-17143\" style=\"width: 600px\" class=\"wp-caption alignnone\"><a href=\"http:\/\/www.eltrabajo.cl\/portal\/2012\/04\/en-septiembre-se-inaugurara-gran-media-luna-comunal-de-putaendo\/alcalde-se-reune-con-presidentes-clubes-de-rodeo-de-putaendo\/\" rel=\"attachment wp-att-17143\"><img data-recalc-dims=\"1\" loading=\"lazy\" decoding=\"async\" class=\"size-full wp-image-17143\" title=\"Alcalde se reune con presidentes clubes de rodeo de Putaendo\" src=\"https:\/\/i0.wp.com\/www.eltrabajo.cl\/portal\/wp-content\/uploads\/2012\/04\/Alcalde-se-reune-con-presidentes-clubes-de-rodeo-de-Putaendo.jpg?resize=600%2C400\" alt=\"\" width=\"600\" height=\"400\" srcset=\"https:\/\/i0.wp.com\/eltrabajo.cl\/portal\/wp-content\/uploads\/2012\/04\/Alcalde-se-reune-con-presidentes-clubes-de-rodeo-de-Putaendo.jpg?w=600&amp;ssl=1 600w, https:\/\/i0.wp.com\/eltrabajo.cl\/portal\/wp-content\/uploads\/2012\/04\/Alcalde-se-reune-con-presidentes-clubes-de-rodeo-de-Putaendo.jpg?resize=200%2C133&amp;ssl=1 200w, https:\/\/i0.wp.com\/eltrabajo.cl\/portal\/wp-content\/uploads\/2012\/04\/Alcalde-se-reune-con-presidentes-clubes-de-rodeo-de-Putaendo.jpg?resize=300%2C200&amp;ssl=1 300w, https:\/\/i0.wp.com\/eltrabajo.cl\/portal\/wp-content\/uploads\/2012\/04\/Alcalde-se-reune-con-presidentes-clubes-de-rodeo-de-Putaendo.jpg?resize=150%2C100&amp;ssl=1 150w, https:\/\/i0.wp.com\/eltrabajo.cl\/portal\/wp-content\/uploads\/2012\/04\/Alcalde-se-reune-con-presidentes-clubes-de-rodeo-de-Putaendo.jpg?resize=400%2C266&amp;ssl=1 400w\" sizes=\"auto, (max-width: 600px) 100vw, 600px\" \/><\/a><figcaption id=\"caption-attachment-17143\" class=\"wp-caption-text\">El Alcalde Guillermo inform\u00f3 personalmente la buena nueva a los presidentes de clubes de rodeo de Putaendo.<\/figcaption><\/figure>\n<p><strong>PUTAENDO.-<\/strong> En el transcurso del mes de septiembre se inaugurar\u00e1 la Media Luna Comunal de Putaendo. As\u00ed lo inform\u00f3 el Alcalde Guillermo Reyes a los presidentes de las asociaciones de rodeo Federado y Laboral de Putaendo, quienes, seg\u00fan comunic\u00f3 el edil, tendr\u00e1n una participaci\u00f3n activa en el proyecto de construcci\u00f3n y en el calendario de actividades que parti\u00f3 hace pocos d\u00edas con la firma del contrato y la entrega de terrenos de la nueva Media Luna Comunal.<\/p>\n<p>Por todos es sabido que este millonario proyecto viene a recuperar la maltra\u00edda medialuna del Parque Municipal que durante a\u00f1os fue utilizada por los clubes de rodeo de la comuna, quienes vieron como d\u00eda a d\u00eda el hist\u00f3rico recinto era desmantelado. \u201cHemos recuperado un trascendental espacio para los vecinos, el que ser\u00e1 al igual que el parque municipal, un lugar de orgullo, no s\u00f3lo para el mundo del rodeo, sino para todos los putaendinos\u201d, coment\u00f3 la autoridad comunal.<\/p>\n<p>Este esperado proyecto que ya comenz\u00f3 su programa de actividades, tiene proyectado para el pr\u00f3ximo mi\u00e9rcoles 8 de mayo la demolici\u00f3n de los restos de la antigua media luna, ceremonia a la cual asistir\u00e1n dirigentes de los clubes de Putaendo, el Alcalde Guillermo Reyes, entre otras autoridades. Despu\u00e9s de aquella actividad los presidentes de los clubes tendr\u00e1n una reuni\u00f3n con el equipo t\u00e9cnico municipal y el contratista de la obra, para darle una nueva revisi\u00f3n al proyecto y asimismo intercambiar experiencias y conocimientos respecto a la construcci\u00f3n y utilizaci\u00f3n de medialunas.<\/p>\n<p>Una importante participaci\u00f3n de los clubes, quienes al mismo tiempo pretenden validarse a trav\u00e9s de su directiva para poder ingresar a la obra cuando estimen necesario y hacer los aportes que ellos consideren pertinentes. \u201cLa idea tambi\u00e9n es que puedan hacer un reglamento de uso de la media luna, consensuados con los clubes de huasos, en relaci\u00f3n a los montos, actas de entrega y arriendos, entre otros puntos\u201d, detall\u00f3 el edil.<\/p>\n<p>Programa de actividades que busca dejar todo preparado para la gran inauguraci\u00f3n que se llevar\u00e1 a cabo el d\u00eda domingo 9 de septiembre de este a\u00f1o, donde en consenso entre el municipio y los presidentes de los clubes de rodeo, se realizar\u00e1 una espectacular fiesta costumbrista, con granjas educativas, la corrida de algunos novillos y posiblemente un evento art\u00edstico que dar\u00e1 realce a tan trascendente y esperado proyecto, que volver\u00e1 a poner a Putaendo como protagonista de \u00e9ste deporte nacional.<\/p>\n","protected":false},"excerpt":{"rendered":"<p>PUTAENDO.- En el transcurso del mes de septiembre se inaugurar\u00e1 la Media Luna Comunal de Putaendo. As\u00ed lo inform\u00f3 el Alcalde Guillermo Reyes a los presidentes de las asociaciones de rodeo Federado&#8230;<\/p>\n","protected":false},"author":1,"featured_media":17143,"comment_status":"open","ping_status":"open","sticky":false,"template":"","format":"standard","meta":{"advanced_seo_description":"","jetpack_seo_html_title":"","jetpack_seo_noindex":false,"_jetpack_memberships_contains_paid_content":false,"footnotes":""},"categories":[1],"tags":[],"class_list":["post-17142","post","type-post","status-publish","format-standard","has-post-thumbnail","hentry","category-cronica"],"jetpack_featured_media_url":"https:\/\/i0.wp.com\/eltrabajo.cl\/portal\/wp-content\/uploads\/2012\/04\/Alcalde-se-reune-con-presidentes-clubes-de-rodeo-de-Putaendo.jpg?fit=600%2C400&ssl=1","jetpack_sharing_enabled":true,"jetpack_likes_enabled":true,"jetpack-related-posts":[],"_links":{"self":[{"href":"https:\/\/eltrabajo.cl\/portal\/wp-json\/wp\/v2\/posts\/17142","targetHints":{"allow":["GET"]}}],"collection":[{"href":"https:\/\/eltrabajo.cl\/portal\/wp-json\/wp\/v2\/posts"}],"about":[{"href":"https:\/\/eltrabajo.cl\/portal\/wp-json\/wp\/v2\/types\/post"}],"author":[{"embeddable":true,"href":"https:\/\/eltrabajo.cl\/portal\/wp-json\/wp\/v2\/users\/1"}],"replies":[{"embeddable":true,"href":"https:\/\/eltrabajo.cl\/portal\/wp-json\/wp\/v2\/comments?post=17142"}],"version-history":[{"count":0,"href":"https:\/\/eltrabajo.cl\/portal\/wp-json\/wp\/v2\/posts\/17142\/revisions"}],"wp:featuredmedia":[{"embeddable":true,"href":"https:\/\/eltrabajo.cl\/portal\/wp-json\/wp\/v2\/media\/17143"}],"wp:attachment":[{"href":"https:\/\/eltrabajo.cl\/portal\/wp-json\/wp\/v2\/media?parent=17142"}],"wp:term":[{"taxonomy":"category","embeddable":true,"href":"https:\/\/eltrabajo.cl\/portal\/wp-json\/wp\/v2\/categories?post=17142"},{"taxonomy":"post_tag","embeddable":true,"href":"https:\/\/eltrabajo.cl\/portal\/wp-json\/wp\/v2\/tags?post=17142"}],"curies":[{"name":"wp","href":"https:\/\/api.w.org\/{rel}","templated":true}]}}