{"id":17146,"date":"2012-04-26T09:39:40","date_gmt":"2012-04-26T12:39:40","guid":{"rendered":"http:\/\/www.eltrabajo.cl\/portal\/?p=17146"},"modified":"2012-05-03T08:32:41","modified_gmt":"2012-05-03T12:32:41","slug":"cuatro-escuelas-municipales-de-los-andes-con-excelencia-academica","status":"publish","type":"post","link":"https:\/\/eltrabajo.cl\/portal\/cuatro-escuelas-municipales-de-los-andes-con-excelencia-academica\/","title":{"rendered":"Cuatro escuelas municipales de Los Andes con excelencia acad\u00e9mica"},"content":{"rendered":"<figure id=\"attachment_17147\" aria-describedby=\"caption-attachment-17147\" style=\"width: 600px\" class=\"wp-caption alignnone\"><a href=\"http:\/\/www.eltrabajo.cl\/portal\/2012\/04\/cuatro-escuelas-municipales-de-los-andes-con-excelencia-academica\/escuelas-excelencia\/\" rel=\"attachment wp-att-17147\"><img data-recalc-dims=\"1\" loading=\"lazy\" decoding=\"async\" class=\"size-full wp-image-17147\" title=\"escuelas-excelencia\" src=\"https:\/\/i0.wp.com\/www.eltrabajo.cl\/portal\/wp-content\/uploads\/2012\/04\/escuelas-excelencia.jpg?resize=600%2C463\" alt=\"\" width=\"600\" height=\"463\" srcset=\"https:\/\/i0.wp.com\/eltrabajo.cl\/portal\/wp-content\/uploads\/2012\/04\/escuelas-excelencia.jpg?w=600&amp;ssl=1 600w, https:\/\/i0.wp.com\/eltrabajo.cl\/portal\/wp-content\/uploads\/2012\/04\/escuelas-excelencia.jpg?resize=194%2C150&amp;ssl=1 194w, https:\/\/i0.wp.com\/eltrabajo.cl\/portal\/wp-content\/uploads\/2012\/04\/escuelas-excelencia.jpg?resize=300%2C231&amp;ssl=1 300w, https:\/\/i0.wp.com\/eltrabajo.cl\/portal\/wp-content\/uploads\/2012\/04\/escuelas-excelencia.jpg?resize=150%2C115&amp;ssl=1 150w, https:\/\/i0.wp.com\/eltrabajo.cl\/portal\/wp-content\/uploads\/2012\/04\/escuelas-excelencia.jpg?resize=400%2C308&amp;ssl=1 400w\" sizes=\"auto, (max-width: 600px) 100vw, 600px\" \/><\/a><figcaption id=\"caption-attachment-17147\" class=\"wp-caption-text\">Los Directores de las escuelas Ignacio Carrera Pinto, El Sauce, R\u00edo Blanco y Valle Andino de Los Andes, lograron la acreditaci\u00f3n de excelencia acad\u00e9mica entregada por el Ministerio de Educaci\u00f3n.<\/figcaption><\/figure>\n<p><strong>LOS ANDES.-<\/strong> Las escuelas Ignacio Carrera Pinto, El Sauce, R\u00edo Blanco y Valle Andino de la comuna de Los Andes lograron la acreditaci\u00f3n de excelencia acad\u00e9mica entregada por el Ministerio de Educaci\u00f3n.<\/p>\n<p>Para lograr esta acreditaci\u00f3n los colegios debieron presentar ante el Mineduc sus estrategias metodol\u00f3gicas, innovaciones curriculares y mejoras en la infraestructura.<\/p>\n<p>Por esta acreditaci\u00f3n, que tiene una duraci\u00f3n de dos a\u00f1os, los establecimientos percibir\u00e1n un beneficio econ\u00f3mico consistente en el aumento de las remuneraciones de los profesores y de los asistentes de la educaci\u00f3n.<\/p>\n<p>Sobre este logro, la directora de la Daem, Mar\u00eda Soledad Reinoso, sostuvo que es una gratificaci\u00f3n muy grande saber que cuatro colegios p\u00fablicos de la comuna, que atienden a ni\u00f1os de alta vulnerabilidad, han logrado estos importantes resultados acad\u00e9micos.<\/p>\n<p>\u201cAqu\u00ed se les reconoce los m\u00e9ritos acad\u00e9micos, se reconoce el compromiso de los padres, de los docentes y todo lo que significa el proceso tanto acad\u00e9mico como deportivo y en todas las instancias que tenga el establecimiento, y por ende estos colegios se hacen merecedores a esta distinci\u00f3n\u201d, expres\u00f3 la Jefa de la Daem.<\/p>\n<p>En tanto, la directora de la escuela El Sauce, Lilian Uribe, destac\u00f3 que su unidad educativa \u201cha mantenido la excelencia acad\u00e9mica por cinco per\u00edodos consecutivos, sumando 10 a\u00f1os con esta \u00faltima nominaci\u00f3n\u201d.<\/p>\n<p>Marisol G\u00e1lvez dirige la escuela Ignacio Carrera Pinto y confiesa que \u201ces un honor haber podido recuperar esta distinci\u00f3n que se hab\u00eda perdido. Ha sido un trabajo en equipo con un apoyo fundamental del DaemM en lo relacionado a gesti\u00f3n curricular y perfeccionamiento docente\u201d.<\/p>\n<p>Asimismo la directora de la Escuela Especial Valle Andino, Victoria Pavez, destac\u00f3 \u201cel apoyo de los padres y apoderados que est\u00e1n haciendo una labor en conjunto al colegio, haciendo gratificador este trabajo\u201d.<\/p>\n<p>Finalmente el director de la escuela R\u00edo Blanco, Claudio Sep\u00falveda, dijo que \u201cel establecimiento recibe por segundo a\u00f1o consecutivo la Excelencia Acad\u00e9mica, lo que representa el reconocimiento que hace el pa\u00eds al trabajo de una escuela que est\u00e1 en la cordillera de Los Andes\u201d.<\/p>\n","protected":false},"excerpt":{"rendered":"<p>LOS ANDES.- Las escuelas Ignacio Carrera Pinto, El Sauce, R\u00edo Blanco y Valle Andino de la comuna de Los Andes lograron la acreditaci\u00f3n de excelencia acad\u00e9mica entregada por el Ministerio de Educaci\u00f3n&#8230;.<\/p>\n","protected":false},"author":1,"featured_media":17147,"comment_status":"open","ping_status":"open","sticky":false,"template":"","format":"standard","meta":{"advanced_seo_description":"","jetpack_seo_html_title":"","jetpack_seo_noindex":false,"_jetpack_memberships_contains_paid_content":false,"footnotes":""},"categories":[1],"tags":[],"class_list":["post-17146","post","type-post","status-publish","format-standard","has-post-thumbnail","hentry","category-cronica"],"jetpack_featured_media_url":"https:\/\/i0.wp.com\/eltrabajo.cl\/portal\/wp-content\/uploads\/2012\/04\/escuelas-excelencia.jpg?fit=600%2C463&ssl=1","jetpack_sharing_enabled":true,"jetpack_likes_enabled":true,"jetpack-related-posts":[],"_links":{"self":[{"href":"https:\/\/eltrabajo.cl\/portal\/wp-json\/wp\/v2\/posts\/17146","targetHints":{"allow":["GET"]}}],"collection":[{"href":"https:\/\/eltrabajo.cl\/portal\/wp-json\/wp\/v2\/posts"}],"about":[{"href":"https:\/\/eltrabajo.cl\/portal\/wp-json\/wp\/v2\/types\/post"}],"author":[{"embeddable":true,"href":"https:\/\/eltrabajo.cl\/portal\/wp-json\/wp\/v2\/users\/1"}],"replies":[{"embeddable":true,"href":"https:\/\/eltrabajo.cl\/portal\/wp-json\/wp\/v2\/comments?post=17146"}],"version-history":[{"count":0,"href":"https:\/\/eltrabajo.cl\/portal\/wp-json\/wp\/v2\/posts\/17146\/revisions"}],"wp:featuredmedia":[{"embeddable":true,"href":"https:\/\/eltrabajo.cl\/portal\/wp-json\/wp\/v2\/media\/17147"}],"wp:attachment":[{"href":"https:\/\/eltrabajo.cl\/portal\/wp-json\/wp\/v2\/media?parent=17146"}],"wp:term":[{"taxonomy":"category","embeddable":true,"href":"https:\/\/eltrabajo.cl\/portal\/wp-json\/wp\/v2\/categories?post=17146"},{"taxonomy":"post_tag","embeddable":true,"href":"https:\/\/eltrabajo.cl\/portal\/wp-json\/wp\/v2\/tags?post=17146"}],"curies":[{"name":"wp","href":"https:\/\/api.w.org\/{rel}","templated":true}]}}