{"id":17154,"date":"2012-04-26T09:44:12","date_gmt":"2012-04-26T12:44:12","guid":{"rendered":"http:\/\/www.eltrabajo.cl\/portal\/?p=17154"},"modified":"2012-05-03T08:32:41","modified_gmt":"2012-05-03T12:32:41","slug":"productor-de-miel-lleva-22-anos-endulzando-su-vida-y-la-de-los-demas","status":"publish","type":"post","link":"https:\/\/eltrabajo.cl\/portal\/productor-de-miel-lleva-22-anos-endulzando-su-vida-y-la-de-los-demas\/","title":{"rendered":"Productor de miel lleva 22 a\u00f1os endulzando su vida y la de los dem\u00e1s"},"content":{"rendered":"<figure id=\"attachment_17155\" aria-describedby=\"caption-attachment-17155\" style=\"width: 600px\" class=\"wp-caption alignnone\"><a href=\"http:\/\/www.eltrabajo.cl\/portal\/2012\/04\/productor-de-miel-lleva-22-anos-endulzando-su-vida-y-la-de-los-demas\/miel2\/\" rel=\"attachment wp-att-17155\"><img data-recalc-dims=\"1\" loading=\"lazy\" decoding=\"async\" class=\"size-full wp-image-17155\" title=\"Miel2\" src=\"https:\/\/i0.wp.com\/www.eltrabajo.cl\/portal\/wp-content\/uploads\/2012\/04\/Miel2.jpg?resize=600%2C450\" alt=\"\" width=\"600\" height=\"450\" srcset=\"https:\/\/i0.wp.com\/eltrabajo.cl\/portal\/wp-content\/uploads\/2012\/04\/Miel2.jpg?w=600&amp;ssl=1 600w, https:\/\/i0.wp.com\/eltrabajo.cl\/portal\/wp-content\/uploads\/2012\/04\/Miel2.jpg?resize=200%2C150&amp;ssl=1 200w, https:\/\/i0.wp.com\/eltrabajo.cl\/portal\/wp-content\/uploads\/2012\/04\/Miel2.jpg?resize=300%2C225&amp;ssl=1 300w, https:\/\/i0.wp.com\/eltrabajo.cl\/portal\/wp-content\/uploads\/2012\/04\/Miel2.jpg?resize=150%2C112&amp;ssl=1 150w, https:\/\/i0.wp.com\/eltrabajo.cl\/portal\/wp-content\/uploads\/2012\/04\/Miel2.jpg?resize=400%2C300&amp;ssl=1 400w\" sizes=\"auto, (max-width: 600px) 100vw, 600px\" \/><\/a><figcaption id=\"caption-attachment-17155\" class=\"wp-caption-text\">La Apicultura es un trabajo de cuidado y mucha paciencia, hay a\u00f1os en los que nada se produce, hay otros en que la situaci\u00f3n mejora y se gana mucho.<\/figcaption><\/figure>\n<p>Roberto Gonz\u00e1lez Short &#8211; <a href=\"mailto:rgonzalez@eltrabajo.cl\">rgonzalez@eltrabajo.cl<\/a><\/p>\n<p>Desde muy joven se gan\u00f3 la vida como cocinero en Callej\u00f3n El Convento, desde entonces le dicen cari\u00f1osamente \u2018Sopita\u2019. Se llama Segundo Ernesto Gallardo Vargas y naci\u00f3 el s\u00e1bado 20 de Octubre de 1928. Hoy queremos saber c\u00f3mo se las ha ingeniado este hombre de 83 a\u00f1os para sostener activo el proyecto personal de Apicultura que inici\u00f3 en 1990.<\/p>\n<figure id=\"attachment_17156\" aria-describedby=\"caption-attachment-17156\" style=\"width: 300px\" class=\"wp-caption alignright\"><a href=\"http:\/\/www.eltrabajo.cl\/portal\/2012\/04\/productor-de-miel-lleva-22-anos-endulzando-su-vida-y-la-de-los-demas\/abejas1\/\" rel=\"attachment wp-att-17156\"><img data-recalc-dims=\"1\" loading=\"lazy\" decoding=\"async\" class=\"size-medium wp-image-17156\" title=\"Abejas1\" src=\"https:\/\/i0.wp.com\/www.eltrabajo.cl\/portal\/wp-content\/uploads\/2012\/04\/Abejas1-300x185.jpg?resize=300%2C185\" alt=\"\" width=\"300\" height=\"185\" srcset=\"https:\/\/i0.wp.com\/eltrabajo.cl\/portal\/wp-content\/uploads\/2012\/04\/Abejas1.jpg?resize=300%2C185&amp;ssl=1 300w, https:\/\/i0.wp.com\/eltrabajo.cl\/portal\/wp-content\/uploads\/2012\/04\/Abejas1.jpg?resize=200%2C123&amp;ssl=1 200w, https:\/\/i0.wp.com\/eltrabajo.cl\/portal\/wp-content\/uploads\/2012\/04\/Abejas1.jpg?resize=150%2C92&amp;ssl=1 150w, https:\/\/i0.wp.com\/eltrabajo.cl\/portal\/wp-content\/uploads\/2012\/04\/Abejas1.jpg?resize=400%2C247&amp;ssl=1 400w, https:\/\/i0.wp.com\/eltrabajo.cl\/portal\/wp-content\/uploads\/2012\/04\/Abejas1.jpg?w=600&amp;ssl=1 600w\" sizes=\"auto, (max-width: 300px) 100vw, 300px\" \/><\/a><figcaption id=\"caption-attachment-17156\" class=\"wp-caption-text\">No solo la miel es lo que ha facilitado una vida m\u00e1s dulce para la se\u00f1ora Marta Gonz\u00e1lez y su esposo Segundo Gallardo, el amor tambi\u00e9n es un ingrediente indispensable.<\/figcaption><\/figure>\n<p>Luego de que nacieron sus 17 hijos (quedan catorce vivos), Segundo Gallardo hered\u00f3 unos cajones o colmenas r\u00fasticas que su padre Juan Gallardo usaba para producir miel, aplic\u00f3 algunos cambios y se convirti\u00f3 en uno de los productores de miel que export\u00f3 ese producto cuando en Asia enfrentaron una crisis de este dulce regalo de la Naturaleza en los a\u00f1os 96 y 97.<\/p>\n<p>\u201cHubo un tiempo, hace a\u00f1os, cuando ten\u00eda en producci\u00f3n unas 170 colmenas, en esos a\u00f1os ellas me dieron siete tambores con 200 litros de miel al a\u00f1o. Fueron a\u00f1os muy buenos, ahora me siento cansado y deseo poner a la venta algunas de mis colmenas\u201d, coment\u00f3 Segundo a Diario El Trabajo.<\/p>\n<p><strong>CUANDO NACE UNA REINA<\/strong><\/p>\n<p>\u201cPara hacer nuevas colmenas, con su Reina y toda su jerarqu\u00eda, lo que se hace es tomar varias celdas de distintos cajones y hacer una nueva casita con diez celdas. Las abejas cuando se enteran de que no tienen Reina, entonces se dedican no solo a producir miel sino que hacen unas celdas m\u00e1s grandes que las otras, hacen cinco, luego las llenan con \u2018Miel Real\u2019; con esa miel alimentan a cinco candidatas, matan a las que no califican para Reina para dejar s\u00f3lo a la que sea meritoria a ese galard\u00f3n\u201d, explica este apicultor de La Troya.<\/p>\n<figure id=\"attachment_17157\" aria-describedby=\"caption-attachment-17157\" style=\"width: 207px\" class=\"wp-caption alignleft\"><a href=\"http:\/\/www.eltrabajo.cl\/portal\/2012\/04\/productor-de-miel-lleva-22-anos-endulzando-su-vida-y-la-de-los-demas\/miel1\/\" rel=\"attachment wp-att-17157\"><img data-recalc-dims=\"1\" loading=\"lazy\" decoding=\"async\" class=\"size-medium wp-image-17157 \" title=\"Miel1\" src=\"https:\/\/i0.wp.com\/www.eltrabajo.cl\/portal\/wp-content\/uploads\/2012\/04\/Miel1-295x300.jpg?resize=207%2C210\" alt=\"\" width=\"207\" height=\"210\" srcset=\"https:\/\/i0.wp.com\/eltrabajo.cl\/portal\/wp-content\/uploads\/2012\/04\/Miel1.jpg?resize=295%2C300&amp;ssl=1 295w, https:\/\/i0.wp.com\/eltrabajo.cl\/portal\/wp-content\/uploads\/2012\/04\/Miel1.jpg?resize=147%2C150&amp;ssl=1 147w, https:\/\/i0.wp.com\/eltrabajo.cl\/portal\/wp-content\/uploads\/2012\/04\/Miel1.jpg?resize=400%2C405&amp;ssl=1 400w, https:\/\/i0.wp.com\/eltrabajo.cl\/portal\/wp-content\/uploads\/2012\/04\/Miel1.jpg?w=1010&amp;ssl=1 1010w\" sizes=\"auto, (max-width: 207px) 100vw, 207px\" \/><\/a><figcaption id=\"caption-attachment-17157\" class=\"wp-caption-text\">Cada \u2018Pote\u2019 de miel que vende Segundo Gallardo tiene un valor de 2.500 pesos.<\/figcaption><\/figure>\n<p>\u201cYo estoy agradecido con la prosperidad econ\u00f3mica y la salud que Dios nos ha dado, nada m\u00e1s que agradecimiento hay en mi coraz\u00f3n tambi\u00e9n para mis abejitas\u201d, a\u00f1adi\u00f3 Gallardo.<\/p>\n<p>&nbsp;<\/p>\n<p><strong>\u201cESA MIEL ENDULZ\u00d3 NUESTRAS VIDAS\u201d<\/strong><\/p>\n<p>La miel que sus abejas han producido en estos a\u00f1os ha logrado hacer m\u00e1s dulce la vida de Segundo Gallardo y su esposa Marta Gonz\u00e1lez, quien asegura que sus vidas son mejores ahora.<\/p>\n<p>\u201cMi esposo es evang\u00e9lico, yo a veces lo acompa\u00f1o a sus reuniones, le he cumplido como esposa con su ropita y todas sus cosas, parece que la miel de las abejas ha hecho nuestras vidas m\u00e1s dulces que antes\u201d, comenta amigablemente la se\u00f1ora Marta.<\/p>\n<p>Cualquier empresario que tenga inter\u00e9s en comprar miel, una o varias de las colmenas que Segundo Gallardo tiene para la venta, pueden llamarlo al Fono: (034) 537675.<\/p>\n","protected":false},"excerpt":{"rendered":"<p>Roberto Gonz\u00e1lez Short &#8211; rgonzalez@eltrabajo.cl Desde muy joven se gan\u00f3 la vida como cocinero en Callej\u00f3n El Convento, desde entonces le dicen cari\u00f1osamente \u2018Sopita\u2019. Se llama Segundo Ernesto Gallardo Vargas y naci\u00f3&#8230;<\/p>\n","protected":false},"author":1,"featured_media":17155,"comment_status":"open","ping_status":"open","sticky":false,"template":"","format":"standard","meta":{"advanced_seo_description":"","jetpack_seo_html_title":"","jetpack_seo_noindex":false,"_jetpack_memberships_contains_paid_content":false,"footnotes":""},"categories":[15],"tags":[],"class_list":["post-17154","post","type-post","status-publish","format-standard","has-post-thumbnail","hentry","category-comunidad"],"jetpack_featured_media_url":"https:\/\/i0.wp.com\/eltrabajo.cl\/portal\/wp-content\/uploads\/2012\/04\/Miel2.jpg?fit=600%2C450&ssl=1","jetpack_sharing_enabled":true,"jetpack_likes_enabled":true,"jetpack-related-posts":[],"_links":{"self":[{"href":"https:\/\/eltrabajo.cl\/portal\/wp-json\/wp\/v2\/posts\/17154","targetHints":{"allow":["GET"]}}],"collection":[{"href":"https:\/\/eltrabajo.cl\/portal\/wp-json\/wp\/v2\/posts"}],"about":[{"href":"https:\/\/eltrabajo.cl\/portal\/wp-json\/wp\/v2\/types\/post"}],"author":[{"embeddable":true,"href":"https:\/\/eltrabajo.cl\/portal\/wp-json\/wp\/v2\/users\/1"}],"replies":[{"embeddable":true,"href":"https:\/\/eltrabajo.cl\/portal\/wp-json\/wp\/v2\/comments?post=17154"}],"version-history":[{"count":0,"href":"https:\/\/eltrabajo.cl\/portal\/wp-json\/wp\/v2\/posts\/17154\/revisions"}],"wp:featuredmedia":[{"embeddable":true,"href":"https:\/\/eltrabajo.cl\/portal\/wp-json\/wp\/v2\/media\/17155"}],"wp:attachment":[{"href":"https:\/\/eltrabajo.cl\/portal\/wp-json\/wp\/v2\/media?parent=17154"}],"wp:term":[{"taxonomy":"category","embeddable":true,"href":"https:\/\/eltrabajo.cl\/portal\/wp-json\/wp\/v2\/categories?post=17154"},{"taxonomy":"post_tag","embeddable":true,"href":"https:\/\/eltrabajo.cl\/portal\/wp-json\/wp\/v2\/tags?post=17154"}],"curies":[{"name":"wp","href":"https:\/\/api.w.org\/{rel}","templated":true}]}}