{"id":17160,"date":"2012-04-26T09:50:25","date_gmt":"2012-04-26T12:50:25","guid":{"rendered":"http:\/\/www.eltrabajo.cl\/portal\/?p=17160"},"modified":"2012-05-03T08:32:41","modified_gmt":"2012-05-03T12:32:41","slug":"con-feria-cultural-y-bibliografica-escuela-jose-de-san-martin-celebro-dia-del-libro","status":"publish","type":"post","link":"https:\/\/eltrabajo.cl\/portal\/con-feria-cultural-y-bibliografica-escuela-jose-de-san-martin-celebro-dia-del-libro\/","title":{"rendered":"Con feria cultural y bibliogr\u00e1fica Escuela Jos\u00e9 de San Mart\u00edn celebr\u00f3 D\u00eda del Libro"},"content":{"rendered":"<figure id=\"attachment_17161\" aria-describedby=\"caption-attachment-17161\" style=\"width: 600px\" class=\"wp-caption alignnone\"><a href=\"http:\/\/www.eltrabajo.cl\/portal\/2012\/04\/con-feria-cultural-y-bibliografica-escuela-jose-de-san-martin-celebro-dia-del-libro\/luis-navarrete-jimena-leiva-y-alumnos\/\" rel=\"attachment wp-att-17161\"><img data-recalc-dims=\"1\" loading=\"lazy\" decoding=\"async\" class=\"size-full wp-image-17161\" title=\"Luis Navarrete, Jimena Leiva y alumnos\" src=\"https:\/\/i0.wp.com\/www.eltrabajo.cl\/portal\/wp-content\/uploads\/2012\/04\/Luis-Navarrete-Jimena-Leiva-y-alumnos.jpg?resize=600%2C522\" alt=\"\" width=\"600\" height=\"522\" srcset=\"https:\/\/i0.wp.com\/eltrabajo.cl\/portal\/wp-content\/uploads\/2012\/04\/Luis-Navarrete-Jimena-Leiva-y-alumnos.jpg?w=600&amp;ssl=1 600w, https:\/\/i0.wp.com\/eltrabajo.cl\/portal\/wp-content\/uploads\/2012\/04\/Luis-Navarrete-Jimena-Leiva-y-alumnos.jpg?resize=172%2C150&amp;ssl=1 172w, https:\/\/i0.wp.com\/eltrabajo.cl\/portal\/wp-content\/uploads\/2012\/04\/Luis-Navarrete-Jimena-Leiva-y-alumnos.jpg?resize=300%2C261&amp;ssl=1 300w, https:\/\/i0.wp.com\/eltrabajo.cl\/portal\/wp-content\/uploads\/2012\/04\/Luis-Navarrete-Jimena-Leiva-y-alumnos.jpg?resize=150%2C130&amp;ssl=1 150w, https:\/\/i0.wp.com\/eltrabajo.cl\/portal\/wp-content\/uploads\/2012\/04\/Luis-Navarrete-Jimena-Leiva-y-alumnos.jpg?resize=400%2C348&amp;ssl=1 400w\" sizes=\"auto, (max-width: 600px) 100vw, 600px\" \/><\/a><figcaption id=\"caption-attachment-17161\" class=\"wp-caption-text\">El Director del establecimiento, Luis Navarrete, junto a Jimena Leiva, Directora del CRA y alumnos caracterizados con trajes de \u00e9poca para la ocasi\u00f3n.<\/figcaption><\/figure>\n<p>Con una feria bibliogr\u00e1fica y cultural, en cuya organizaci\u00f3n particip\u00f3 toda la comunidad escolar, la Escuela Jos\u00e9 de San Mart\u00edn celebr\u00f3 el D\u00eda Mundial del Libro.<\/p>\n<p>En el patio principal del establecimiento se mont\u00f3 esta feria, donde no solo se exhibieron libros, sino tambi\u00e9n artesan\u00edas, a la vez que los alumnos se caracterizaron con trajes de \u00e9poca, d\u00e1ndole un colorido marco a la actividad.<\/p>\n<figure id=\"attachment_17163\" aria-describedby=\"caption-attachment-17163\" style=\"width: 300px\" class=\"wp-caption alignright\"><a href=\"http:\/\/www.eltrabajo.cl\/portal\/2012\/04\/con-feria-cultural-y-bibliografica-escuela-jose-de-san-martin-celebro-dia-del-libro\/artesanias\/\" rel=\"attachment wp-att-17163\"><img data-recalc-dims=\"1\" loading=\"lazy\" decoding=\"async\" class=\"size-medium wp-image-17163\" title=\"artesanias\" src=\"https:\/\/i0.wp.com\/www.eltrabajo.cl\/portal\/wp-content\/uploads\/2012\/04\/artesanias-300x225.jpg?resize=300%2C225\" alt=\"\" width=\"300\" height=\"225\" srcset=\"https:\/\/i0.wp.com\/eltrabajo.cl\/portal\/wp-content\/uploads\/2012\/04\/artesanias.jpg?resize=300%2C225&amp;ssl=1 300w, https:\/\/i0.wp.com\/eltrabajo.cl\/portal\/wp-content\/uploads\/2012\/04\/artesanias.jpg?resize=200%2C150&amp;ssl=1 200w, https:\/\/i0.wp.com\/eltrabajo.cl\/portal\/wp-content\/uploads\/2012\/04\/artesanias.jpg?resize=150%2C112&amp;ssl=1 150w, https:\/\/i0.wp.com\/eltrabajo.cl\/portal\/wp-content\/uploads\/2012\/04\/artesanias.jpg?resize=400%2C300&amp;ssl=1 400w, https:\/\/i0.wp.com\/eltrabajo.cl\/portal\/wp-content\/uploads\/2012\/04\/artesanias.jpg?w=600&amp;ssl=1 600w\" sizes=\"auto, (max-width: 300px) 100vw, 300px\" \/><\/a><figcaption id=\"caption-attachment-17163\" class=\"wp-caption-text\">En el patio principal del establecimiento se mont\u00f3 esta feria, donde no solo se exhibieron libros, sino tambi\u00e9n artesan\u00edas.<\/figcaption><\/figure>\n<p>El director del establecimiento, Luis Navarrete, se\u00f1al\u00f3 que el objetivo es incentivar en los ni\u00f1os el h\u00e1bito de la lectura, el que seg\u00fan los estudios recientes se ha estado perdiendo en Chile. \u201cLos ni\u00f1os leen a trav\u00e9s de los medios electr\u00f3nicos como los computadores, pero en nuestra escuela el libro sigue siendo el rey\u201d, se\u00f1al\u00f3 el director.<\/p>\n<p>La actividad fue organizada por el Centro de Recursos del Aprendizaje (CRA) que dirige la docente Jimena Leiva, quien destac\u00f3 la entusiasta participaci\u00f3n del alumnado, de los profesores, asistentes de la educaci\u00f3n y de manera muy especial de los apoderados.<\/p>\n<p>Puntualiz\u00f3 que en el establecimiento se ha implementado como pol\u00edtica educativa permanente incentivar en los ni\u00f1os el amor por la lectura y los libros, y para ello la biblioteca del establecimiento ha estado siempre abierta para permitir el libre acceso de los ni\u00f1os a los libros.<\/p>\n<p>La celebraci\u00f3n del D\u00eda Mundial del Libro fue instituida por la Unesco y recuerda la fecha del fallecimiento de tres grandes escritores de la literatura universal: Miguel de Cervantes y Saavedra, William Shakespeare y Garcilaso de la Vega.<\/p>\n<p>Esta celebraci\u00f3n busca estimular el gusto por la lectura, fomentar la industria editorial y la protecci\u00f3n de la propiedad intelectual a trav\u00e9s del derecho de autor.<\/p>\n","protected":false},"excerpt":{"rendered":"<p>Con una feria bibliogr\u00e1fica y cultural, en cuya organizaci\u00f3n particip\u00f3 toda la comunidad escolar, la Escuela Jos\u00e9 de San Mart\u00edn celebr\u00f3 el D\u00eda Mundial del Libro. En el patio principal del establecimiento&#8230;<\/p>\n","protected":false},"author":1,"featured_media":17161,"comment_status":"open","ping_status":"open","sticky":false,"template":"","format":"standard","meta":{"advanced_seo_description":"","jetpack_seo_html_title":"","jetpack_seo_noindex":false,"_jetpack_memberships_contains_paid_content":false,"footnotes":""},"categories":[15],"tags":[],"class_list":["post-17160","post","type-post","status-publish","format-standard","has-post-thumbnail","hentry","category-comunidad"],"jetpack_featured_media_url":"https:\/\/i0.wp.com\/eltrabajo.cl\/portal\/wp-content\/uploads\/2012\/04\/Luis-Navarrete-Jimena-Leiva-y-alumnos.jpg?fit=600%2C522&ssl=1","jetpack_sharing_enabled":true,"jetpack_likes_enabled":true,"jetpack-related-posts":[],"_links":{"self":[{"href":"https:\/\/eltrabajo.cl\/portal\/wp-json\/wp\/v2\/posts\/17160","targetHints":{"allow":["GET"]}}],"collection":[{"href":"https:\/\/eltrabajo.cl\/portal\/wp-json\/wp\/v2\/posts"}],"about":[{"href":"https:\/\/eltrabajo.cl\/portal\/wp-json\/wp\/v2\/types\/post"}],"author":[{"embeddable":true,"href":"https:\/\/eltrabajo.cl\/portal\/wp-json\/wp\/v2\/users\/1"}],"replies":[{"embeddable":true,"href":"https:\/\/eltrabajo.cl\/portal\/wp-json\/wp\/v2\/comments?post=17160"}],"version-history":[{"count":0,"href":"https:\/\/eltrabajo.cl\/portal\/wp-json\/wp\/v2\/posts\/17160\/revisions"}],"wp:featuredmedia":[{"embeddable":true,"href":"https:\/\/eltrabajo.cl\/portal\/wp-json\/wp\/v2\/media\/17161"}],"wp:attachment":[{"href":"https:\/\/eltrabajo.cl\/portal\/wp-json\/wp\/v2\/media?parent=17160"}],"wp:term":[{"taxonomy":"category","embeddable":true,"href":"https:\/\/eltrabajo.cl\/portal\/wp-json\/wp\/v2\/categories?post=17160"},{"taxonomy":"post_tag","embeddable":true,"href":"https:\/\/eltrabajo.cl\/portal\/wp-json\/wp\/v2\/tags?post=17160"}],"curies":[{"name":"wp","href":"https:\/\/api.w.org\/{rel}","templated":true}]}}