{"id":17166,"date":"2012-04-26T09:53:01","date_gmt":"2012-04-26T12:53:01","guid":{"rendered":"http:\/\/www.eltrabajo.cl\/portal\/?p=17166"},"modified":"2012-05-03T08:32:41","modified_gmt":"2012-05-03T12:32:41","slug":"no-mas-de-cien-estudiantes-participaron-de-marchas-en-apoyo-a-la-confech","status":"publish","type":"post","link":"https:\/\/eltrabajo.cl\/portal\/no-mas-de-cien-estudiantes-participaron-de-marchas-en-apoyo-a-la-confech\/","title":{"rendered":"No m\u00e1s de cien estudiantes participaron de marchas en apoyo a la Confech"},"content":{"rendered":"<figure id=\"attachment_17167\" aria-describedby=\"caption-attachment-17167\" style=\"width: 600px\" class=\"wp-caption alignnone\"><a href=\"http:\/\/www.eltrabajo.cl\/portal\/2012\/04\/no-mas-de-cien-estudiantes-participaron-de-marchas-en-apoyo-a-la-confech\/marcha-estudiantes-1\/\" rel=\"attachment wp-att-17167\"><img data-recalc-dims=\"1\" loading=\"lazy\" decoding=\"async\" class=\"size-full wp-image-17167\" title=\"marcha estudiantes (1)\" src=\"https:\/\/i0.wp.com\/www.eltrabajo.cl\/portal\/wp-content\/uploads\/2012\/04\/marcha-estudiantes-1.jpg?resize=600%2C450\" alt=\"\" width=\"600\" height=\"450\" srcset=\"https:\/\/i0.wp.com\/eltrabajo.cl\/portal\/wp-content\/uploads\/2012\/04\/marcha-estudiantes-1.jpg?w=600&amp;ssl=1 600w, https:\/\/i0.wp.com\/eltrabajo.cl\/portal\/wp-content\/uploads\/2012\/04\/marcha-estudiantes-1.jpg?resize=200%2C150&amp;ssl=1 200w, https:\/\/i0.wp.com\/eltrabajo.cl\/portal\/wp-content\/uploads\/2012\/04\/marcha-estudiantes-1.jpg?resize=300%2C225&amp;ssl=1 300w, https:\/\/i0.wp.com\/eltrabajo.cl\/portal\/wp-content\/uploads\/2012\/04\/marcha-estudiantes-1.jpg?resize=150%2C112&amp;ssl=1 150w, https:\/\/i0.wp.com\/eltrabajo.cl\/portal\/wp-content\/uploads\/2012\/04\/marcha-estudiantes-1.jpg?resize=400%2C300&amp;ssl=1 400w\" sizes=\"auto, (max-width: 600px) 100vw, 600px\" \/><\/a><figcaption id=\"caption-attachment-17167\" class=\"wp-caption-text\">En San Felipe, alrededor de 100 estudiantes participaron en la primera marcha convocada por la Confech y que ser\u00e1 parte de un calendario de actividades que continuar\u00e1 en el mes de mayo.<\/figcaption><\/figure>\n<p>Una escasa convocatoria tuvo tanto en San Felipe como en Los Andes, la marcha de los estudiantes en apoyo a la movilizaci\u00f3n nacional convocada por la Confech este mi\u00e9rcoles.<\/p>\n<p>No fueron m\u00e1s de cien los estudiantes que llegaron hasta las respectivas plazas de armas de ambas ciudades cabeceras de provincia, m\u00e1s algunos profesores que hicieron patente sus demandas por lograr una educaci\u00f3n gratuita, laica y de calidad.<\/p>\n<p>En general los dirigentes estudiantiles se mostraron conformes con la convocatoria alcanzada en esta primera marcha, y aunque reconocieron la escasa participaci\u00f3n, adelantaron que esperan una mayor convocatoria para el 24 y 25 de mayo, cuando vuelvan a marchar.<\/p>\n<p>Agregaron que el calendario de movilizaciones se mantendr\u00e1 a pesar de la propuesta realizada por el Gobierno para mejorar la educaci\u00f3n, y eso porque los estudiantes piden precauci\u00f3n respecto de la iniciativa, ya que estiman que, aunque se saca a la banca del financiamiento de los estudios, no se resuelven los temas de gratuidad total de la educaci\u00f3n y que \u00e9sta pase a estar en manos del Estado.<\/p>\n<figure id=\"attachment_17168\" aria-describedby=\"caption-attachment-17168\" style=\"width: 300px\" class=\"wp-caption alignright\"><a href=\"http:\/\/www.eltrabajo.cl\/portal\/2012\/04\/no-mas-de-cien-estudiantes-participaron-de-marchas-en-apoyo-a-la-confech\/marcha-convocatoriafech2\/\" rel=\"attachment wp-att-17168\"><img data-recalc-dims=\"1\" loading=\"lazy\" decoding=\"async\" class=\"size-medium wp-image-17168\" title=\"marcha-convocatoriafech2\" src=\"https:\/\/i0.wp.com\/www.eltrabajo.cl\/portal\/wp-content\/uploads\/2012\/04\/marcha-convocatoriafech2-300x225.jpg?resize=300%2C225\" alt=\"\" width=\"300\" height=\"225\" srcset=\"https:\/\/i0.wp.com\/eltrabajo.cl\/portal\/wp-content\/uploads\/2012\/04\/marcha-convocatoriafech2.jpg?resize=300%2C225&amp;ssl=1 300w, https:\/\/i0.wp.com\/eltrabajo.cl\/portal\/wp-content\/uploads\/2012\/04\/marcha-convocatoriafech2.jpg?resize=200%2C150&amp;ssl=1 200w, https:\/\/i0.wp.com\/eltrabajo.cl\/portal\/wp-content\/uploads\/2012\/04\/marcha-convocatoriafech2.jpg?resize=150%2C112&amp;ssl=1 150w, https:\/\/i0.wp.com\/eltrabajo.cl\/portal\/wp-content\/uploads\/2012\/04\/marcha-convocatoriafech2.jpg?resize=400%2C300&amp;ssl=1 400w, https:\/\/i0.wp.com\/eltrabajo.cl\/portal\/wp-content\/uploads\/2012\/04\/marcha-convocatoriafech2.jpg?w=600&amp;ssl=1 600w\" sizes=\"auto, (max-width: 300px) 100vw, 300px\" \/><\/a><figcaption id=\"caption-attachment-17168\" class=\"wp-caption-text\">Un pu\u00f1ado de j\u00f3venes, que no superaron los cien alumnos, marcharon por el centro de Los Andes.<\/figcaption><\/figure>\n<p><strong>EN LOS ANDES<\/strong><\/p>\n<p>Sobre esta jornada, el Presidente del Centro de Alumnos del Liceo Rep\u00fablica Argentina de Los Andes, Alejandro Quiroz, reiter\u00f3 que los estudiantes andinos apoyan plenamente las demandas planteadas a nivel nacional y si bien reconoci\u00f3 que existi\u00f3 una baja convocatoria, \u201clos estudiantes andinos estamos de vuelta a las calles para luchar por lo que creemos justo\u201d.<\/p>\n<p>Por ello, dijo que esperan que en futuras movilizaciones puedan participar m\u00e1s alumnos, aun cuando dijo que cuentan con la anuencia del DAEM para poder asistir a las marchas con el compromiso de regresar luego a clases.<\/p>\n<p>En tanto, la vocera del Centro de Alumnos del Liceo Max Salas, Carolina Bast\u00edas, manifest\u00f3 que si bien la convocatoria no fue la deseada, \u201cpero a\u00fan as\u00ed la gente que s\u00ed est\u00e1 en la calle y que s\u00ed vino a marchar, apoya plenamente el movimiento y vamos a estar todo el a\u00f1o luchando en las calles hasta que se nos cumpla las demandas que estamos planteando a nivel nacional y local\u201d.<\/p>\n<p>Afirm\u00f3 que los estudiantes de Los Andes han dicho presente en el movimiento estudiantil nacional y a la vez a nivel de centros de alumnos est\u00e1n elaborando un pliego de peticiones para hacerle entrega a las autoridades del DAEM.<\/p>\n","protected":false},"excerpt":{"rendered":"<p>Una escasa convocatoria tuvo tanto en San Felipe como en Los Andes, la marcha de los estudiantes en apoyo a la movilizaci\u00f3n nacional convocada por la Confech este mi\u00e9rcoles. No fueron m\u00e1s&#8230;<\/p>\n","protected":false},"author":1,"featured_media":17167,"comment_status":"open","ping_status":"open","sticky":false,"template":"","format":"standard","meta":{"advanced_seo_description":"","jetpack_seo_html_title":"","jetpack_seo_noindex":false,"_jetpack_memberships_contains_paid_content":false,"footnotes":""},"categories":[1],"tags":[],"class_list":["post-17166","post","type-post","status-publish","format-standard","has-post-thumbnail","hentry","category-cronica"],"jetpack_featured_media_url":"https:\/\/i0.wp.com\/eltrabajo.cl\/portal\/wp-content\/uploads\/2012\/04\/marcha-estudiantes-1.jpg?fit=600%2C450&ssl=1","jetpack_sharing_enabled":true,"jetpack_likes_enabled":true,"jetpack-related-posts":[],"_links":{"self":[{"href":"https:\/\/eltrabajo.cl\/portal\/wp-json\/wp\/v2\/posts\/17166","targetHints":{"allow":["GET"]}}],"collection":[{"href":"https:\/\/eltrabajo.cl\/portal\/wp-json\/wp\/v2\/posts"}],"about":[{"href":"https:\/\/eltrabajo.cl\/portal\/wp-json\/wp\/v2\/types\/post"}],"author":[{"embeddable":true,"href":"https:\/\/eltrabajo.cl\/portal\/wp-json\/wp\/v2\/users\/1"}],"replies":[{"embeddable":true,"href":"https:\/\/eltrabajo.cl\/portal\/wp-json\/wp\/v2\/comments?post=17166"}],"version-history":[{"count":0,"href":"https:\/\/eltrabajo.cl\/portal\/wp-json\/wp\/v2\/posts\/17166\/revisions"}],"wp:featuredmedia":[{"embeddable":true,"href":"https:\/\/eltrabajo.cl\/portal\/wp-json\/wp\/v2\/media\/17167"}],"wp:attachment":[{"href":"https:\/\/eltrabajo.cl\/portal\/wp-json\/wp\/v2\/media?parent=17166"}],"wp:term":[{"taxonomy":"category","embeddable":true,"href":"https:\/\/eltrabajo.cl\/portal\/wp-json\/wp\/v2\/categories?post=17166"},{"taxonomy":"post_tag","embeddable":true,"href":"https:\/\/eltrabajo.cl\/portal\/wp-json\/wp\/v2\/tags?post=17166"}],"curies":[{"name":"wp","href":"https:\/\/api.w.org\/{rel}","templated":true}]}}