{"id":17175,"date":"2012-04-26T09:58:59","date_gmt":"2012-04-26T12:58:59","guid":{"rendered":"http:\/\/www.eltrabajo.cl\/portal\/?p=17175"},"modified":"2012-05-03T08:32:41","modified_gmt":"2012-05-03T12:32:41","slug":"falla-mecanica-hizo-desbarrancar-a-camion-en-sector-cuesta-las-minillas","status":"publish","type":"post","link":"https:\/\/eltrabajo.cl\/portal\/falla-mecanica-hizo-desbarrancar-a-camion-en-sector-cuesta-las-minillas\/","title":{"rendered":"Falla mec\u00e1nica hizo desbarrancar a cami\u00f3n en sector cuesta Las Minillas"},"content":{"rendered":"<figure id=\"attachment_17176\" aria-describedby=\"caption-attachment-17176\" style=\"width: 600px\" class=\"wp-caption alignnone\"><a href=\"http:\/\/www.eltrabajo.cl\/portal\/2012\/04\/falla-mecanica-hizo-desbarrancar-a-camion-en-sector-cuesta-las-minillas\/camion-desbarrancado-2\/\" rel=\"attachment wp-att-17176\"><img data-recalc-dims=\"1\" loading=\"lazy\" decoding=\"async\" class=\"size-full wp-image-17176\" title=\"camion desbarrancado (2)\" src=\"https:\/\/i0.wp.com\/www.eltrabajo.cl\/portal\/wp-content\/uploads\/2012\/04\/camion-desbarrancado-2.jpg?resize=600%2C450\" alt=\"\" width=\"600\" height=\"450\" srcset=\"https:\/\/i0.wp.com\/eltrabajo.cl\/portal\/wp-content\/uploads\/2012\/04\/camion-desbarrancado-2.jpg?w=600&amp;ssl=1 600w, https:\/\/i0.wp.com\/eltrabajo.cl\/portal\/wp-content\/uploads\/2012\/04\/camion-desbarrancado-2.jpg?resize=200%2C150&amp;ssl=1 200w, https:\/\/i0.wp.com\/eltrabajo.cl\/portal\/wp-content\/uploads\/2012\/04\/camion-desbarrancado-2.jpg?resize=300%2C225&amp;ssl=1 300w, https:\/\/i0.wp.com\/eltrabajo.cl\/portal\/wp-content\/uploads\/2012\/04\/camion-desbarrancado-2.jpg?resize=150%2C112&amp;ssl=1 150w, https:\/\/i0.wp.com\/eltrabajo.cl\/portal\/wp-content\/uploads\/2012\/04\/camion-desbarrancado-2.jpg?resize=400%2C300&amp;ssl=1 400w\" sizes=\"auto, (max-width: 600px) 100vw, 600px\" \/><\/a><figcaption id=\"caption-attachment-17176\" class=\"wp-caption-text\">Los ocupantes del cami\u00f3n salieron eyectados de la cabina atravesando el parabrisas.<\/figcaption><\/figure>\n<p><strong>PUTAENDO.-<\/strong> Una falla mec\u00e1nica en el sistema de la direcci\u00f3n hizo que un cami\u00f3n tres cuartos se desbarrancara en el sector El T\u00e1rtaro, a metros de comenzar la subida de la cuesta Las Minillas.<\/p>\n<p>El accidente ocurri\u00f3 a eso de las 16.30 horas de este martes, a la altura del kil\u00f3metro 10 de la ruta E-41 que conduce a la comuna de Cabildo, momento en el cual el cami\u00f3n marca Isuzu, patente VR 33-10 guiado por Eladio P\u00e9rez Fern\u00e1ndez, con domicilio en el sector La Vi\u00f1a de Cabildo, perdi\u00f3 el control del cami\u00f3n por una falla en la direcci\u00f3n del m\u00f3vil, lo que hizo que \u00e9ste saliera de la calzada hacia el costado derecho, avanzando por lo menos cuarenta metros entre matorrales y especies arb\u00f3reas para terminar a metros de impactar con el muro de cemento de un puente existente en el lugar.<\/p>\n<figure id=\"attachment_17177\" aria-describedby=\"caption-attachment-17177\" style=\"width: 300px\" class=\"wp-caption alignright\"><a href=\"http:\/\/www.eltrabajo.cl\/portal\/2012\/04\/falla-mecanica-hizo-desbarrancar-a-camion-en-sector-cuesta-las-minillas\/camion-desbarrancado-5\/\" rel=\"attachment wp-att-17177\"><img data-recalc-dims=\"1\" loading=\"lazy\" decoding=\"async\" class=\"size-medium wp-image-17177\" title=\"camion desbarrancado (5)\" src=\"https:\/\/i0.wp.com\/www.eltrabajo.cl\/portal\/wp-content\/uploads\/2012\/04\/camion-desbarrancado-5-300x225.jpg?resize=300%2C225\" alt=\"\" width=\"300\" height=\"225\" srcset=\"https:\/\/i0.wp.com\/eltrabajo.cl\/portal\/wp-content\/uploads\/2012\/04\/camion-desbarrancado-5.jpg?resize=300%2C225&amp;ssl=1 300w, https:\/\/i0.wp.com\/eltrabajo.cl\/portal\/wp-content\/uploads\/2012\/04\/camion-desbarrancado-5.jpg?resize=200%2C150&amp;ssl=1 200w, https:\/\/i0.wp.com\/eltrabajo.cl\/portal\/wp-content\/uploads\/2012\/04\/camion-desbarrancado-5.jpg?resize=150%2C112&amp;ssl=1 150w, https:\/\/i0.wp.com\/eltrabajo.cl\/portal\/wp-content\/uploads\/2012\/04\/camion-desbarrancado-5.jpg?resize=400%2C300&amp;ssl=1 400w, https:\/\/i0.wp.com\/eltrabajo.cl\/portal\/wp-content\/uploads\/2012\/04\/camion-desbarrancado-5.jpg?w=600&amp;ssl=1 600w\" sizes=\"auto, (max-width: 300px) 100vw, 300px\" \/><\/a><figcaption id=\"caption-attachment-17177\" class=\"wp-caption-text\">Los ocupantes del cami\u00f3n salieron eyectados de la cabina atravesando el parabrisas.<\/figcaption><\/figure>\n<p>A consecuencia del fuerte impacto la cabina del cami\u00f3n se sali\u00f3 de su base, quedando literalmente colgando, saliendo dos ocupantes del cami\u00f3n eyectados por el parabrisas, los que fueron atendidos por Bomberos que llegaron al lugar, siendo inmovilizados y entregados al personal del Samu que acudi\u00f3 tambi\u00e9n a la emergencia, siendo en total tres ocupantes del cami\u00f3n los heridos, los que solo resultaron con lesiones de car\u00e1cter leve .<\/p>\n<p>Personal del ret\u00e9n de Carabineros de Guzmanes adopt\u00f3 el procedimiento de rigor, enviando los antecedentes al tribunal correspondiente.<\/p>\n<p><strong>Patricio Gallardo M.<\/strong><\/p>\n","protected":false},"excerpt":{"rendered":"<p>PUTAENDO.- Una falla mec\u00e1nica en el sistema de la direcci\u00f3n hizo que un cami\u00f3n tres cuartos se desbarrancara en el sector El T\u00e1rtaro, a metros de comenzar la subida de la cuesta&#8230;<\/p>\n","protected":false},"author":1,"featured_media":17176,"comment_status":"open","ping_status":"open","sticky":false,"template":"","format":"standard","meta":{"advanced_seo_description":"","jetpack_seo_html_title":"","jetpack_seo_noindex":false,"_jetpack_memberships_contains_paid_content":false,"footnotes":""},"categories":[21],"tags":[],"class_list":["post-17175","post","type-post","status-publish","format-standard","has-post-thumbnail","hentry","category-policial"],"jetpack_featured_media_url":"https:\/\/i0.wp.com\/eltrabajo.cl\/portal\/wp-content\/uploads\/2012\/04\/camion-desbarrancado-2.jpg?fit=600%2C450&ssl=1","jetpack_sharing_enabled":true,"jetpack_likes_enabled":true,"jetpack-related-posts":[],"_links":{"self":[{"href":"https:\/\/eltrabajo.cl\/portal\/wp-json\/wp\/v2\/posts\/17175","targetHints":{"allow":["GET"]}}],"collection":[{"href":"https:\/\/eltrabajo.cl\/portal\/wp-json\/wp\/v2\/posts"}],"about":[{"href":"https:\/\/eltrabajo.cl\/portal\/wp-json\/wp\/v2\/types\/post"}],"author":[{"embeddable":true,"href":"https:\/\/eltrabajo.cl\/portal\/wp-json\/wp\/v2\/users\/1"}],"replies":[{"embeddable":true,"href":"https:\/\/eltrabajo.cl\/portal\/wp-json\/wp\/v2\/comments?post=17175"}],"version-history":[{"count":0,"href":"https:\/\/eltrabajo.cl\/portal\/wp-json\/wp\/v2\/posts\/17175\/revisions"}],"wp:featuredmedia":[{"embeddable":true,"href":"https:\/\/eltrabajo.cl\/portal\/wp-json\/wp\/v2\/media\/17176"}],"wp:attachment":[{"href":"https:\/\/eltrabajo.cl\/portal\/wp-json\/wp\/v2\/media?parent=17175"}],"wp:term":[{"taxonomy":"category","embeddable":true,"href":"https:\/\/eltrabajo.cl\/portal\/wp-json\/wp\/v2\/categories?post=17175"},{"taxonomy":"post_tag","embeddable":true,"href":"https:\/\/eltrabajo.cl\/portal\/wp-json\/wp\/v2\/tags?post=17175"}],"curies":[{"name":"wp","href":"https:\/\/api.w.org\/{rel}","templated":true}]}}