{"id":17180,"date":"2012-04-26T10:02:50","date_gmt":"2012-04-26T13:02:50","guid":{"rendered":"http:\/\/www.eltrabajo.cl\/portal\/?p=17180"},"modified":"2012-05-03T08:32:41","modified_gmt":"2012-05-03T12:32:41","slug":"%e2%80%9cel-responsable-de-toda-esta-situacion-es-el-instituto-simon-bolivar%e2%80%9d","status":"publish","type":"post","link":"https:\/\/eltrabajo.cl\/portal\/%e2%80%9cel-responsable-de-toda-esta-situacion-es-el-instituto-simon-bolivar%e2%80%9d\/","title":{"rendered":"\u201cEl responsable de toda esta situaci\u00f3n es el instituto Sim\u00f3n Bol\u00edvar\u201d"},"content":{"rendered":"<figure id=\"attachment_17184\" aria-describedby=\"caption-attachment-17184\" style=\"width: 300px\" class=\"wp-caption alignleft\"><a href=\"http:\/\/www.eltrabajo.cl\/portal\/2012\/04\/%e2%80%9cel-responsable-de-toda-esta-situacion-es-el-instituto-simon-bolivar%e2%80%9d\/rosalindo-gonzalez-1-2\/\" rel=\"attachment wp-att-17184\"><img data-recalc-dims=\"1\" loading=\"lazy\" decoding=\"async\" class=\"size-medium wp-image-17184\" title=\"rosalindo gonzalez (1)\" src=\"https:\/\/i0.wp.com\/www.eltrabajo.cl\/portal\/wp-content\/uploads\/2012\/04\/rosalindo-gonzalez-11-300x225.jpg?resize=300%2C225\" alt=\"\" width=\"300\" height=\"225\" srcset=\"https:\/\/i0.wp.com\/eltrabajo.cl\/portal\/wp-content\/uploads\/2012\/04\/rosalindo-gonzalez-11.jpg?resize=300%2C225&amp;ssl=1 300w, https:\/\/i0.wp.com\/eltrabajo.cl\/portal\/wp-content\/uploads\/2012\/04\/rosalindo-gonzalez-11.jpg?resize=200%2C150&amp;ssl=1 200w, https:\/\/i0.wp.com\/eltrabajo.cl\/portal\/wp-content\/uploads\/2012\/04\/rosalindo-gonzalez-11.jpg?resize=150%2C112&amp;ssl=1 150w, https:\/\/i0.wp.com\/eltrabajo.cl\/portal\/wp-content\/uploads\/2012\/04\/rosalindo-gonzalez-11.jpg?resize=400%2C300&amp;ssl=1 400w, https:\/\/i0.wp.com\/eltrabajo.cl\/portal\/wp-content\/uploads\/2012\/04\/rosalindo-gonzalez-11.jpg?w=600&amp;ssl=1 600w\" sizes=\"auto, (max-width: 300px) 100vw, 300px\" \/><\/a><figcaption id=\"caption-attachment-17184\" class=\"wp-caption-text\">Rosalindo Gonz\u00e1lez dijo que no conoc\u00eda la figura que exist\u00eda entre la Sociedad Millenium y el CFT Sim\u00f3n Bol\u00edvar, y que tom\u00f3 conocimiento una vez que se conoce el problema de los alumnos.<\/figcaption><\/figure>\n<ul>\n<li><strong>Director provincial de Educaci\u00f3n se\u00f1ala que desconoc\u00eda figura de administraci\u00f3n delegada en caso Sim\u00f3n Bol\u00edvar, no obstante asegur\u00f3 que el contrato con el CFT es para que los atiendan en la sede de San Felipe y no en Santiago.<\/strong><\/li>\n<\/ul>\n<p>Junto con se\u00f1alar el constante apoyo de la Direcci\u00f3n de Educaci\u00f3n de San Felipe y del Ministerio de Educaci\u00f3n a nivel nacional hacia los estudiantes que se vieron afectados por el t\u00e9rmino del contrato de administraci\u00f3n delegada del CFT Sim\u00f3n Bol\u00edvar con la Sociedad Millenium, el Director provincial de Educaci\u00f3n, Rosalindo Gonz\u00e1lez, reconoci\u00f3 que no ten\u00eda conocimiento de la figura que manten\u00edan estas dos entidades educacionales.<\/p>\n<p>Gonz\u00e1lez dijo desconocer el tipo de relaci\u00f3n que ten\u00edan estas entidades, argumentando que siempre en el local donde funcionaba el CFT Sim\u00f3n Bol\u00edvar, portaba el nombre del instituto, as\u00ed como tambi\u00e9n los timbres de los documentos que ellos entregaban, y que reci\u00e9n tuvo conocimiento cuando termin\u00f3 el contrato y los alumnos se vieron afectados por la situaci\u00f3n.<\/p>\n<p>\u201cYo sab\u00eda que era el instituto Sim\u00f3n Bol\u00edvar, cuando aparece la situaci\u00f3n, s\u00ed conozco de que es la Sociedad Educacional Millenium la que tiene administraci\u00f3n delegada y desde ese minuto es cuando nosotros comenzamos a trabajar con la abogada de la Divisi\u00f3n Jur\u00eddica de la Secretar\u00eda Ministerial para entregar informaci\u00f3n y ver que el Ministerio de Educaci\u00f3n tome cartas en el asunto\u201d, dijo Gonz\u00e1lez.<\/p>\n<p>Seg\u00fan argument\u00f3 el director provincial, el Ministerio de Educaci\u00f3n no permite delegaci\u00f3n de ese tipo, y en este caso el que representa al instituto es el Centro de Formaci\u00f3n T\u00e9cnica Sim\u00f3n Bol\u00edvar y ellos son los que tienen reconocimiento del Ministerio de Educaci\u00f3n, \u201cpor lo tanto el que genera una situaci\u00f3n complicada para los estudiantes es el instituto Sim\u00f3n Bol\u00edvar al prohibir matr\u00edculas y posteriormente se genera todo este proceso que se ha estado viviendo\u201d.<\/p>\n<p>De acuerdo a lo que explic\u00f3 Gonz\u00e1lez, los alumnos deber\u00edan titularse por el instituto Sim\u00f3n Bol\u00edvar, de acuerdo a las normativas del Ministerio de Educaci\u00f3n. Sin embargo las condiciones que est\u00e1 estableciendo este centro de formaci\u00f3n t\u00e9cnica son complejas para los alumnos.<\/p>\n<p>\u201cEl contrato con Sim\u00f3n Bol\u00edvar es para que los atiendan en la sede de San Felipe y no en Santiago, aunque hayan algunas propuestas, de manera que el responsable de toda esta situaci\u00f3n, con los alumnos matriculados de segundo hacia arriba, que son los que est\u00e1n con Sim\u00f3n Bol\u00edvar con un contrato, es el instituto Sim\u00f3n Bol\u00edvar el que tiene que terminar con todo el proceso\u201d, dijo Gonz\u00e1lez.<\/p>\n<p>Sin embargo algunos alumnos est\u00e1n analizando la posibilidad de terminar sus estudios por el instituto Cenco, ya que les da las garant\u00edas de parte del Ministerio de Educaci\u00f3n. En ese sentido Gonz\u00e1lez se\u00f1al\u00f3 que en ese escenario cada alumno deber\u00e1 analizar su situaci\u00f3n en particular.<\/p>\n<p>\u201cYo creo que ellos evaluando la situaci\u00f3n y viendo como Cenco les est\u00e1 ofreciendo oportunidades y ya se ha conversado con el Ministerio de Educaci\u00f3n que tambi\u00e9n les va a dar las facilidades, yo creo que ellos voluntariamente van a tener que optar por lo que les interesa y afortunadamente para ellos no quedar en el aire y que puedan seguir las carreras por las cuales han optado y que lo puedan hacer en sus tiempos y de acuerdo a los recursos que tienen\u201d.<\/p>\n","protected":false},"excerpt":{"rendered":"<p>Director provincial de Educaci\u00f3n se\u00f1ala que desconoc\u00eda figura de administraci\u00f3n delegada en caso Sim\u00f3n Bol\u00edvar, no obstante asegur\u00f3 que el contrato con el CFT es para que los atiendan en la sede&#8230;<\/p>\n","protected":false},"author":1,"featured_media":17184,"comment_status":"open","ping_status":"open","sticky":false,"template":"","format":"standard","meta":{"advanced_seo_description":"","jetpack_seo_html_title":"","jetpack_seo_noindex":false,"_jetpack_memberships_contains_paid_content":false,"footnotes":""},"categories":[1],"tags":[],"class_list":["post-17180","post","type-post","status-publish","format-standard","has-post-thumbnail","hentry","category-cronica"],"jetpack_featured_media_url":"https:\/\/i0.wp.com\/eltrabajo.cl\/portal\/wp-content\/uploads\/2012\/04\/rosalindo-gonzalez-11.jpg?fit=600%2C450&ssl=1","jetpack_sharing_enabled":true,"jetpack_likes_enabled":true,"jetpack-related-posts":[],"_links":{"self":[{"href":"https:\/\/eltrabajo.cl\/portal\/wp-json\/wp\/v2\/posts\/17180","targetHints":{"allow":["GET"]}}],"collection":[{"href":"https:\/\/eltrabajo.cl\/portal\/wp-json\/wp\/v2\/posts"}],"about":[{"href":"https:\/\/eltrabajo.cl\/portal\/wp-json\/wp\/v2\/types\/post"}],"author":[{"embeddable":true,"href":"https:\/\/eltrabajo.cl\/portal\/wp-json\/wp\/v2\/users\/1"}],"replies":[{"embeddable":true,"href":"https:\/\/eltrabajo.cl\/portal\/wp-json\/wp\/v2\/comments?post=17180"}],"version-history":[{"count":0,"href":"https:\/\/eltrabajo.cl\/portal\/wp-json\/wp\/v2\/posts\/17180\/revisions"}],"wp:featuredmedia":[{"embeddable":true,"href":"https:\/\/eltrabajo.cl\/portal\/wp-json\/wp\/v2\/media\/17184"}],"wp:attachment":[{"href":"https:\/\/eltrabajo.cl\/portal\/wp-json\/wp\/v2\/media?parent=17180"}],"wp:term":[{"taxonomy":"category","embeddable":true,"href":"https:\/\/eltrabajo.cl\/portal\/wp-json\/wp\/v2\/categories?post=17180"},{"taxonomy":"post_tag","embeddable":true,"href":"https:\/\/eltrabajo.cl\/portal\/wp-json\/wp\/v2\/tags?post=17180"}],"curies":[{"name":"wp","href":"https:\/\/api.w.org\/{rel}","templated":true}]}}