{"id":17187,"date":"2012-04-26T10:07:32","date_gmt":"2012-04-26T13:07:32","guid":{"rendered":"http:\/\/www.eltrabajo.cl\/portal\/?p=17187"},"modified":"2012-05-03T08:32:41","modified_gmt":"2012-05-03T12:32:41","slug":"boliviano-transportaba-mas-de-83-ovoides-de-cocaina-en-su-estomago","status":"publish","type":"post","link":"https:\/\/eltrabajo.cl\/portal\/boliviano-transportaba-mas-de-83-ovoides-de-cocaina-en-su-estomago\/","title":{"rendered":"Boliviano transportaba m\u00e1s de 83 ovoides de coca\u00edna en su est\u00f3mago"},"content":{"rendered":"<p>&nbsp;<\/p>\n<figure id=\"attachment_17188\" aria-describedby=\"caption-attachment-17188\" style=\"width: 300px\" class=\"wp-caption alignleft\"><a href=\"http:\/\/www.eltrabajo.cl\/portal\/2012\/04\/boliviano-transportaba-mas-de-83-ovoides-de-cocaina-en-su-estomago\/boliviano-ovoides3\/\" rel=\"attachment wp-att-17188\"><img data-recalc-dims=\"1\" loading=\"lazy\" decoding=\"async\" class=\"size-medium wp-image-17188\" title=\"boliviano-ovoides3\" src=\"https:\/\/i0.wp.com\/www.eltrabajo.cl\/portal\/wp-content\/uploads\/2012\/04\/boliviano-ovoides3-300x227.jpg?resize=300%2C227\" alt=\"\" width=\"300\" height=\"227\" srcset=\"https:\/\/i0.wp.com\/eltrabajo.cl\/portal\/wp-content\/uploads\/2012\/04\/boliviano-ovoides3.jpg?resize=300%2C227&amp;ssl=1 300w, https:\/\/i0.wp.com\/eltrabajo.cl\/portal\/wp-content\/uploads\/2012\/04\/boliviano-ovoides3.jpg?resize=198%2C150&amp;ssl=1 198w, https:\/\/i0.wp.com\/eltrabajo.cl\/portal\/wp-content\/uploads\/2012\/04\/boliviano-ovoides3.jpg?resize=150%2C113&amp;ssl=1 150w, https:\/\/i0.wp.com\/eltrabajo.cl\/portal\/wp-content\/uploads\/2012\/04\/boliviano-ovoides3.jpg?resize=400%2C302&amp;ssl=1 400w, https:\/\/i0.wp.com\/eltrabajo.cl\/portal\/wp-content\/uploads\/2012\/04\/boliviano-ovoides3.jpg?w=600&amp;ssl=1 600w\" sizes=\"auto, (max-width: 300px) 100vw, 300px\" \/><\/a><figcaption id=\"caption-attachment-17188\" class=\"wp-caption-text\">Nada menos que 83 ovoides de coca\u00edna que totalizaron un kilo 80 gramos, portaba en su cuerpo el ciudadano boliviano.<\/figcaption><\/figure>\n<p>&nbsp;<\/p>\n<ul>\n<li><strong>Sujeto registra otros ingresos a territorio nacional, por lo que no se descarta que pertenezca a una banda internacional.<\/strong><\/li>\n<\/ul>\n<p><strong>LOS ANDES.-<\/strong> Un ciudadano boliviano identificado como Mario Paniagua Sol\u00eds, de 28 a\u00f1os, fue detenido la madrugada del martes en el complejo Los Libertadores al comprobarse que transportaba en su est\u00f3mago ovoides de coca\u00edna.<\/p>\n<p>El sujeto se carg\u00f3 con la droga el pasado s\u00e1bado en la ciudad boliviana de Yacuiba, fronteriza con Argentina, para luego desplazarse hasta Mendoza y desde all\u00ed abordar un bus para dirigirse a Santiago.<\/p>\n<p>El Jefe de la Prefectura Provincial Los Andes de la PDI, Subprefecto Benjam\u00edn Cerda, indic\u00f3 que el sujeto fue seleccionado de acuerdo a los perfiles de riesgo que maneja la Brigada Antinarc\u00f3ticos para ser revisado por el Bodyscan existente en el complejo Los Libertadores.<\/p>\n<p>Fue as\u00ed que se detect\u00f3 la presencia de estos contenedores en su est\u00f3mago, siendo luego trasladado hasta el Hospital de Los Andes donde mediante radiograf\u00edas se estableci\u00f3 que eran ovoides.<\/p>\n<p>El boliviano estuvo evacuando durante todo el d\u00eda martes, estableci\u00e9ndose que llevaba consigo 83 ovoides contenedores de un kilo 80 gramos de coca\u00edna de alta pureza avaluada en m\u00e1s de 10 millones de pesos.<\/p>\n<p>Al sujeto se le incaut\u00f3 tambi\u00e9n un celular, 300 d\u00f3lares, 70 bolivianos, 12 pesos argentinos y 5 mil pesos chilenos.<\/p>\n<p>El subprefecto Cerda manifest\u00f3 que el sujeto no entreg\u00f3 mayores antecedentes sobre qui\u00e9n era el receptor de la droga y se est\u00e1 estableciendo que era usado como burrero o forma parte de una organizaci\u00f3n internacional de traficantes. Ello porque Paniagua ya registra otros ingresos anteriores a territorio nacional y no se descarta que haya ingresado coca\u00edna bajo esta misma modalidad.<\/p>\n<p>Agreg\u00f3 que eventualmente este sujeto habr\u00eda estado vigilado por otro pasajero durante el viaje, a fin de alertar cualquier situaci\u00f3n an\u00f3mala a los receptores de la droga en la ciudad de Santiago.<\/p>\n<p>El boliviano pas\u00f3 a control de detenci\u00f3n en el Tribunal de Garant\u00eda de Los Andes, siendo formalizado por el delito de tr\u00e1fico il\u00edcito de drogas.<\/p>\n<p>En atenci\u00f3n a la gravedad del delito y al peligro de fuga, la jueza Valeria Crosa determin\u00f3 dejarlo en prisi\u00f3n preventiva.<\/p>\n","protected":false},"excerpt":{"rendered":"<p>&nbsp; &nbsp; Sujeto registra otros ingresos a territorio nacional, por lo que no se descarta que pertenezca a una banda internacional. LOS ANDES.- Un ciudadano boliviano identificado como Mario Paniagua Sol\u00eds, de&#8230;<\/p>\n","protected":false},"author":1,"featured_media":17188,"comment_status":"open","ping_status":"open","sticky":false,"template":"","format":"standard","meta":{"advanced_seo_description":"","jetpack_seo_html_title":"","jetpack_seo_noindex":false,"_jetpack_memberships_contains_paid_content":false,"footnotes":""},"categories":[21],"tags":[],"class_list":["post-17187","post","type-post","status-publish","format-standard","has-post-thumbnail","hentry","category-policial"],"jetpack_featured_media_url":"https:\/\/i0.wp.com\/eltrabajo.cl\/portal\/wp-content\/uploads\/2012\/04\/boliviano-ovoides3.jpg?fit=600%2C454&ssl=1","jetpack_sharing_enabled":true,"jetpack_likes_enabled":true,"jetpack-related-posts":[],"_links":{"self":[{"href":"https:\/\/eltrabajo.cl\/portal\/wp-json\/wp\/v2\/posts\/17187","targetHints":{"allow":["GET"]}}],"collection":[{"href":"https:\/\/eltrabajo.cl\/portal\/wp-json\/wp\/v2\/posts"}],"about":[{"href":"https:\/\/eltrabajo.cl\/portal\/wp-json\/wp\/v2\/types\/post"}],"author":[{"embeddable":true,"href":"https:\/\/eltrabajo.cl\/portal\/wp-json\/wp\/v2\/users\/1"}],"replies":[{"embeddable":true,"href":"https:\/\/eltrabajo.cl\/portal\/wp-json\/wp\/v2\/comments?post=17187"}],"version-history":[{"count":0,"href":"https:\/\/eltrabajo.cl\/portal\/wp-json\/wp\/v2\/posts\/17187\/revisions"}],"wp:featuredmedia":[{"embeddable":true,"href":"https:\/\/eltrabajo.cl\/portal\/wp-json\/wp\/v2\/media\/17188"}],"wp:attachment":[{"href":"https:\/\/eltrabajo.cl\/portal\/wp-json\/wp\/v2\/media?parent=17187"}],"wp:term":[{"taxonomy":"category","embeddable":true,"href":"https:\/\/eltrabajo.cl\/portal\/wp-json\/wp\/v2\/categories?post=17187"},{"taxonomy":"post_tag","embeddable":true,"href":"https:\/\/eltrabajo.cl\/portal\/wp-json\/wp\/v2\/tags?post=17187"}],"curies":[{"name":"wp","href":"https:\/\/api.w.org\/{rel}","templated":true}]}}