{"id":17197,"date":"2012-04-27T10:23:50","date_gmt":"2012-04-27T13:23:50","guid":{"rendered":"http:\/\/www.eltrabajo.cl\/portal\/?p=17197"},"modified":"2012-05-03T08:32:41","modified_gmt":"2012-05-03T12:32:41","slug":"a-sus-75-anos-abuela-lleva-39-anos-vendiendo-verduras-sin-descanso","status":"publish","type":"post","link":"https:\/\/eltrabajo.cl\/portal\/a-sus-75-anos-abuela-lleva-39-anos-vendiendo-verduras-sin-descanso\/","title":{"rendered":"A sus 75 a\u00f1os, abuela lleva 39 a\u00f1os vendiendo verduras sin descanso"},"content":{"rendered":"<figure id=\"attachment_17198\" aria-describedby=\"caption-attachment-17198\" style=\"width: 600px\" class=\"wp-caption alignnone\"><a href=\"http:\/\/www.eltrabajo.cl\/portal\/2012\/04\/a-sus-75-anos-abuela-lleva-39-anos-vendiendo-verduras-sin-descanso\/verduras1\/\" rel=\"attachment wp-att-17198\"><img data-recalc-dims=\"1\" loading=\"lazy\" decoding=\"async\" class=\"size-full wp-image-17198\" title=\"Verduras1\" src=\"https:\/\/i0.wp.com\/www.eltrabajo.cl\/portal\/wp-content\/uploads\/2012\/04\/Verduras1.jpg?resize=600%2C376\" alt=\"\" width=\"600\" height=\"376\" srcset=\"https:\/\/i0.wp.com\/eltrabajo.cl\/portal\/wp-content\/uploads\/2012\/04\/Verduras1.jpg?w=600&amp;ssl=1 600w, https:\/\/i0.wp.com\/eltrabajo.cl\/portal\/wp-content\/uploads\/2012\/04\/Verduras1.jpg?resize=200%2C125&amp;ssl=1 200w, https:\/\/i0.wp.com\/eltrabajo.cl\/portal\/wp-content\/uploads\/2012\/04\/Verduras1.jpg?resize=300%2C188&amp;ssl=1 300w, https:\/\/i0.wp.com\/eltrabajo.cl\/portal\/wp-content\/uploads\/2012\/04\/Verduras1.jpg?resize=150%2C94&amp;ssl=1 150w, https:\/\/i0.wp.com\/eltrabajo.cl\/portal\/wp-content\/uploads\/2012\/04\/Verduras1.jpg?resize=400%2C250&amp;ssl=1 400w\" sizes=\"auto, (max-width: 600px) 100vw, 600px\" \/><\/a><figcaption id=\"caption-attachment-17198\" class=\"wp-caption-text\">Fidelina L\u00f3pez asegura que a\u00fan no tiene razones para descansar y que seguir\u00e1 su labor hasta que Dios se lo permita.<\/figcaption><\/figure>\n<p>Roberto Gonz\u00e1lez Short &#8211; <a href=\"mailto:rgonzalez@eltrabajo.cl\">rgonzalez@eltrabajo.cl<\/a><\/p>\n<p>Quienes hacen sus compras de verduras y hortalizas en la Feria Mayorista de Hacienda Quilpu\u00e9, se asombran cuando son atendidos por la se\u00f1ora Fidelina del Carmen L\u00f3pez Hidalgo, pues a sus casi 76 a\u00f1os de edad, ella se encarga de atender y dar acomodo a todas las cajas y sacos de verduras que sus hijos producen en una peque\u00f1a parcelita ubicada en Algarrobal.<\/p>\n<p>\u201cYo antes vend\u00eda mis verduras en el Rodoviario y en las Ferias Libres, cuando crearon esta Feria Mayorista mejor\u00f3 para mi la situaci\u00f3n, aunque los inviernos son la peor \u00e9poca del a\u00f1o para vender verduras, yo sigo adelante\u201d, coment\u00f3 a Diario El Trabajo la se\u00f1ora Fidelina L\u00f3pez.<\/p>\n<figure id=\"attachment_17199\" aria-describedby=\"caption-attachment-17199\" style=\"width: 163px\" class=\"wp-caption alignright\"><a href=\"http:\/\/www.eltrabajo.cl\/portal\/2012\/04\/a-sus-75-anos-abuela-lleva-39-anos-vendiendo-verduras-sin-descanso\/abuelita1\/\" rel=\"attachment wp-att-17199\"><img data-recalc-dims=\"1\" loading=\"lazy\" decoding=\"async\" class=\"size-medium wp-image-17199 \" title=\"Abuelita1\" src=\"https:\/\/i0.wp.com\/www.eltrabajo.cl\/portal\/wp-content\/uploads\/2012\/04\/Abuelita1-272x300.jpg?resize=163%2C180\" alt=\"\" width=\"163\" height=\"180\" srcset=\"https:\/\/i0.wp.com\/eltrabajo.cl\/portal\/wp-content\/uploads\/2012\/04\/Abuelita1.jpg?resize=272%2C300&amp;ssl=1 272w, https:\/\/i0.wp.com\/eltrabajo.cl\/portal\/wp-content\/uploads\/2012\/04\/Abuelita1.jpg?resize=136%2C150&amp;ssl=1 136w, https:\/\/i0.wp.com\/eltrabajo.cl\/portal\/wp-content\/uploads\/2012\/04\/Abuelita1.jpg?resize=400%2C440&amp;ssl=1 400w, https:\/\/i0.wp.com\/eltrabajo.cl\/portal\/wp-content\/uploads\/2012\/04\/Abuelita1.jpg?w=930&amp;ssl=1 930w\" sizes=\"auto, (max-width: 163px) 100vw, 163px\" \/><\/a><figcaption id=\"caption-attachment-17199\" class=\"wp-caption-text\">Fidelina del Carmen L\u00f3pez Hidalgo, agricultora y comerciante de 75 a\u00f1os.<\/figcaption><\/figure>\n<p>Esta agricultora naci\u00f3 el jueves 6 de agosto de 1936 en Chincolco y, aun que ahora ella no siembra personalmente sus verduras, uno de sus hijos s\u00ed las cultiva mientras que Ana, una de sus hijas, le ayuda a la venta en su tramo dentro de la Feria Mayorista.<\/p>\n<p>Quienes la conocen aseguran que ella es una mujer que nunca se deja vencer por el fr\u00edo o el calor. Fidelina inspira optimismo entre los vendedores de esta feria sanfelipe\u00f1a. Diario El Trabajo le felicita y anima a seguir reforzando la gran fuerza laboral de Aconcagua.<\/p>\n","protected":false},"excerpt":{"rendered":"<p>Roberto Gonz\u00e1lez Short &#8211; rgonzalez@eltrabajo.cl Quienes hacen sus compras de verduras y hortalizas en la Feria Mayorista de Hacienda Quilpu\u00e9, se asombran cuando son atendidos por la se\u00f1ora Fidelina del Carmen L\u00f3pez&#8230;<\/p>\n","protected":false},"author":1,"featured_media":17198,"comment_status":"open","ping_status":"open","sticky":false,"template":"","format":"standard","meta":{"advanced_seo_description":"","jetpack_seo_html_title":"","jetpack_seo_noindex":false,"_jetpack_memberships_contains_paid_content":false,"footnotes":""},"categories":[15],"tags":[],"class_list":["post-17197","post","type-post","status-publish","format-standard","has-post-thumbnail","hentry","category-comunidad"],"jetpack_featured_media_url":"https:\/\/i0.wp.com\/eltrabajo.cl\/portal\/wp-content\/uploads\/2012\/04\/Verduras1.jpg?fit=600%2C376&ssl=1","jetpack_sharing_enabled":true,"jetpack_likes_enabled":true,"jetpack-related-posts":[],"_links":{"self":[{"href":"https:\/\/eltrabajo.cl\/portal\/wp-json\/wp\/v2\/posts\/17197","targetHints":{"allow":["GET"]}}],"collection":[{"href":"https:\/\/eltrabajo.cl\/portal\/wp-json\/wp\/v2\/posts"}],"about":[{"href":"https:\/\/eltrabajo.cl\/portal\/wp-json\/wp\/v2\/types\/post"}],"author":[{"embeddable":true,"href":"https:\/\/eltrabajo.cl\/portal\/wp-json\/wp\/v2\/users\/1"}],"replies":[{"embeddable":true,"href":"https:\/\/eltrabajo.cl\/portal\/wp-json\/wp\/v2\/comments?post=17197"}],"version-history":[{"count":0,"href":"https:\/\/eltrabajo.cl\/portal\/wp-json\/wp\/v2\/posts\/17197\/revisions"}],"wp:featuredmedia":[{"embeddable":true,"href":"https:\/\/eltrabajo.cl\/portal\/wp-json\/wp\/v2\/media\/17198"}],"wp:attachment":[{"href":"https:\/\/eltrabajo.cl\/portal\/wp-json\/wp\/v2\/media?parent=17197"}],"wp:term":[{"taxonomy":"category","embeddable":true,"href":"https:\/\/eltrabajo.cl\/portal\/wp-json\/wp\/v2\/categories?post=17197"},{"taxonomy":"post_tag","embeddable":true,"href":"https:\/\/eltrabajo.cl\/portal\/wp-json\/wp\/v2\/tags?post=17197"}],"curies":[{"name":"wp","href":"https:\/\/api.w.org\/{rel}","templated":true}]}}