{"id":17206,"date":"2012-04-27T10:30:35","date_gmt":"2012-04-27T13:30:35","guid":{"rendered":"http:\/\/www.eltrabajo.cl\/portal\/?p=17206"},"modified":"2012-05-03T08:32:41","modified_gmt":"2012-05-03T12:32:41","slug":"directivos-municipales-%e2%80%98le-sacaron-punta%e2%80%99-a-capacitaciones-de-la-uv","status":"publish","type":"post","link":"https:\/\/eltrabajo.cl\/portal\/directivos-municipales-%e2%80%98le-sacaron-punta%e2%80%99-a-capacitaciones-de-la-uv\/","title":{"rendered":"Directivos municipales \u2018le sacaron punta\u2019 a capacitaciones de la UV"},"content":{"rendered":"<figure id=\"attachment_17207\" aria-describedby=\"caption-attachment-17207\" style=\"width: 600px\" class=\"wp-caption alignnone\"><a href=\"http:\/\/www.eltrabajo.cl\/portal\/2012\/04\/directivos-municipales-%e2%80%98le-sacaron-punta%e2%80%99-a-capacitaciones-de-la-uv\/titulacion1\/\" rel=\"attachment wp-att-17207\"><img data-recalc-dims=\"1\" loading=\"lazy\" decoding=\"async\" class=\"size-full wp-image-17207\" title=\"Titulacion1\" src=\"https:\/\/i0.wp.com\/www.eltrabajo.cl\/portal\/wp-content\/uploads\/2012\/04\/Titulacion1.jpg?resize=600%2C358\" alt=\"\" width=\"600\" height=\"358\" srcset=\"https:\/\/i0.wp.com\/eltrabajo.cl\/portal\/wp-content\/uploads\/2012\/04\/Titulacion1.jpg?w=600&amp;ssl=1 600w, https:\/\/i0.wp.com\/eltrabajo.cl\/portal\/wp-content\/uploads\/2012\/04\/Titulacion1.jpg?resize=200%2C119&amp;ssl=1 200w, https:\/\/i0.wp.com\/eltrabajo.cl\/portal\/wp-content\/uploads\/2012\/04\/Titulacion1.jpg?resize=300%2C179&amp;ssl=1 300w, https:\/\/i0.wp.com\/eltrabajo.cl\/portal\/wp-content\/uploads\/2012\/04\/Titulacion1.jpg?resize=150%2C89&amp;ssl=1 150w, https:\/\/i0.wp.com\/eltrabajo.cl\/portal\/wp-content\/uploads\/2012\/04\/Titulacion1.jpg?resize=400%2C238&amp;ssl=1 400w\" sizes=\"auto, (max-width: 600px) 100vw, 600px\" \/><\/a><figcaption id=\"caption-attachment-17207\" class=\"wp-caption-text\">Orgullosos y con una sonrisa \u2018de oreja a oreja\u2019, as\u00ed terminaron este curso los directivos municipales que pidieron aprovecharlo.<\/figcaption><\/figure>\n<p>Roberto Gonz\u00e1lez Short &#8211; <a href=\"mailto:rgonzalez@eltrabajo.cl\">rgonzalez@eltrabajo.cl<\/a><\/p>\n<p>Entre aplausos y los flash de las c\u00e1maras fotogr\u00e1ficas lleg\u00f3 a su t\u00e9rmino el segundo curso de capacitaci\u00f3n dirigido a funcionarios de distintas comunas de la Quinta Regi\u00f3n.<\/p>\n<p>La Asociaci\u00f3n Regional de Municipalidades en conjunto con la Universidad de Valpara\u00edso impartieron dicho programa de capacitaci\u00f3n en las comunas de San Felipe, San Antonio y Quilpu\u00e9.<\/p>\n<figure id=\"attachment_17208\" aria-describedby=\"caption-attachment-17208\" style=\"width: 173px\" class=\"wp-caption alignright\"><a href=\"http:\/\/www.eltrabajo.cl\/portal\/2012\/04\/directivos-municipales-%e2%80%98le-sacaron-punta%e2%80%99-a-capacitaciones-de-la-uv\/profesor1-3\/\" rel=\"attachment wp-att-17208\"><img data-recalc-dims=\"1\" loading=\"lazy\" decoding=\"async\" class=\"size-medium wp-image-17208 \" title=\"Profesor1\" src=\"https:\/\/i0.wp.com\/www.eltrabajo.cl\/portal\/wp-content\/uploads\/2012\/04\/Profesor11-289x300.jpg?resize=173%2C180\" alt=\"\" width=\"173\" height=\"180\" srcset=\"https:\/\/i0.wp.com\/eltrabajo.cl\/portal\/wp-content\/uploads\/2012\/04\/Profesor11.jpg?resize=289%2C300&amp;ssl=1 289w, https:\/\/i0.wp.com\/eltrabajo.cl\/portal\/wp-content\/uploads\/2012\/04\/Profesor11.jpg?resize=144%2C150&amp;ssl=1 144w, https:\/\/i0.wp.com\/eltrabajo.cl\/portal\/wp-content\/uploads\/2012\/04\/Profesor11.jpg?resize=400%2C414&amp;ssl=1 400w, https:\/\/i0.wp.com\/eltrabajo.cl\/portal\/wp-content\/uploads\/2012\/04\/Profesor11.jpg?w=989&amp;ssl=1 989w\" sizes=\"auto, (max-width: 173px) 100vw, 173px\" \/><\/a><figcaption id=\"caption-attachment-17208\" class=\"wp-caption-text\">Cristian Cofr\u00e9, Coordinador de la Unidad de Capacitaci\u00f3n de la carrera de Administraci\u00f3n P\u00fablica en la Universidad de Valpara\u00edso.<\/figcaption><\/figure>\n<p>Los certificados fueron entregados en las dependencias del Club \u00c1rabe, instancia en que participaron los 25 funcionarios que llegaron desde distintas comunas del Valle de Aconcagua como Putaendo, Llay Llay, Catemu, Panquehue y Los Andes.<\/p>\n<p>\u201cLa capacitaci\u00f3n a estos 25 directivos municipales est\u00e1 orientada a generar competencia y vialidad para desarrollar planes de desarrollo econ\u00f3mico local a nivel de los municipios. Los participantes fueron capacitados en lo que tiene que ver con planes de desarrollo y herramientas de fomento productivo\u201d, explic\u00f3 Cristian Cofr\u00e9, Coordinador de la Unidad de Capacitaci\u00f3n de la carrera de Administraci\u00f3n P\u00fablica en la Universidad de Valpara\u00edso a Diario El Trabajo.<\/p>\n<p>\u201cEste programa de capacitaci\u00f3n se impuso en conjunto con el Cap\u00edtulo Valpara\u00edso de la Asociaci\u00f3n Regional de Municipalidades y est\u00e1 dentro de los lineamientos que la Subsecretar\u00eda de Desarrollo Regional y Administrativo (Subdere) ha establecido\u201d, agreg\u00f3 Cofr\u00e9.<\/p>\n","protected":false},"excerpt":{"rendered":"<p>Roberto Gonz\u00e1lez Short &#8211; rgonzalez@eltrabajo.cl Entre aplausos y los flash de las c\u00e1maras fotogr\u00e1ficas lleg\u00f3 a su t\u00e9rmino el segundo curso de capacitaci\u00f3n dirigido a funcionarios de distintas comunas de la Quinta&#8230;<\/p>\n","protected":false},"author":1,"featured_media":17207,"comment_status":"open","ping_status":"open","sticky":false,"template":"","format":"standard","meta":{"advanced_seo_description":"","jetpack_seo_html_title":"","jetpack_seo_noindex":false,"_jetpack_memberships_contains_paid_content":false,"footnotes":""},"categories":[15],"tags":[],"class_list":["post-17206","post","type-post","status-publish","format-standard","has-post-thumbnail","hentry","category-comunidad"],"jetpack_featured_media_url":"https:\/\/i0.wp.com\/eltrabajo.cl\/portal\/wp-content\/uploads\/2012\/04\/Titulacion1.jpg?fit=600%2C358&ssl=1","jetpack_sharing_enabled":true,"jetpack_likes_enabled":true,"jetpack-related-posts":[],"_links":{"self":[{"href":"https:\/\/eltrabajo.cl\/portal\/wp-json\/wp\/v2\/posts\/17206","targetHints":{"allow":["GET"]}}],"collection":[{"href":"https:\/\/eltrabajo.cl\/portal\/wp-json\/wp\/v2\/posts"}],"about":[{"href":"https:\/\/eltrabajo.cl\/portal\/wp-json\/wp\/v2\/types\/post"}],"author":[{"embeddable":true,"href":"https:\/\/eltrabajo.cl\/portal\/wp-json\/wp\/v2\/users\/1"}],"replies":[{"embeddable":true,"href":"https:\/\/eltrabajo.cl\/portal\/wp-json\/wp\/v2\/comments?post=17206"}],"version-history":[{"count":0,"href":"https:\/\/eltrabajo.cl\/portal\/wp-json\/wp\/v2\/posts\/17206\/revisions"}],"wp:featuredmedia":[{"embeddable":true,"href":"https:\/\/eltrabajo.cl\/portal\/wp-json\/wp\/v2\/media\/17207"}],"wp:attachment":[{"href":"https:\/\/eltrabajo.cl\/portal\/wp-json\/wp\/v2\/media?parent=17206"}],"wp:term":[{"taxonomy":"category","embeddable":true,"href":"https:\/\/eltrabajo.cl\/portal\/wp-json\/wp\/v2\/categories?post=17206"},{"taxonomy":"post_tag","embeddable":true,"href":"https:\/\/eltrabajo.cl\/portal\/wp-json\/wp\/v2\/tags?post=17206"}],"curies":[{"name":"wp","href":"https:\/\/api.w.org\/{rel}","templated":true}]}}