{"id":17213,"date":"2012-04-27T10:34:16","date_gmt":"2012-04-27T13:34:16","guid":{"rendered":"http:\/\/www.eltrabajo.cl\/portal\/?p=17213"},"modified":"2012-05-03T08:32:41","modified_gmt":"2012-05-03T12:32:41","slug":"suplementero-lleva-30-anos-vendiendo-diario-el-trabajo","status":"publish","type":"post","link":"https:\/\/eltrabajo.cl\/portal\/suplementero-lleva-30-anos-vendiendo-diario-el-trabajo\/","title":{"rendered":"Suplementero lleva 30 a\u00f1os vendiendo Diario El Trabajo"},"content":{"rendered":"<figure id=\"attachment_17214\" aria-describedby=\"caption-attachment-17214\" style=\"width: 600px\" class=\"wp-caption alignnone\"><a href=\"http:\/\/www.eltrabajo.cl\/portal\/2012\/04\/suplementero-lleva-30-anos-vendiendo-diario-el-trabajo\/joselito1\/\" rel=\"attachment wp-att-17214\"><img data-recalc-dims=\"1\" loading=\"lazy\" decoding=\"async\" class=\"size-full wp-image-17214\" title=\"Joselito1\" src=\"https:\/\/i0.wp.com\/www.eltrabajo.cl\/portal\/wp-content\/uploads\/2012\/04\/Joselito1.jpg?resize=600%2C365\" alt=\"\" width=\"600\" height=\"365\" srcset=\"https:\/\/i0.wp.com\/eltrabajo.cl\/portal\/wp-content\/uploads\/2012\/04\/Joselito1.jpg?w=600&amp;ssl=1 600w, https:\/\/i0.wp.com\/eltrabajo.cl\/portal\/wp-content\/uploads\/2012\/04\/Joselito1.jpg?resize=200%2C121&amp;ssl=1 200w, https:\/\/i0.wp.com\/eltrabajo.cl\/portal\/wp-content\/uploads\/2012\/04\/Joselito1.jpg?resize=300%2C182&amp;ssl=1 300w, https:\/\/i0.wp.com\/eltrabajo.cl\/portal\/wp-content\/uploads\/2012\/04\/Joselito1.jpg?resize=150%2C91&amp;ssl=1 150w, https:\/\/i0.wp.com\/eltrabajo.cl\/portal\/wp-content\/uploads\/2012\/04\/Joselito1.jpg?resize=400%2C243&amp;ssl=1 400w\" sizes=\"auto, (max-width: 600px) 100vw, 600px\" \/><\/a><figcaption id=\"caption-attachment-17214\" class=\"wp-caption-text\">De lunes a viernes \u2018Joselito\u2019 recorre las avenidas de San Felipe para entregar la propuesta period\u00edstica de Diario El Trabajo en cada uno de sus ejemplares.<\/figcaption><\/figure>\n<p>Roberto Gonz\u00e1lez Short &#8211; <a href=\"mailto:rgonzalez@eltrabajo.cl\">rgonzalez@eltrabajo.cl<\/a><\/p>\n<p>Usted lo conoce. Es \u2018Joselito\u2019, un corpulento caballero que recorre las avenidas de San Felipe desde hace tres d\u00e9cadas cargando todos los d\u00edas su rollo de diarios por la ciudad. Aunque naci\u00f3 en Osorno, \u00e9l y sus dos hermanos llegaron a San Felipe con su madre hace mucho tiempo, desde entonces se gana la vida vendiendo suplementos y peri\u00f3dicos.<\/p>\n<figure id=\"attachment_17215\" aria-describedby=\"caption-attachment-17215\" style=\"width: 234px\" class=\"wp-caption alignright\"><a href=\"http:\/\/www.eltrabajo.cl\/portal\/2012\/04\/suplementero-lleva-30-anos-vendiendo-diario-el-trabajo\/miguel-angel1\/\" rel=\"attachment wp-att-17215\"><img data-recalc-dims=\"1\" loading=\"lazy\" decoding=\"async\" class=\"size-medium wp-image-17215 \" title=\"Miguel Angel1\" src=\"https:\/\/i0.wp.com\/www.eltrabajo.cl\/portal\/wp-content\/uploads\/2012\/04\/Miguel-Angel1-293x300.jpg?resize=234%2C240\" alt=\"\" width=\"234\" height=\"240\" srcset=\"https:\/\/i0.wp.com\/eltrabajo.cl\/portal\/wp-content\/uploads\/2012\/04\/Miguel-Angel1.jpg?resize=293%2C300&amp;ssl=1 293w, https:\/\/i0.wp.com\/eltrabajo.cl\/portal\/wp-content\/uploads\/2012\/04\/Miguel-Angel1.jpg?resize=146%2C150&amp;ssl=1 146w, https:\/\/i0.wp.com\/eltrabajo.cl\/portal\/wp-content\/uploads\/2012\/04\/Miguel-Angel1.jpg?resize=400%2C409&amp;ssl=1 400w, https:\/\/i0.wp.com\/eltrabajo.cl\/portal\/wp-content\/uploads\/2012\/04\/Miguel-Angel1.jpg?w=1001&amp;ssl=1 1001w\" sizes=\"auto, (max-width: 234px) 100vw, 234px\" \/><\/a><figcaption id=\"caption-attachment-17215\" class=\"wp-caption-text\">Gerente Comercial de Diario El Trabajo, Miguel \u00c1ngel Juri Ceballos.<\/figcaption><\/figure>\n<p>\u201cGracias a mi oficio de suplementero he logrado ganarme la vida desde que llegamos a vivir a San Felipe hace 30 a\u00f1os, soy el menor de tres hermanos, vivo con un hermano m\u00edo pues nuestra madre muri\u00f3 hace a\u00f1os; estoy agradecido con Diario El Trabajo pues ellos me abrieron sus puertas para que yo me ganara la vida desde entonces\u201d, explic\u00f3 Jos\u00e9 Guillermo Garc\u00e9s Pacheco de 52 a\u00f1os.<\/p>\n<p>\u201cRecuerdo que \u2018Joselito\u2019 lleg\u00f3 a nuestra empresa a pedir trabajo hace muchos a\u00f1os, \u00e9l se convirti\u00f3 en un suplementero fiel y siempre ha mostrado muchas ganas de hacer bien su labor. En nuestra empresa nos sentimos agradecidos con su trayectoria de tantos a\u00f1os\u201d, reconoci\u00f3 nuestro Gerente Comercial, Miguel \u00c1ngel Juri.<\/p>\n","protected":false},"excerpt":{"rendered":"<p>Roberto Gonz\u00e1lez Short &#8211; rgonzalez@eltrabajo.cl Usted lo conoce. Es \u2018Joselito\u2019, un corpulento caballero que recorre las avenidas de San Felipe desde hace tres d\u00e9cadas cargando todos los d\u00edas su rollo de diarios&#8230;<\/p>\n","protected":false},"author":1,"featured_media":17214,"comment_status":"open","ping_status":"open","sticky":false,"template":"","format":"standard","meta":{"advanced_seo_description":"","jetpack_seo_html_title":"","jetpack_seo_noindex":false,"_jetpack_memberships_contains_paid_content":false,"footnotes":""},"categories":[15],"tags":[],"class_list":["post-17213","post","type-post","status-publish","format-standard","has-post-thumbnail","hentry","category-comunidad"],"jetpack_featured_media_url":"https:\/\/i0.wp.com\/eltrabajo.cl\/portal\/wp-content\/uploads\/2012\/04\/Joselito1.jpg?fit=600%2C365&ssl=1","jetpack_sharing_enabled":true,"jetpack_likes_enabled":true,"jetpack-related-posts":[],"_links":{"self":[{"href":"https:\/\/eltrabajo.cl\/portal\/wp-json\/wp\/v2\/posts\/17213","targetHints":{"allow":["GET"]}}],"collection":[{"href":"https:\/\/eltrabajo.cl\/portal\/wp-json\/wp\/v2\/posts"}],"about":[{"href":"https:\/\/eltrabajo.cl\/portal\/wp-json\/wp\/v2\/types\/post"}],"author":[{"embeddable":true,"href":"https:\/\/eltrabajo.cl\/portal\/wp-json\/wp\/v2\/users\/1"}],"replies":[{"embeddable":true,"href":"https:\/\/eltrabajo.cl\/portal\/wp-json\/wp\/v2\/comments?post=17213"}],"version-history":[{"count":0,"href":"https:\/\/eltrabajo.cl\/portal\/wp-json\/wp\/v2\/posts\/17213\/revisions"}],"wp:featuredmedia":[{"embeddable":true,"href":"https:\/\/eltrabajo.cl\/portal\/wp-json\/wp\/v2\/media\/17214"}],"wp:attachment":[{"href":"https:\/\/eltrabajo.cl\/portal\/wp-json\/wp\/v2\/media?parent=17213"}],"wp:term":[{"taxonomy":"category","embeddable":true,"href":"https:\/\/eltrabajo.cl\/portal\/wp-json\/wp\/v2\/categories?post=17213"},{"taxonomy":"post_tag","embeddable":true,"href":"https:\/\/eltrabajo.cl\/portal\/wp-json\/wp\/v2\/tags?post=17213"}],"curies":[{"name":"wp","href":"https:\/\/api.w.org\/{rel}","templated":true}]}}