{"id":17222,"date":"2012-04-27T10:37:27","date_gmt":"2012-04-27T13:37:27","guid":{"rendered":"http:\/\/www.eltrabajo.cl\/portal\/?p=17222"},"modified":"2012-05-03T08:32:41","modified_gmt":"2012-05-03T12:32:41","slug":"escuela-%e2%80%98julio-tejedor-zuniga%e2%80%99-de-jahuelito-celebro-el-dia-del-carabinero","status":"publish","type":"post","link":"https:\/\/eltrabajo.cl\/portal\/escuela-%e2%80%98julio-tejedor-zuniga%e2%80%99-de-jahuelito-celebro-el-dia-del-carabinero\/","title":{"rendered":"Escuela \u2018Julio Tejedor Z\u00fa\u00f1iga\u2019 de Jahuelito celebr\u00f3 el D\u00eda del Carabinero"},"content":{"rendered":"<figure id=\"attachment_17223\" aria-describedby=\"caption-attachment-17223\" style=\"width: 600px\" class=\"wp-caption alignnone\"><a href=\"http:\/\/www.eltrabajo.cl\/portal\/2012\/04\/escuela-%e2%80%98julio-tejedor-zuniga%e2%80%99-de-jahuelito-celebro-el-dia-del-carabinero\/dia-del-carabinero-santamaria-2\/\" rel=\"attachment wp-att-17223\"><img data-recalc-dims=\"1\" loading=\"lazy\" decoding=\"async\" class=\"size-full wp-image-17223\" title=\"dia del carabinero santamaria (2)\" src=\"https:\/\/i0.wp.com\/www.eltrabajo.cl\/portal\/wp-content\/uploads\/2012\/04\/dia-del-carabinero-santamaria-2.jpg?resize=600%2C450\" alt=\"\" width=\"600\" height=\"450\" srcset=\"https:\/\/i0.wp.com\/eltrabajo.cl\/portal\/wp-content\/uploads\/2012\/04\/dia-del-carabinero-santamaria-2.jpg?w=600&amp;ssl=1 600w, https:\/\/i0.wp.com\/eltrabajo.cl\/portal\/wp-content\/uploads\/2012\/04\/dia-del-carabinero-santamaria-2.jpg?resize=200%2C150&amp;ssl=1 200w, https:\/\/i0.wp.com\/eltrabajo.cl\/portal\/wp-content\/uploads\/2012\/04\/dia-del-carabinero-santamaria-2.jpg?resize=300%2C225&amp;ssl=1 300w, https:\/\/i0.wp.com\/eltrabajo.cl\/portal\/wp-content\/uploads\/2012\/04\/dia-del-carabinero-santamaria-2.jpg?resize=150%2C112&amp;ssl=1 150w, https:\/\/i0.wp.com\/eltrabajo.cl\/portal\/wp-content\/uploads\/2012\/04\/dia-del-carabinero-santamaria-2.jpg?resize=400%2C300&amp;ssl=1 400w\" sizes=\"auto, (max-width: 600px) 100vw, 600px\" \/><\/a><figcaption id=\"caption-attachment-17223\" class=\"wp-caption-text\">Autoridades de carabineros junto al Alcalde Claudio Zurita durante la ceremonia de celebraci\u00f3n.<\/figcaption><\/figure>\n<p><strong>SANTA MAR\u00cdA.-<\/strong> Con una gran participaci\u00f3n de la comunidad escolar, la Escuela \u2018Julio Tejedor Z\u00fa\u00f1iga\u2019 de Jahuelito rindi\u00f3 un emotivo homenaje a la distinguida y respetada Instituci\u00f3n de Carabineros de Chile.<\/p>\n<p>A la actividad asistieron el Alcalde Claudio Zurita Ibarra; el Comisario de Carabineros, Mayor Marcelo Arancibia Pacheco, junto al Capit\u00e1n Nelson Alvarado Fortes, Subcomisario de los Servicios, ambos de la Segunda Comisar\u00eda de San Felipe; el Capit\u00e1n Mario Vucovich Padilla, Jefe Servicio M\u00e9dico Aconcagua; el Sub Oficial Mayor Roberto Burgos Arce, Encargado Oficina Comunitaria; el Sub Teniente Diego Ojeda Galindo, 2da Com. San Felipe; el Suboficial Mayor Walter Rivas, Jefe de la Tenencia Santa Mar\u00eda; el Jefe de Daem, Arturo Costa, entre otros importantes invitados, adem\u00e1s de la Directora de la Unidad Educativa, Pamela Silva, docentes, alumnos y apoderados.<\/p>\n<figure id=\"attachment_17224\" aria-describedby=\"caption-attachment-17224\" style=\"width: 300px\" class=\"wp-caption alignright\"><a href=\"http:\/\/www.eltrabajo.cl\/portal\/2012\/04\/escuela-%e2%80%98julio-tejedor-zuniga%e2%80%99-de-jahuelito-celebro-el-dia-del-carabinero\/dia-del-carabinero-santamaria-1\/\" rel=\"attachment wp-att-17224\"><img data-recalc-dims=\"1\" loading=\"lazy\" decoding=\"async\" class=\"size-medium wp-image-17224\" title=\"dia del carabinero santamaria (1)\" src=\"https:\/\/i0.wp.com\/www.eltrabajo.cl\/portal\/wp-content\/uploads\/2012\/04\/dia-del-carabinero-santamaria-1-300x225.jpg?resize=300%2C225\" alt=\"\" width=\"300\" height=\"225\" srcset=\"https:\/\/i0.wp.com\/eltrabajo.cl\/portal\/wp-content\/uploads\/2012\/04\/dia-del-carabinero-santamaria-1.jpg?resize=300%2C225&amp;ssl=1 300w, https:\/\/i0.wp.com\/eltrabajo.cl\/portal\/wp-content\/uploads\/2012\/04\/dia-del-carabinero-santamaria-1.jpg?resize=200%2C150&amp;ssl=1 200w, https:\/\/i0.wp.com\/eltrabajo.cl\/portal\/wp-content\/uploads\/2012\/04\/dia-del-carabinero-santamaria-1.jpg?resize=150%2C112&amp;ssl=1 150w, https:\/\/i0.wp.com\/eltrabajo.cl\/portal\/wp-content\/uploads\/2012\/04\/dia-del-carabinero-santamaria-1.jpg?resize=400%2C300&amp;ssl=1 400w, https:\/\/i0.wp.com\/eltrabajo.cl\/portal\/wp-content\/uploads\/2012\/04\/dia-del-carabinero-santamaria-1.jpg?w=600&amp;ssl=1 600w\" sizes=\"auto, (max-width: 300px) 100vw, 300px\" \/><\/a><figcaption id=\"caption-attachment-17224\" class=\"wp-caption-text\">Los peques rindieron un emotivo homenaje a Carabineros en su nuevo Aniversario.<\/figcaption><\/figure>\n<p>En la oportunidad, los docentes y alumnos a trav\u00e9s de diversas presentaciones art\u00edsticas, donde predominaron nuestras tradiciones folcl\u00f3ricas como cuecas, payas, poemas y tonadas, quisieron demostrar el gran cari\u00f1o que sienten por Carabineros de Chile.<\/p>\n<p>Tambi\u00e9n se cont\u00f3 con la presencia de la Sede de Postulaciones Aconcagua, quienes adem\u00e1s de llevar presentes para las autoridades y alumnos, entregaron informaci\u00f3n con respecto al proceso de postulaci\u00f3n a la Escuela de Formaci\u00f3n de Carabineros y su labor dentro de la comunidad.<\/p>\n<p>La instituci\u00f3n que se encuentran celebrando su cumplea\u00f1os n\u00famero 85, fue fundada el 27 de abril de 1927 por el entonces Vicepresidente de la Rep\u00fablica, Coronel de Ej\u00e9rcito Carlos Ib\u00e1\u00f1ez del Campo.<\/p>\n<p>Nuestras m\u00e1s sinceras felicitaciones a cada uno de sus integrantes que con gran sacrificio y dedicaci\u00f3n, se esmeran por hacer de este pa\u00eds un mejor lugar para vivir.<\/p>\n","protected":false},"excerpt":{"rendered":"<p>SANTA MAR\u00cdA.- Con una gran participaci\u00f3n de la comunidad escolar, la Escuela \u2018Julio Tejedor Z\u00fa\u00f1iga\u2019 de Jahuelito rindi\u00f3 un emotivo homenaje a la distinguida y respetada Instituci\u00f3n de Carabineros de Chile. A&#8230;<\/p>\n","protected":false},"author":1,"featured_media":17223,"comment_status":"open","ping_status":"open","sticky":false,"template":"","format":"standard","meta":{"advanced_seo_description":"","jetpack_seo_html_title":"","jetpack_seo_noindex":false,"_jetpack_memberships_contains_paid_content":false,"footnotes":""},"categories":[15],"tags":[],"class_list":["post-17222","post","type-post","status-publish","format-standard","has-post-thumbnail","hentry","category-comunidad"],"jetpack_featured_media_url":"https:\/\/i0.wp.com\/eltrabajo.cl\/portal\/wp-content\/uploads\/2012\/04\/dia-del-carabinero-santamaria-2.jpg?fit=600%2C450&ssl=1","jetpack_sharing_enabled":true,"jetpack_likes_enabled":true,"jetpack-related-posts":[],"_links":{"self":[{"href":"https:\/\/eltrabajo.cl\/portal\/wp-json\/wp\/v2\/posts\/17222","targetHints":{"allow":["GET"]}}],"collection":[{"href":"https:\/\/eltrabajo.cl\/portal\/wp-json\/wp\/v2\/posts"}],"about":[{"href":"https:\/\/eltrabajo.cl\/portal\/wp-json\/wp\/v2\/types\/post"}],"author":[{"embeddable":true,"href":"https:\/\/eltrabajo.cl\/portal\/wp-json\/wp\/v2\/users\/1"}],"replies":[{"embeddable":true,"href":"https:\/\/eltrabajo.cl\/portal\/wp-json\/wp\/v2\/comments?post=17222"}],"version-history":[{"count":0,"href":"https:\/\/eltrabajo.cl\/portal\/wp-json\/wp\/v2\/posts\/17222\/revisions"}],"wp:featuredmedia":[{"embeddable":true,"href":"https:\/\/eltrabajo.cl\/portal\/wp-json\/wp\/v2\/media\/17223"}],"wp:attachment":[{"href":"https:\/\/eltrabajo.cl\/portal\/wp-json\/wp\/v2\/media?parent=17222"}],"wp:term":[{"taxonomy":"category","embeddable":true,"href":"https:\/\/eltrabajo.cl\/portal\/wp-json\/wp\/v2\/categories?post=17222"},{"taxonomy":"post_tag","embeddable":true,"href":"https:\/\/eltrabajo.cl\/portal\/wp-json\/wp\/v2\/tags?post=17222"}],"curies":[{"name":"wp","href":"https:\/\/api.w.org\/{rel}","templated":true}]}}