{"id":17233,"date":"2012-04-27T10:43:37","date_gmt":"2012-04-27T13:43:37","guid":{"rendered":"http:\/\/www.eltrabajo.cl\/portal\/?p=17233"},"modified":"2012-05-03T08:32:41","modified_gmt":"2012-05-03T12:32:41","slug":"saul-schkolnik-compartio-con-alumnos-de-la-escuela-de-guzmanes","status":"publish","type":"post","link":"https:\/\/eltrabajo.cl\/portal\/saul-schkolnik-compartio-con-alumnos-de-la-escuela-de-guzmanes\/","title":{"rendered":"Sa\u00fal Schkolnik comparti\u00f3 con alumnos de la escuela de Guzmanes"},"content":{"rendered":"<figure id=\"attachment_17234\" aria-describedby=\"caption-attachment-17234\" style=\"width: 600px\" class=\"wp-caption alignnone\"><a href=\"http:\/\/www.eltrabajo.cl\/portal\/2012\/04\/saul-schkolnik-compartio-con-alumnos-de-la-escuela-de-guzmanes\/schkolnick-con-alumnos\/\" rel=\"attachment wp-att-17234\"><img data-recalc-dims=\"1\" loading=\"lazy\" decoding=\"async\" class=\"size-full wp-image-17234\" title=\"schkolnick con alumnos\" src=\"https:\/\/i0.wp.com\/www.eltrabajo.cl\/portal\/wp-content\/uploads\/2012\/04\/schkolnick-con-alumnos.jpg?resize=600%2C450\" alt=\"\" width=\"600\" height=\"450\" srcset=\"https:\/\/i0.wp.com\/eltrabajo.cl\/portal\/wp-content\/uploads\/2012\/04\/schkolnick-con-alumnos.jpg?w=600&amp;ssl=1 600w, https:\/\/i0.wp.com\/eltrabajo.cl\/portal\/wp-content\/uploads\/2012\/04\/schkolnick-con-alumnos.jpg?resize=200%2C150&amp;ssl=1 200w, https:\/\/i0.wp.com\/eltrabajo.cl\/portal\/wp-content\/uploads\/2012\/04\/schkolnick-con-alumnos.jpg?resize=300%2C225&amp;ssl=1 300w, https:\/\/i0.wp.com\/eltrabajo.cl\/portal\/wp-content\/uploads\/2012\/04\/schkolnick-con-alumnos.jpg?resize=150%2C112&amp;ssl=1 150w, https:\/\/i0.wp.com\/eltrabajo.cl\/portal\/wp-content\/uploads\/2012\/04\/schkolnick-con-alumnos.jpg?resize=400%2C300&amp;ssl=1 400w\" sizes=\"auto, (max-width: 600px) 100vw, 600px\" \/><\/a><figcaption id=\"caption-attachment-17234\" class=\"wp-caption-text\">El escritor de literatura infantil, Sa\u00fal Schkolnik, comparti\u00f3 amenamente con los m\u00e1s peque\u00f1os.<\/figcaption><\/figure>\n<p><strong>PUTAENDO.-<\/strong> El destacado escritor Sa\u00fal Schkolnik junto al Centro Cultural de Rinconada de Silva visitaron a los estudiantes de la escuela San Alberto de Guzmanes en el marco de las celebraciones del D\u00eda Mundial del Libro.<\/p>\n<p>La actividad tuvo por finalidad compartir con distintos grupos de estudiantes de dicho establecimiento, a quienes se les explic\u00f3 en forma did\u00e1ctica la importancia de la lectura, adem\u00e1s de compartir algunos cuentos del destacado escritor, que convers\u00f3 amenamente sobre todo con los m\u00e1s peque\u00f1os, a quienes detenidamente narr\u00f3 sus experiencias como ni\u00f1o y como el amor por la lectura desde su infancia le permiti\u00f3 convertirse en un destacado escritor, generando una interacci\u00f3n con los alumnos que a la vez le hicieron bastantes preguntas relacionadas con el mundo de las letras.<\/p>\n<p>Estuvo tambi\u00e9n presente la destacada poetiza rinconadina Sara Olgu\u00edn, quien tambi\u00e9n deleit\u00f3 con sus versos y poemas a los peque\u00f1os que compartieron posteriormente una peque\u00f1a colaci\u00f3n con la delegaci\u00f3n encabezada por la presidenta del centro cultural de Rinconada de Silva, Gema Lepe, que fue la gestora de dicha actividad que permiti\u00f3 que un n\u00famero importante de estudiantes de la escuela San Alberto de Guzmanes recibieran la visita de estas importantes personalidades en su establecimiento.<\/p>\n<p><strong>Patricio Gallardo M.<\/strong><\/p>\n","protected":false},"excerpt":{"rendered":"<p>PUTAENDO.- El destacado escritor Sa\u00fal Schkolnik junto al Centro Cultural de Rinconada de Silva visitaron a los estudiantes de la escuela San Alberto de Guzmanes en el marco de las celebraciones del&#8230;<\/p>\n","protected":false},"author":1,"featured_media":17234,"comment_status":"open","ping_status":"open","sticky":false,"template":"","format":"standard","meta":{"advanced_seo_description":"","jetpack_seo_html_title":"","jetpack_seo_noindex":false,"_jetpack_memberships_contains_paid_content":false,"footnotes":""},"categories":[1],"tags":[],"class_list":["post-17233","post","type-post","status-publish","format-standard","has-post-thumbnail","hentry","category-cronica"],"jetpack_featured_media_url":"https:\/\/i0.wp.com\/eltrabajo.cl\/portal\/wp-content\/uploads\/2012\/04\/schkolnick-con-alumnos.jpg?fit=600%2C450&ssl=1","jetpack_sharing_enabled":true,"jetpack_likes_enabled":true,"jetpack-related-posts":[],"_links":{"self":[{"href":"https:\/\/eltrabajo.cl\/portal\/wp-json\/wp\/v2\/posts\/17233","targetHints":{"allow":["GET"]}}],"collection":[{"href":"https:\/\/eltrabajo.cl\/portal\/wp-json\/wp\/v2\/posts"}],"about":[{"href":"https:\/\/eltrabajo.cl\/portal\/wp-json\/wp\/v2\/types\/post"}],"author":[{"embeddable":true,"href":"https:\/\/eltrabajo.cl\/portal\/wp-json\/wp\/v2\/users\/1"}],"replies":[{"embeddable":true,"href":"https:\/\/eltrabajo.cl\/portal\/wp-json\/wp\/v2\/comments?post=17233"}],"version-history":[{"count":0,"href":"https:\/\/eltrabajo.cl\/portal\/wp-json\/wp\/v2\/posts\/17233\/revisions"}],"wp:featuredmedia":[{"embeddable":true,"href":"https:\/\/eltrabajo.cl\/portal\/wp-json\/wp\/v2\/media\/17234"}],"wp:attachment":[{"href":"https:\/\/eltrabajo.cl\/portal\/wp-json\/wp\/v2\/media?parent=17233"}],"wp:term":[{"taxonomy":"category","embeddable":true,"href":"https:\/\/eltrabajo.cl\/portal\/wp-json\/wp\/v2\/categories?post=17233"},{"taxonomy":"post_tag","embeddable":true,"href":"https:\/\/eltrabajo.cl\/portal\/wp-json\/wp\/v2\/tags?post=17233"}],"curies":[{"name":"wp","href":"https:\/\/api.w.org\/{rel}","templated":true}]}}