{"id":17237,"date":"2012-04-27T10:50:29","date_gmt":"2012-04-27T13:50:29","guid":{"rendered":"http:\/\/www.eltrabajo.cl\/portal\/?p=17237"},"modified":"2012-05-03T08:32:41","modified_gmt":"2012-05-03T12:32:41","slug":"sernam-presenta-querella-por-homicidio-de-carol-gonzalez","status":"publish","type":"post","link":"https:\/\/eltrabajo.cl\/portal\/sernam-presenta-querella-por-homicidio-de-carol-gonzalez\/","title":{"rendered":"Sernam presenta querella por homicidio de Carol Gonz\u00e1lez"},"content":{"rendered":"<figure id=\"attachment_17238\" aria-describedby=\"caption-attachment-17238\" style=\"width: 600px\" class=\"wp-caption alignnone\"><a href=\"http:\/\/www.eltrabajo.cl\/portal\/2012\/04\/sernam-presenta-querella-por-homicidio-de-carol-gonzalez\/ministra-con-familiar-2\/\" rel=\"attachment wp-att-17238\"><img data-recalc-dims=\"1\" loading=\"lazy\" decoding=\"async\" class=\"size-full wp-image-17238\" title=\"ministra con familiar\" src=\"https:\/\/i0.wp.com\/www.eltrabajo.cl\/portal\/wp-content\/uploads\/2012\/04\/ministra-con-familiar1.jpg?resize=600%2C450\" alt=\"\" width=\"600\" height=\"450\" srcset=\"https:\/\/i0.wp.com\/eltrabajo.cl\/portal\/wp-content\/uploads\/2012\/04\/ministra-con-familiar1.jpg?w=600&amp;ssl=1 600w, https:\/\/i0.wp.com\/eltrabajo.cl\/portal\/wp-content\/uploads\/2012\/04\/ministra-con-familiar1.jpg?resize=200%2C150&amp;ssl=1 200w, https:\/\/i0.wp.com\/eltrabajo.cl\/portal\/wp-content\/uploads\/2012\/04\/ministra-con-familiar1.jpg?resize=300%2C225&amp;ssl=1 300w, https:\/\/i0.wp.com\/eltrabajo.cl\/portal\/wp-content\/uploads\/2012\/04\/ministra-con-familiar1.jpg?resize=150%2C112&amp;ssl=1 150w, https:\/\/i0.wp.com\/eltrabajo.cl\/portal\/wp-content\/uploads\/2012\/04\/ministra-con-familiar1.jpg?resize=400%2C300&amp;ssl=1 400w\" sizes=\"auto, (max-width: 600px) 100vw, 600px\" \/><\/a><figcaption id=\"caption-attachment-17238\" class=\"wp-caption-text\">Ya la semana pasada, debido a la conmoci\u00f3n que caus\u00f3 el crimen a nivel nacional, la Ministra del Sernam Carolina Schmidt visit\u00f3 el valle y se reuni\u00f3 con familiares de Carol Gonz\u00e1lez.<\/figcaption><\/figure>\n<p>La ma\u00f1ana del mi\u00e9rcoles, el Servicio Nacional de la Mujer de la Regi\u00f3n de Valpara\u00edso, representado por su abogada Katherina Pe\u00f1afiel Obreg\u00f3n, present\u00f3 una querella por el homicidio calificado de Carol del Rosario Gonz\u00e1lez Cort\u00e9s. Esta querella fue presentada a nombre del hijo mayor de Carol, en el Tribunal de Garant\u00eda de San Felipe.<\/p>\n<p>Recordemos que la semana pasada fue la propia Ministra de Sernam, Carolina Schmidt, quien acompa\u00f1ada de la Directora Regional de Sernam, Mar\u00eda De Los \u00c1ngeles De La Paz Riveros se dirigi\u00f3 a Los Andes, principalmente para acompa\u00f1ar y prestar el apoyo institucional a la familia de Carol Gonz\u00e1lez, ocasi\u00f3n que aprovech\u00f3 para repudiar p\u00fablicamente este deleznable hecho de sangre.<\/p>\n<p>En el contexto de la presentaci\u00f3n de esta querella, la Directora Regional de Sernam se\u00f1al\u00f3 que \u00abcomo Sernam estamos particularmente comprometidos con este caso que caus\u00f3 conmoci\u00f3n en todo el pa\u00eds, y la presentaci\u00f3n de esta querella es una muestra tangible de ello\u00bb.<\/p>\n<p>La autoridad regional agreg\u00f3 que la instituci\u00f3n seguir\u00e1 con especial atenci\u00f3n el desarrollo del proceso que se espera concluya con una condena ejemplar para el victimario.<\/p>\n","protected":false},"excerpt":{"rendered":"<p>La ma\u00f1ana del mi\u00e9rcoles, el Servicio Nacional de la Mujer de la Regi\u00f3n de Valpara\u00edso, representado por su abogada Katherina Pe\u00f1afiel Obreg\u00f3n, present\u00f3 una querella por el homicidio calificado de Carol del&#8230;<\/p>\n","protected":false},"author":1,"featured_media":17238,"comment_status":"open","ping_status":"open","sticky":false,"template":"","format":"standard","meta":{"advanced_seo_description":"","jetpack_seo_html_title":"","jetpack_seo_noindex":false,"_jetpack_memberships_contains_paid_content":false,"footnotes":""},"categories":[1],"tags":[],"class_list":["post-17237","post","type-post","status-publish","format-standard","has-post-thumbnail","hentry","category-cronica"],"jetpack_featured_media_url":"https:\/\/i0.wp.com\/eltrabajo.cl\/portal\/wp-content\/uploads\/2012\/04\/ministra-con-familiar1.jpg?fit=600%2C450&ssl=1","jetpack_sharing_enabled":true,"jetpack_likes_enabled":true,"jetpack-related-posts":[],"_links":{"self":[{"href":"https:\/\/eltrabajo.cl\/portal\/wp-json\/wp\/v2\/posts\/17237","targetHints":{"allow":["GET"]}}],"collection":[{"href":"https:\/\/eltrabajo.cl\/portal\/wp-json\/wp\/v2\/posts"}],"about":[{"href":"https:\/\/eltrabajo.cl\/portal\/wp-json\/wp\/v2\/types\/post"}],"author":[{"embeddable":true,"href":"https:\/\/eltrabajo.cl\/portal\/wp-json\/wp\/v2\/users\/1"}],"replies":[{"embeddable":true,"href":"https:\/\/eltrabajo.cl\/portal\/wp-json\/wp\/v2\/comments?post=17237"}],"version-history":[{"count":0,"href":"https:\/\/eltrabajo.cl\/portal\/wp-json\/wp\/v2\/posts\/17237\/revisions"}],"wp:featuredmedia":[{"embeddable":true,"href":"https:\/\/eltrabajo.cl\/portal\/wp-json\/wp\/v2\/media\/17238"}],"wp:attachment":[{"href":"https:\/\/eltrabajo.cl\/portal\/wp-json\/wp\/v2\/media?parent=17237"}],"wp:term":[{"taxonomy":"category","embeddable":true,"href":"https:\/\/eltrabajo.cl\/portal\/wp-json\/wp\/v2\/categories?post=17237"},{"taxonomy":"post_tag","embeddable":true,"href":"https:\/\/eltrabajo.cl\/portal\/wp-json\/wp\/v2\/tags?post=17237"}],"curies":[{"name":"wp","href":"https:\/\/api.w.org\/{rel}","templated":true}]}}