{"id":17241,"date":"2012-04-27T10:52:29","date_gmt":"2012-04-27T13:52:29","guid":{"rendered":"http:\/\/www.eltrabajo.cl\/portal\/?p=17241"},"modified":"2012-05-03T08:32:41","modified_gmt":"2012-05-03T12:32:41","slug":"para-luchar-contra-estacionamientos-subterraneos-lanzo-candidatura-a-alcalde","status":"publish","type":"post","link":"https:\/\/eltrabajo.cl\/portal\/para-luchar-contra-estacionamientos-subterraneos-lanzo-candidatura-a-alcalde\/","title":{"rendered":"Para luchar contra estacionamientos subterr\u00e1neos lanz\u00f3 candidatura a alcalde"},"content":{"rendered":"<figure id=\"attachment_17242\" aria-describedby=\"caption-attachment-17242\" style=\"width: 300px\" class=\"wp-caption alignleft\"><a href=\"http:\/\/www.eltrabajo.cl\/portal\/2012\/04\/para-luchar-contra-estacionamientos-subterraneos-lanzo-candidatura-a-alcalde\/oscar-marin-1\/\" rel=\"attachment wp-att-17242\"><img data-recalc-dims=\"1\" loading=\"lazy\" decoding=\"async\" class=\"size-medium wp-image-17242\" title=\"oscar marin (1)\" src=\"https:\/\/i0.wp.com\/www.eltrabajo.cl\/portal\/wp-content\/uploads\/2012\/04\/oscar-marin-1-300x225.jpg?resize=300%2C225\" alt=\"\" width=\"300\" height=\"225\" srcset=\"https:\/\/i0.wp.com\/eltrabajo.cl\/portal\/wp-content\/uploads\/2012\/04\/oscar-marin-1.jpg?resize=300%2C225&amp;ssl=1 300w, https:\/\/i0.wp.com\/eltrabajo.cl\/portal\/wp-content\/uploads\/2012\/04\/oscar-marin-1.jpg?resize=200%2C150&amp;ssl=1 200w, https:\/\/i0.wp.com\/eltrabajo.cl\/portal\/wp-content\/uploads\/2012\/04\/oscar-marin-1.jpg?resize=150%2C112&amp;ssl=1 150w, https:\/\/i0.wp.com\/eltrabajo.cl\/portal\/wp-content\/uploads\/2012\/04\/oscar-marin-1.jpg?resize=400%2C300&amp;ssl=1 400w, https:\/\/i0.wp.com\/eltrabajo.cl\/portal\/wp-content\/uploads\/2012\/04\/oscar-marin-1.jpg?w=600&amp;ssl=1 600w\" sizes=\"auto, (max-width: 300px) 100vw, 300px\" \/><\/a><figcaption id=\"caption-attachment-17242\" class=\"wp-caption-text\">En conferencia de prensa, donde estaba solo, Oscar Mar\u00edn lanz\u00f3 su precandidatura a Alcalde de San Felipe.<\/figcaption><\/figure>\n<p>Este jueves y en conferencia de prensa, exhibiendo como principal bandera de lucha su f\u00e9rrea oposici\u00f3n al proyecto de estacionamientos subterr\u00e1neos, lanz\u00f3 su ya anunciada precandidatura independiente a alcalde, el agr\u00f3nomo Oscar Mar\u00edn, quien con esta precandidatura independiente espera adem\u00e1s imponer una nueva visi\u00f3n de ciudad.<\/p>\n<p>A juicio de Mar\u00edn, la ciudadan\u00eda ha observado que al Concejo Municipal se le han presentado m\u00e1s de 15 mil firmas de rechazo al proyecto, entidad que no ha respondido.<\/p>\n<p>\u201cSe le ha dado portazo tras portazo y nosotros hemos pedido y exigido que se entreguen todos los planos y contratos que rodean este nefasto proyecto, y por ende debemos ser claros que este tema se debe incorporar claramente en la discusi\u00f3n pol\u00edtica que viene de aqu\u00ed a octubre del 2012 y es as\u00ed como presento esta candidatura\u201d.<\/p>\n<p>Consultado por la similitud de su propuesta con la postura de Rolando Stevenson, Mar\u00edn dijo que no se iba a pronunciar sobre otras campa\u00f1as, aunque argument\u00f3 que la ciudadan\u00eda requiere absoluta certeza del trabajo que se va a realizar.<\/p>\n<p>Adem\u00e1s el precandidato sostuvo que dentro de su campa\u00f1a promover\u00e1 una ciudad m\u00e1s amigable y sustentable, aspectos que incorpora en su programa de trabajo.<\/p>\n<p>\u201cNosotros consideramos que es fundamental la parte medioambiental, tenemos que hacer una ciudad m\u00e1s sustentable, por largo tiempo la ciudad ha ido perdiendo su masa arb\u00f3rea, en las calles, en las plazas, de hecho el mismo proyecto de estacionamientos subterr\u00e1neos contempla el corte de \u00e1rboles al interior de la plaza de armas, entonces debe haber una pol\u00edtica de reforestaci\u00f3n\u201d.<\/p>\n<p>Adem\u00e1s el programa contempla la existencia de un circuito de ciclov\u00edas en toda la comuna y al interior del centro urbano.<\/p>\n<p>Tambi\u00e9n sostuvo que se tiene que proteger y promover dos espacios de la comuna, que Mar\u00edn considera fundamentales, como son el palacio de la Hacienda de Quilpu\u00e9 y la Escuela Agr\u00edcola.<\/p>\n<p>Asimismo Mar\u00edn invit\u00f3 a todos los sectores independientes a unirse a esta precandidatura, que \u00e9l calific\u00f3 como transversal.<\/p>\n<p>\u201cNuestra candidatura es propositiva, queremos una mejor ciudad y que as\u00ed toda la ciudadan\u00eda nos apoye en estas circunstancias\u201d.<\/p>\n<p>Consultado si el proceso de b\u00fasqueda de firmas que realiz\u00f3 junto al Comit\u00e9 por un San Felipe Transparente va a sustentar la precandidatura, Mar\u00edn dijo que no, porque el trabajo de los estacionamientos subterr\u00e1neos ha sido de larga data y precisamente el hecho de que hayan sido ignorados por el Concejo Comunal lo inst\u00f3 a levantar esta precandidatura.<\/p>\n<p>\u201cNo hay otra alternativa, nosotros lo agotamos todo, se enviaron informaciones a Contralor\u00eda, se hizo encuentros con el Concejo Municipal, y cu\u00e1l ha sido la respuesta, un portazo, entonces todos nosotros tenemos el leg\u00edtimo derecho a plantearnos claramente y la ciudadan\u00eda sabe que lo fue el proceso de las firmas se pidi\u00f3 con ese objetivo y actualmente est\u00e1n en la notar\u00eda de la ciudad, se presentaron al concejo Municipal y no es responsabilidad nuestra que el Concejo Municipal nos haya dado otro portazo m\u00e1s\u201d.<\/p>\n<p>En el lanzamiento de su precandidatura, Mar\u00edn se encontraba solo, lo que justific\u00f3 como el inicio del proceso, tras lo cual se reunir\u00e1n las firmas para apoyarlo.<\/p>\n","protected":false},"excerpt":{"rendered":"<p>Este jueves y en conferencia de prensa, exhibiendo como principal bandera de lucha su f\u00e9rrea oposici\u00f3n al proyecto de estacionamientos subterr\u00e1neos, lanz\u00f3 su ya anunciada precandidatura independiente a alcalde, el agr\u00f3nomo Oscar&#8230;<\/p>\n","protected":false},"author":1,"featured_media":17242,"comment_status":"open","ping_status":"open","sticky":false,"template":"","format":"standard","meta":{"advanced_seo_description":"","jetpack_seo_html_title":"","jetpack_seo_noindex":false,"_jetpack_memberships_contains_paid_content":false,"footnotes":""},"categories":[1],"tags":[],"class_list":["post-17241","post","type-post","status-publish","format-standard","has-post-thumbnail","hentry","category-cronica"],"jetpack_featured_media_url":"https:\/\/i0.wp.com\/eltrabajo.cl\/portal\/wp-content\/uploads\/2012\/04\/oscar-marin-1.jpg?fit=600%2C450&ssl=1","jetpack_sharing_enabled":true,"jetpack_likes_enabled":true,"jetpack-related-posts":[],"_links":{"self":[{"href":"https:\/\/eltrabajo.cl\/portal\/wp-json\/wp\/v2\/posts\/17241","targetHints":{"allow":["GET"]}}],"collection":[{"href":"https:\/\/eltrabajo.cl\/portal\/wp-json\/wp\/v2\/posts"}],"about":[{"href":"https:\/\/eltrabajo.cl\/portal\/wp-json\/wp\/v2\/types\/post"}],"author":[{"embeddable":true,"href":"https:\/\/eltrabajo.cl\/portal\/wp-json\/wp\/v2\/users\/1"}],"replies":[{"embeddable":true,"href":"https:\/\/eltrabajo.cl\/portal\/wp-json\/wp\/v2\/comments?post=17241"}],"version-history":[{"count":0,"href":"https:\/\/eltrabajo.cl\/portal\/wp-json\/wp\/v2\/posts\/17241\/revisions"}],"wp:featuredmedia":[{"embeddable":true,"href":"https:\/\/eltrabajo.cl\/portal\/wp-json\/wp\/v2\/media\/17242"}],"wp:attachment":[{"href":"https:\/\/eltrabajo.cl\/portal\/wp-json\/wp\/v2\/media?parent=17241"}],"wp:term":[{"taxonomy":"category","embeddable":true,"href":"https:\/\/eltrabajo.cl\/portal\/wp-json\/wp\/v2\/categories?post=17241"},{"taxonomy":"post_tag","embeddable":true,"href":"https:\/\/eltrabajo.cl\/portal\/wp-json\/wp\/v2\/tags?post=17241"}],"curies":[{"name":"wp","href":"https:\/\/api.w.org\/{rel}","templated":true}]}}