{"id":17550,"date":"2012-05-04T09:30:36","date_gmt":"2012-05-04T13:30:36","guid":{"rendered":"http:\/\/www.eltrabajo.cl\/portal\/?p=17550"},"modified":"2012-05-04T09:30:36","modified_gmt":"2012-05-04T13:30:36","slug":"siss-intervendra-putaendo-debido-al-pesimo-servicio-que-presta-esval","status":"publish","type":"post","link":"https:\/\/eltrabajo.cl\/portal\/siss-intervendra-putaendo-debido-al-pesimo-servicio-que-presta-esval\/","title":{"rendered":"SISS intervendr\u00e1 Putaendo debido al p\u00e9simo servicio que presta Esval"},"content":{"rendered":"<figure id=\"attachment_17551\" aria-describedby=\"caption-attachment-17551\" style=\"width: 300px\" class=\"wp-caption alignleft\"><a href=\"http:\/\/www.eltrabajo.cl\/portal\/2012\/05\/siss-intervendra-putaendo-debido-al-pesimo-servicio-que-presta-esval\/carlos-ordenes\/\" rel=\"attachment wp-att-17551\"><img data-recalc-dims=\"1\" loading=\"lazy\" decoding=\"async\" class=\"size-medium wp-image-17551\" title=\"carlos ordenes\" src=\"https:\/\/i0.wp.com\/www.eltrabajo.cl\/portal\/wp-content\/uploads\/2012\/05\/carlos-ordenes-300x268.jpg?resize=300%2C268\" alt=\"\" width=\"300\" height=\"268\" srcset=\"https:\/\/i0.wp.com\/eltrabajo.cl\/portal\/wp-content\/uploads\/2012\/05\/carlos-ordenes.jpg?resize=300%2C268&amp;ssl=1 300w, https:\/\/i0.wp.com\/eltrabajo.cl\/portal\/wp-content\/uploads\/2012\/05\/carlos-ordenes.jpg?resize=167%2C150&amp;ssl=1 167w, https:\/\/i0.wp.com\/eltrabajo.cl\/portal\/wp-content\/uploads\/2012\/05\/carlos-ordenes.jpg?resize=150%2C134&amp;ssl=1 150w, https:\/\/i0.wp.com\/eltrabajo.cl\/portal\/wp-content\/uploads\/2012\/05\/carlos-ordenes.jpg?resize=400%2C357&amp;ssl=1 400w, https:\/\/i0.wp.com\/eltrabajo.cl\/portal\/wp-content\/uploads\/2012\/05\/carlos-ordenes.jpg?w=600&amp;ssl=1 600w\" sizes=\"auto, (max-width: 300px) 100vw, 300px\" \/><\/a><figcaption id=\"caption-attachment-17551\" class=\"wp-caption-text\">Carlos \u00d3rdenes Meza, Jefe Regional de la Superintendencia de Servicios Sanitarios, calific\u00f3 de \u201cp\u00e9simo\u201d el servicio de Esval en Putaendo.<\/figcaption><\/figure>\n<p><strong>PUTAENDO.-<\/strong> El jefe regional de la Superintendencia de Servicios Sanitarios (SISS), Carlos \u00d3rdenes Meza, calific\u00f3 como p\u00e9simo el servicio que la empresa Esval entrega a los usuarios en la comuna de Putaendo, por lo que anunci\u00f3 que la Superintendencia realizar\u00e1 una intervenci\u00f3n completa en la comuna.<\/p>\n<p>Estas declaraciones las efect\u00fao luego de reunirse con dirigentes sociales, vecinos y autoridades en un encuentro gestionado por el Alcalde Guillermo Reyes y dirigentes como Claudio Tapia y Edgardo Olivares, en la sede comunitaria de la comuna, donde varios dirigentes y vecinos expresaron su descontento a la autoridad regional por el mal servicio que la empresa entrega, reflejado en las bajas de presiones, la no entrega de las cuentas o la toma del estado y por supuesto los continuos cortes de agua en diferentes puntos de la comuna, donde por ejemplo algunos usuarios se\u00f1alaron que producto de los constantes cambios en las presiones de agua, algunas ca\u00f1er\u00edas que est\u00e1n bajo tierra se reventaron, generando un enorme da\u00f1o y donde finalmente debieron pagar igual la cuenta del agua.<\/p>\n<p>Carlos \u00d3rdenes se\u00f1al\u00f3 a Diario El Trabajo que estas reuniones con las autoridades y comunidad eran muy provechosas, pues le permit\u00edan saber de primera fuente y en terreno las distintas problem\u00e1ticas que afectan a los usuarios, agregando: \u201cEn realidad sab\u00edamos de algunos problemas que afectaban a la comuna de Putaendo, y en ese contexto hemos recibido solo dos reclamos formales, uno efectuado por el municipio y otro por un particular, relacionados con los malos olores de la calle Chacabuco y el otro por las faltas de presi\u00f3n, pero escuchando a los vecinos nos damos cuenta que el problema en Putaendo es mucho m\u00e1s grave y claramente el servicio que entrega Esval en esta comuna es p\u00e9simo\u201d.<\/p>\n<p><strong>&#8211; \u00bfQu\u00e9 medidas se tomar\u00e1n luego de este an\u00e1lisis tras la reuni\u00f3n?<\/strong><\/p>\n<p>&#8211; \u201cPrimeramente mantendremos un reuni\u00f3n con ejecutivos de Esval para informarles de los requerimientos de la comunidad durante la pr\u00f3xima semana, realizaremos una fiscalizaci\u00f3n especial en esta comuna en dos \u00e1reas, comercial y t\u00e9cnica, con equipos en terreno para dar garant\u00eda a los usurarios que efectivamente intervendremos en este problema, ya que m\u00e1s del 50 % de los reclamos que recibimos de esta comuna son por sobre consumo, por lo que reitero, haremos una intervenci\u00f3n completa en Putaendo por el p\u00e9simo servicio que Esval est\u00e1 entregando\u201d.<\/p>\n<p>En tanto el Alcalde Guillermo Reyes dijo que la reuni\u00f3n hab\u00eda sido muy provechosa y que valoraba la disposici\u00f3n de la autoridad regional de escuchar a la comunidad y a los vecinos, y que trabajar\u00e1 en todas las reuniones que sean necesarias para buscar una r\u00e1pida soluci\u00f3n a los problemas que afectan a los vecinos por el servicio que entrega Esval.<\/p>\n<p>En tanto, el dirigente Edgardo Olivares destac\u00f3 que la Superintendencia de Servicios Sanitarios tambi\u00e9n se involucrar\u00eda en el accidente del vecino que cay\u00f3 en bicicleta, cuyos familiares tambi\u00e9n participaron en dicha reuni\u00f3n.<\/p>\n<p><strong>Patricio Gallardo M.<\/strong><\/p>\n","protected":false},"excerpt":{"rendered":"<p>PUTAENDO.- El jefe regional de la Superintendencia de Servicios Sanitarios (SISS), Carlos \u00d3rdenes Meza, calific\u00f3 como p\u00e9simo el servicio que la empresa Esval entrega a los usuarios en la comuna de Putaendo,&#8230;<\/p>\n","protected":false},"author":482,"featured_media":17551,"comment_status":"open","ping_status":"open","sticky":false,"template":"","format":"standard","meta":{"advanced_seo_description":"","jetpack_seo_html_title":"","jetpack_seo_noindex":false,"_jetpack_memberships_contains_paid_content":false,"footnotes":""},"categories":[1],"tags":[],"class_list":["post-17550","post","type-post","status-publish","format-standard","has-post-thumbnail","hentry","category-cronica"],"jetpack_featured_media_url":"https:\/\/i0.wp.com\/eltrabajo.cl\/portal\/wp-content\/uploads\/2012\/05\/carlos-ordenes.jpg?fit=600%2C536&ssl=1","jetpack_sharing_enabled":true,"jetpack_likes_enabled":true,"jetpack-related-posts":[],"_links":{"self":[{"href":"https:\/\/eltrabajo.cl\/portal\/wp-json\/wp\/v2\/posts\/17550","targetHints":{"allow":["GET"]}}],"collection":[{"href":"https:\/\/eltrabajo.cl\/portal\/wp-json\/wp\/v2\/posts"}],"about":[{"href":"https:\/\/eltrabajo.cl\/portal\/wp-json\/wp\/v2\/types\/post"}],"author":[{"embeddable":true,"href":"https:\/\/eltrabajo.cl\/portal\/wp-json\/wp\/v2\/users\/482"}],"replies":[{"embeddable":true,"href":"https:\/\/eltrabajo.cl\/portal\/wp-json\/wp\/v2\/comments?post=17550"}],"version-history":[{"count":0,"href":"https:\/\/eltrabajo.cl\/portal\/wp-json\/wp\/v2\/posts\/17550\/revisions"}],"wp:featuredmedia":[{"embeddable":true,"href":"https:\/\/eltrabajo.cl\/portal\/wp-json\/wp\/v2\/media\/17551"}],"wp:attachment":[{"href":"https:\/\/eltrabajo.cl\/portal\/wp-json\/wp\/v2\/media?parent=17550"}],"wp:term":[{"taxonomy":"category","embeddable":true,"href":"https:\/\/eltrabajo.cl\/portal\/wp-json\/wp\/v2\/categories?post=17550"},{"taxonomy":"post_tag","embeddable":true,"href":"https:\/\/eltrabajo.cl\/portal\/wp-json\/wp\/v2\/tags?post=17550"}],"curies":[{"name":"wp","href":"https:\/\/api.w.org\/{rel}","templated":true}]}}