{"id":17554,"date":"2012-05-04T09:34:05","date_gmt":"2012-05-04T13:34:05","guid":{"rendered":"http:\/\/www.eltrabajo.cl\/portal\/?p=17554"},"modified":"2012-05-04T09:34:05","modified_gmt":"2012-05-04T13:34:05","slug":"presentan-libro-de-ominami-%e2%80%98secretos-de-la-concertacion%e2%80%99","status":"publish","type":"post","link":"https:\/\/eltrabajo.cl\/portal\/presentan-libro-de-ominami-%e2%80%98secretos-de-la-concertacion%e2%80%99\/","title":{"rendered":"Presentan libro de Ominami \u2018Secretos de la Concertaci\u00f3n\u2019"},"content":{"rendered":"<figure id=\"attachment_17555\" aria-describedby=\"caption-attachment-17555\" style=\"width: 600px\" class=\"wp-caption alignnone\"><a href=\"http:\/\/www.eltrabajo.cl\/portal\/2012\/05\/presentan-libro-de-ominami-%e2%80%98secretos-de-la-concertacion%e2%80%99\/ominami-libro\/\" rel=\"attachment wp-att-17555\"><img data-recalc-dims=\"1\" loading=\"lazy\" decoding=\"async\" class=\"size-full wp-image-17555\" title=\"ominami libro\" src=\"https:\/\/i0.wp.com\/www.eltrabajo.cl\/portal\/wp-content\/uploads\/2012\/05\/ominami-libro.jpg?resize=600%2C450\" alt=\"\" width=\"600\" height=\"450\" srcset=\"https:\/\/i0.wp.com\/eltrabajo.cl\/portal\/wp-content\/uploads\/2012\/05\/ominami-libro.jpg?w=600&amp;ssl=1 600w, https:\/\/i0.wp.com\/eltrabajo.cl\/portal\/wp-content\/uploads\/2012\/05\/ominami-libro.jpg?resize=200%2C150&amp;ssl=1 200w, https:\/\/i0.wp.com\/eltrabajo.cl\/portal\/wp-content\/uploads\/2012\/05\/ominami-libro.jpg?resize=300%2C225&amp;ssl=1 300w, https:\/\/i0.wp.com\/eltrabajo.cl\/portal\/wp-content\/uploads\/2012\/05\/ominami-libro.jpg?resize=150%2C112&amp;ssl=1 150w, https:\/\/i0.wp.com\/eltrabajo.cl\/portal\/wp-content\/uploads\/2012\/05\/ominami-libro.jpg?resize=400%2C300&amp;ssl=1 400w\" sizes=\"auto, (max-width: 600px) 100vw, 600px\" \/><\/a><figcaption id=\"caption-attachment-17555\" class=\"wp-caption-text\">El ex Diputado Marcelo Forni present\u00f3 el libro &#39;Secretos de la Concertaci\u00f3n, Recuerdos para el Futuro&#39;, escrito por el ex Senador Carlos Ominami, quienes en la foto est\u00e1n acompa\u00f1ados de Rolando Stevenson y Ricardo Ruiz.<\/figcaption><\/figure>\n<p>Tal como estaba anunciado, este jueves pasadas las 19.00 horas se realiz\u00f3 en el Teatro Municipal de San Felipe, el lanzamiento del libro \u2018Secretos de la Concertaci\u00f3n, Recuerdos para el Futuro\u2019, escrito por el ex senador PS Carlos Ominami.<\/p>\n<p>La obra fue presentada por el ex diputado UDI Marcelo Forni.<\/p>\n<p>Sin duda, un an\u00e1lisis profundo y cabal sobre los veinte a\u00f1os de gobierno de la Concertaci\u00f3n y las razones de su actual crisis, encierra el libro \u2018Secretos de la Concertaci\u00f3n, Recuerdos para el Futuro\u2019, escrito por uno de sus protagonistas, cuya visi\u00f3n cr\u00edtica devela las grandezas y miserias de la transici\u00f3n pol\u00edtica chilena.<\/p>\n<p>Se trata de una historia plagada de momentos estelares y episodios oscuros, h\u00e9roes y m\u00e1rtires, amigos y traidores, libertadores y represiones, esperanzas y desenga\u00f1os.<\/p>\n<p>La presentaci\u00f3n fue organizada por Juan Guti\u00e9rrez, Presidente del PRO en Aconcagua, quien destac\u00f3 la participaci\u00f3n en el evento del ex Concejal Rolando Stevenson y el escritor sanfelipe\u00f1o Ricardo Ruiz Herrera, quienes comentaron la obra.<\/p>\n","protected":false},"excerpt":{"rendered":"<p>Tal como estaba anunciado, este jueves pasadas las 19.00 horas se realiz\u00f3 en el Teatro Municipal de San Felipe, el lanzamiento del libro \u2018Secretos de la Concertaci\u00f3n, Recuerdos para el Futuro\u2019, escrito&#8230;<\/p>\n","protected":false},"author":482,"featured_media":17555,"comment_status":"open","ping_status":"open","sticky":false,"template":"","format":"standard","meta":{"advanced_seo_description":"","jetpack_seo_html_title":"","jetpack_seo_noindex":false,"_jetpack_memberships_contains_paid_content":false,"footnotes":""},"categories":[15],"tags":[],"class_list":["post-17554","post","type-post","status-publish","format-standard","has-post-thumbnail","hentry","category-comunidad"],"jetpack_featured_media_url":"https:\/\/i0.wp.com\/eltrabajo.cl\/portal\/wp-content\/uploads\/2012\/05\/ominami-libro.jpg?fit=600%2C450&ssl=1","jetpack_sharing_enabled":true,"jetpack_likes_enabled":true,"jetpack-related-posts":[],"_links":{"self":[{"href":"https:\/\/eltrabajo.cl\/portal\/wp-json\/wp\/v2\/posts\/17554","targetHints":{"allow":["GET"]}}],"collection":[{"href":"https:\/\/eltrabajo.cl\/portal\/wp-json\/wp\/v2\/posts"}],"about":[{"href":"https:\/\/eltrabajo.cl\/portal\/wp-json\/wp\/v2\/types\/post"}],"author":[{"embeddable":true,"href":"https:\/\/eltrabajo.cl\/portal\/wp-json\/wp\/v2\/users\/482"}],"replies":[{"embeddable":true,"href":"https:\/\/eltrabajo.cl\/portal\/wp-json\/wp\/v2\/comments?post=17554"}],"version-history":[{"count":0,"href":"https:\/\/eltrabajo.cl\/portal\/wp-json\/wp\/v2\/posts\/17554\/revisions"}],"wp:featuredmedia":[{"embeddable":true,"href":"https:\/\/eltrabajo.cl\/portal\/wp-json\/wp\/v2\/media\/17555"}],"wp:attachment":[{"href":"https:\/\/eltrabajo.cl\/portal\/wp-json\/wp\/v2\/media?parent=17554"}],"wp:term":[{"taxonomy":"category","embeddable":true,"href":"https:\/\/eltrabajo.cl\/portal\/wp-json\/wp\/v2\/categories?post=17554"},{"taxonomy":"post_tag","embeddable":true,"href":"https:\/\/eltrabajo.cl\/portal\/wp-json\/wp\/v2\/tags?post=17554"}],"curies":[{"name":"wp","href":"https:\/\/api.w.org\/{rel}","templated":true}]}}