{"id":17576,"date":"2012-05-07T09:45:39","date_gmt":"2012-05-07T13:45:39","guid":{"rendered":"http:\/\/www.eltrabajo.cl\/portal\/?p=17576"},"modified":"2012-05-07T09:45:39","modified_gmt":"2012-05-07T13:45:39","slug":"oficina-de-informacion-turistica-finalmente-es-una-realidad-en-la-ciudad-de-san-felipe","status":"publish","type":"post","link":"https:\/\/eltrabajo.cl\/portal\/oficina-de-informacion-turistica-finalmente-es-una-realidad-en-la-ciudad-de-san-felipe\/","title":{"rendered":"Oficina de Informaci\u00f3n Tur\u00edstica finalmente es una realidad en la ciudad de San Felipe"},"content":{"rendered":"<figure id=\"attachment_17577\" aria-describedby=\"caption-attachment-17577\" style=\"width: 600px\" class=\"wp-caption alignnone\"><a href=\"http:\/\/www.eltrabajo.cl\/portal\/2012\/05\/oficina-de-informacion-turistica-finalmente-es-una-realidad-en-la-ciudad-de-san-felipe\/cafe\/\" rel=\"attachment wp-att-17577\"><img data-recalc-dims=\"1\" loading=\"lazy\" decoding=\"async\" class=\"size-full wp-image-17577\" title=\"cafe\" src=\"https:\/\/i0.wp.com\/www.eltrabajo.cl\/portal\/wp-content\/uploads\/2012\/05\/cafe.jpg?resize=600%2C418\" alt=\"\" width=\"600\" height=\"418\" srcset=\"https:\/\/i0.wp.com\/eltrabajo.cl\/portal\/wp-content\/uploads\/2012\/05\/cafe.jpg?w=600&amp;ssl=1 600w, https:\/\/i0.wp.com\/eltrabajo.cl\/portal\/wp-content\/uploads\/2012\/05\/cafe.jpg?resize=200%2C139&amp;ssl=1 200w, https:\/\/i0.wp.com\/eltrabajo.cl\/portal\/wp-content\/uploads\/2012\/05\/cafe.jpg?resize=300%2C209&amp;ssl=1 300w, https:\/\/i0.wp.com\/eltrabajo.cl\/portal\/wp-content\/uploads\/2012\/05\/cafe.jpg?resize=150%2C104&amp;ssl=1 150w, https:\/\/i0.wp.com\/eltrabajo.cl\/portal\/wp-content\/uploads\/2012\/05\/cafe.jpg?resize=400%2C278&amp;ssl=1 400w\" sizes=\"auto, (max-width: 600px) 100vw, 600px\" \/><\/a><figcaption id=\"caption-attachment-17577\" class=\"wp-caption-text\">El Caf\u00e9 De Velasco cuenta con una mejorada infraestructura y m\u00e1s construcci\u00f3n, que permite entregar a los visitantes un sector cerrado y otro al aire libre, a los pies del campanario de la antigua parroquia La Merced.<\/figcaption><\/figure>\n<p>Orientado a ser un punto de informaci\u00f3n tur\u00edstica para aquellas personas que visiten la comuna de San Felipe, naci\u00f3 esta oficina cuyo nombre comercial es \u2018Caf\u00e9 De Velasco\u2019. Se trata de una iniciativa privada que se viene desarrollando desde hace varios a\u00f1os y que luego de un proceso de marcha blanca, ser\u00e1 inaugurada el pr\u00f3ximo mi\u00e9rcoles 9 de mayo.<\/p>\n<p>La oficina de informaci\u00f3n est\u00e1 ubicada en la esquina de las calles Merced y Toro Mazote, a un costado del campanario de la antigua parroquia La Merced y cuenta con una cafeter\u00eda, para lo cual las antiguas dependencias que exist\u00edan en este lugar debieron ser especialmente habilitadas, dejando el lugar en un muy buen nivel.<\/p>\n<p><strong>LOCAL YA EST\u00c1 ABIERTO<\/strong><\/p>\n<p>Este proyecto se inici\u00f3 producto de una asociaci\u00f3n p\u00fablico-privada en una primera etapa, la que qued\u00f3 sin recursos para concluirlo, pero gracias a la visi\u00f3n y al compromiso de uno de los asociados, que fue Jorge Leiva, se pudo concretar esta iniciativa, con recursos privados, mejorando sustancialmente lo que era el proyecto original, seg\u00fan coment\u00f3 el concejal Leonel Alegr\u00eda.<\/p>\n<p>El lugar ya est\u00e1 abierto a toda la comunidad y cuenta con un sector cerrado, destinado a la cafeter\u00eda y otro al aire libre, aprovechando las buenas temperaturas que se presentan en San Felipe durante varios meses del a\u00f1o.<\/p>\n<p>La idea es que este lugar disponga de informaci\u00f3n tur\u00edstica especialmente de la provincia de San Felipe, pero en general de todo el valle, y que se transforme en el inicio de las rutas tur\u00edsticas que se puedan desarrollar en la zona para ofrecer a los turistas, que son principalmente extranjeros.<\/p>\n<p>\u201cEl punto original es mantener informaci\u00f3n tur\u00edstica del valle de Aconcagua, nosotros estamos abiertos a cada una de las comunas del valle, a las dos provincias, para que nos hagan llegar la informaci\u00f3n de sus respectivos territorios para que esta est\u00e9 disponible. Estamos desarrollando una iniciativa para establecer nexos con otras ciudades, tanto del norte como del sur del pa\u00eds, a objeto de intercambiar informaci\u00f3n y nuestra informaci\u00f3n territorial del Valle de Aconcagua est\u00e9 en esos lugares. En la medida que nosotros abramos nuestras fronteras vamos a ser conductores del potencial tur\u00edstico de nuestra zona\u201d, dijo Alegr\u00eda.<\/p>\n<p>Seg\u00fan explic\u00f3 el edil, durante todo este tiempo de marcha blanca, la oficina ya ha cumplido el objetivo para lo que fue creada, ya que desde el primer minuto que el caf\u00e9 abri\u00f3 sus puertas se ha recibido una cantidad importante de turistas. Asimismo, en los pr\u00f3ximos d\u00edas estar\u00e1 disponible un veh\u00edculo para trasladar a los turistas a los distintos lugares de la provincia y del valle.<\/p>\n<p>\u201cLa idea nuestra es poder ofrecer a un m\u00ednimo de tres \u00f3 cuatro personas una salida a la vi\u00f1a Err\u00e1zuriz, a la Vi\u00f1a San Esteban, ir a comer a La Ruca, nosotros los llevamos y los traemos\u201d, dijo Jorge Leiva.<\/p>\n","protected":false},"excerpt":{"rendered":"<p>Orientado a ser un punto de informaci\u00f3n tur\u00edstica para aquellas personas que visiten la comuna de San Felipe, naci\u00f3 esta oficina cuyo nombre comercial es \u2018Caf\u00e9 De Velasco\u2019. Se trata de una&#8230;<\/p>\n","protected":false},"author":482,"featured_media":17577,"comment_status":"open","ping_status":"open","sticky":false,"template":"","format":"standard","meta":{"advanced_seo_description":"","jetpack_seo_html_title":"","jetpack_seo_noindex":false,"_jetpack_memberships_contains_paid_content":false,"footnotes":""},"categories":[15],"tags":[],"class_list":["post-17576","post","type-post","status-publish","format-standard","has-post-thumbnail","hentry","category-comunidad"],"jetpack_featured_media_url":"https:\/\/i0.wp.com\/eltrabajo.cl\/portal\/wp-content\/uploads\/2012\/05\/cafe.jpg?fit=600%2C418&ssl=1","jetpack_sharing_enabled":true,"jetpack_likes_enabled":true,"jetpack-related-posts":[],"_links":{"self":[{"href":"https:\/\/eltrabajo.cl\/portal\/wp-json\/wp\/v2\/posts\/17576","targetHints":{"allow":["GET"]}}],"collection":[{"href":"https:\/\/eltrabajo.cl\/portal\/wp-json\/wp\/v2\/posts"}],"about":[{"href":"https:\/\/eltrabajo.cl\/portal\/wp-json\/wp\/v2\/types\/post"}],"author":[{"embeddable":true,"href":"https:\/\/eltrabajo.cl\/portal\/wp-json\/wp\/v2\/users\/482"}],"replies":[{"embeddable":true,"href":"https:\/\/eltrabajo.cl\/portal\/wp-json\/wp\/v2\/comments?post=17576"}],"version-history":[{"count":0,"href":"https:\/\/eltrabajo.cl\/portal\/wp-json\/wp\/v2\/posts\/17576\/revisions"}],"wp:featuredmedia":[{"embeddable":true,"href":"https:\/\/eltrabajo.cl\/portal\/wp-json\/wp\/v2\/media\/17577"}],"wp:attachment":[{"href":"https:\/\/eltrabajo.cl\/portal\/wp-json\/wp\/v2\/media?parent=17576"}],"wp:term":[{"taxonomy":"category","embeddable":true,"href":"https:\/\/eltrabajo.cl\/portal\/wp-json\/wp\/v2\/categories?post=17576"},{"taxonomy":"post_tag","embeddable":true,"href":"https:\/\/eltrabajo.cl\/portal\/wp-json\/wp\/v2\/tags?post=17576"}],"curies":[{"name":"wp","href":"https:\/\/api.w.org\/{rel}","templated":true}]}}