{"id":17581,"date":"2012-05-07T10:03:14","date_gmt":"2012-05-07T14:03:14","guid":{"rendered":"http:\/\/www.eltrabajo.cl\/portal\/?p=17581"},"modified":"2012-05-07T10:03:14","modified_gmt":"2012-05-07T14:03:14","slug":"carabineros-lanza-campana-%e2%80%98invierno-seguro%e2%80%99-en-conjunto-con-dirigentes-vecinales","status":"publish","type":"post","link":"https:\/\/eltrabajo.cl\/portal\/carabineros-lanza-campana-%e2%80%98invierno-seguro%e2%80%99-en-conjunto-con-dirigentes-vecinales\/","title":{"rendered":"Carabineros lanza campa\u00f1a \u2018Invierno Seguro\u2019 en conjunto con dirigentes vecinales"},"content":{"rendered":"<figure id=\"attachment_17582\" aria-describedby=\"caption-attachment-17582\" style=\"width: 600px\" class=\"wp-caption alignnone\"><a href=\"http:\/\/www.eltrabajo.cl\/portal\/2012\/05\/carabineros-lanza-campana-%e2%80%98invierno-seguro%e2%80%99-en-conjunto-con-dirigentes-vecinales\/reunion1-4\/\" rel=\"attachment wp-att-17582\"><img data-recalc-dims=\"1\" loading=\"lazy\" decoding=\"async\" class=\"size-full wp-image-17582\" title=\"Reunion1\" src=\"https:\/\/i0.wp.com\/www.eltrabajo.cl\/portal\/wp-content\/uploads\/2012\/05\/Reunion1.jpg?resize=600%2C450\" alt=\"\" width=\"600\" height=\"450\" srcset=\"https:\/\/i0.wp.com\/eltrabajo.cl\/portal\/wp-content\/uploads\/2012\/05\/Reunion1.jpg?w=600&amp;ssl=1 600w, https:\/\/i0.wp.com\/eltrabajo.cl\/portal\/wp-content\/uploads\/2012\/05\/Reunion1.jpg?resize=200%2C150&amp;ssl=1 200w, https:\/\/i0.wp.com\/eltrabajo.cl\/portal\/wp-content\/uploads\/2012\/05\/Reunion1.jpg?resize=300%2C225&amp;ssl=1 300w, https:\/\/i0.wp.com\/eltrabajo.cl\/portal\/wp-content\/uploads\/2012\/05\/Reunion1.jpg?resize=150%2C112&amp;ssl=1 150w, https:\/\/i0.wp.com\/eltrabajo.cl\/portal\/wp-content\/uploads\/2012\/05\/Reunion1.jpg?resize=400%2C300&amp;ssl=1 400w\" sizes=\"auto, (max-width: 600px) 100vw, 600px\" \/><\/a><figcaption id=\"caption-attachment-17582\" class=\"wp-caption-text\">Carabineros de Putaendo sostuvo reuniones con las fuerzas vivas de la comunidad a fin de impulsar la campa\u00f1a \u2018Invierno Seguro\u2019.<\/figcaption><\/figure>\n<p><strong>PUTAENDO.-<\/strong> El Jefe de Tenencia de Carabineros; Suboficial Mayor de Carabineros Pedro Moreno en conjunto con dirigentes vecinales de algunos puntos de la comuna, lanz\u00f3\u00a0 la campa\u00f1a denominada \u2018Invierno seguro\u2019<\/p>\n<p>La \u00a0tarde de este jueves y en su oficina, el Suboficial Mayor Moreno se reuni\u00f3 con dirigentes de calle Juan Rosas, las Coimas y el Arenal encabezadas por\u00a0 Mar\u00eda Salinas, con quienes analizaron distintas tem\u00e1ticas que afectan a los sectores antes nombrados y a otros lugares donde se destac\u00f3 la preocupaci\u00f3n de Carabineros por\u00a0 el tema de los autos abandonados o mal estacionados y la preocupaci\u00f3n de los dirigentes por el tema de los perros vagos.<\/p>\n<p>Fue en este contexto que el oficial de Carabineros pidi\u00f3 la colaboraci\u00f3n de los dirigentes para que promocionaran y apoyaran la campa\u00f1a que consiste\u00a0medularmente en que la comunidad redoble los cuidados de sus viviendas\u00a0 y comparta con dirigentes, vecinos\u00a0 y en especial \u00a0con Carabineros, de \u00a0\u00a0los distintos destacamentos donde se abrir\u00e1 un libro para \u00a0que cada vecino informa que su vivienda quedara sola por un tiempo determinado y as\u00ed el personal policial podr\u00e1 realizar las rondas pertinentes para la correspondiente prevenci\u00f3n de il\u00edcitos.<\/p>\n<p>\u201cHe se\u00f1alado que la prevenci\u00f3n es 50 y 50 % de responsabilidad y es por aquello que esta campa\u00f1a es fundamental el apoyo de los dirigentes para crear conciencia de\u00a0 la importancia de tener un invierno seguro, donde lamentablemente se ha provisto de la cesant\u00eda y aumentan algunos delitos, y es ah\u00ed donde queremos atacar\u00a0 con esta campa\u00f1a, por lo que invito a\u00a0 la comunidad a \u00a0dar aviso a los distintos destacamentos cuando\u00a0 salgan por un lapso\u00a0 amplio y nosotros realizaremos rondas preventivas para que los vecinos, la comunidad y tambi\u00e9n los delincuentes sepan que Carabineros esta resguardando las viviendas en conjunto con los vecinos\u201d\u00a0se\u00f1al\u00f3 el Suboficial Mayor de Carabineros, Pedro Moreno Cruces.<\/p>\n<p><strong>Patricio Gallardo.<\/strong><\/p>\n","protected":false},"excerpt":{"rendered":"<p>PUTAENDO.- El Jefe de Tenencia de Carabineros; Suboficial Mayor de Carabineros Pedro Moreno en conjunto con dirigentes vecinales de algunos puntos de la comuna, lanz\u00f3\u00a0 la campa\u00f1a denominada \u2018Invierno seguro\u2019 La \u00a0tarde&#8230;<\/p>\n","protected":false},"author":482,"featured_media":17582,"comment_status":"open","ping_status":"open","sticky":false,"template":"","format":"standard","meta":{"advanced_seo_description":"","jetpack_seo_html_title":"","jetpack_seo_noindex":false,"_jetpack_memberships_contains_paid_content":false,"footnotes":""},"categories":[1],"tags":[],"class_list":["post-17581","post","type-post","status-publish","format-standard","has-post-thumbnail","hentry","category-cronica"],"jetpack_featured_media_url":"https:\/\/i0.wp.com\/eltrabajo.cl\/portal\/wp-content\/uploads\/2012\/05\/Reunion1.jpg?fit=600%2C450&ssl=1","jetpack_sharing_enabled":true,"jetpack_likes_enabled":true,"jetpack-related-posts":[],"_links":{"self":[{"href":"https:\/\/eltrabajo.cl\/portal\/wp-json\/wp\/v2\/posts\/17581","targetHints":{"allow":["GET"]}}],"collection":[{"href":"https:\/\/eltrabajo.cl\/portal\/wp-json\/wp\/v2\/posts"}],"about":[{"href":"https:\/\/eltrabajo.cl\/portal\/wp-json\/wp\/v2\/types\/post"}],"author":[{"embeddable":true,"href":"https:\/\/eltrabajo.cl\/portal\/wp-json\/wp\/v2\/users\/482"}],"replies":[{"embeddable":true,"href":"https:\/\/eltrabajo.cl\/portal\/wp-json\/wp\/v2\/comments?post=17581"}],"version-history":[{"count":0,"href":"https:\/\/eltrabajo.cl\/portal\/wp-json\/wp\/v2\/posts\/17581\/revisions"}],"wp:featuredmedia":[{"embeddable":true,"href":"https:\/\/eltrabajo.cl\/portal\/wp-json\/wp\/v2\/media\/17582"}],"wp:attachment":[{"href":"https:\/\/eltrabajo.cl\/portal\/wp-json\/wp\/v2\/media?parent=17581"}],"wp:term":[{"taxonomy":"category","embeddable":true,"href":"https:\/\/eltrabajo.cl\/portal\/wp-json\/wp\/v2\/categories?post=17581"},{"taxonomy":"post_tag","embeddable":true,"href":"https:\/\/eltrabajo.cl\/portal\/wp-json\/wp\/v2\/tags?post=17581"}],"curies":[{"name":"wp","href":"https:\/\/api.w.org\/{rel}","templated":true}]}}