{"id":17585,"date":"2012-05-07T10:05:32","date_gmt":"2012-05-07T14:05:32","guid":{"rendered":"http:\/\/www.eltrabajo.cl\/portal\/?p=17585"},"modified":"2012-05-07T10:05:32","modified_gmt":"2012-05-07T14:05:32","slug":"pequenos-del-jardin-infantil-sol-naciente-dan-sus-primeros-pasos-como-estudiantes","status":"publish","type":"post","link":"https:\/\/eltrabajo.cl\/portal\/pequenos-del-jardin-infantil-sol-naciente-dan-sus-primeros-pasos-como-estudiantes\/","title":{"rendered":"Peque\u00f1os del Jard\u00edn Infantil Sol Naciente dan sus primeros pasos como estudiantes"},"content":{"rendered":"<figure id=\"attachment_17586\" aria-describedby=\"caption-attachment-17586\" style=\"width: 600px\" class=\"wp-caption alignnone\"><a href=\"http:\/\/www.eltrabajo.cl\/portal\/2012\/05\/pequenos-del-jardin-infantil-sol-naciente-dan-sus-primeros-pasos-como-estudiantes\/ninos-haciendo-ejrecicio-4\/\" rel=\"attachment wp-att-17586\"><img data-recalc-dims=\"1\" loading=\"lazy\" decoding=\"async\" class=\"size-full wp-image-17586\" title=\"ni\u00f1os haciendo ejrecicio (4)\" src=\"https:\/\/i0.wp.com\/www.eltrabajo.cl\/portal\/wp-content\/uploads\/2012\/05\/ni%C3%B1os-haciendo-ejrecicio-4.jpg?resize=600%2C467\" alt=\"\" width=\"600\" height=\"467\" srcset=\"https:\/\/i0.wp.com\/eltrabajo.cl\/portal\/wp-content\/uploads\/2012\/05\/ni%C3%B1os-haciendo-ejrecicio-4.jpg?w=600&amp;ssl=1 600w, https:\/\/i0.wp.com\/eltrabajo.cl\/portal\/wp-content\/uploads\/2012\/05\/ni%C3%B1os-haciendo-ejrecicio-4.jpg?resize=192%2C150&amp;ssl=1 192w, https:\/\/i0.wp.com\/eltrabajo.cl\/portal\/wp-content\/uploads\/2012\/05\/ni%C3%B1os-haciendo-ejrecicio-4.jpg?resize=300%2C233&amp;ssl=1 300w, https:\/\/i0.wp.com\/eltrabajo.cl\/portal\/wp-content\/uploads\/2012\/05\/ni%C3%B1os-haciendo-ejrecicio-4.jpg?resize=150%2C116&amp;ssl=1 150w, https:\/\/i0.wp.com\/eltrabajo.cl\/portal\/wp-content\/uploads\/2012\/05\/ni%C3%B1os-haciendo-ejrecicio-4.jpg?resize=400%2C311&amp;ssl=1 400w\" sizes=\"auto, (max-width: 600px) 100vw, 600px\" \/><\/a><figcaption id=\"caption-attachment-17586\" class=\"wp-caption-text\">Los peque\u00f1os realizaron una muestra del trabajo que hacen al interior del establecimiento.<\/figcaption><\/figure>\n<p>El viernes reci\u00e9n pasado, los ni\u00f1os que asisten al Jard\u00edn Infantil Sol Naciente, que est\u00e1 ubicado en la Villa 250 a\u00f1os de San Felipe, promocionaron las actividades que realizan d\u00eda a d\u00eda al interior del establecimiento. Los peque\u00f1os llegaron hasta la Plaza C\u00edvica de San Felipe acompa\u00f1ados de las t\u00edas del jard\u00edn y de los apoderados, y durante la ma\u00f1ana realizaron varias actividades deportivas.<\/p>\n<p>Ese d\u00eda los peque\u00f1os se ayudaron de distintos implementos deportivos, que mantienen al interior del jard\u00edn infantil y que han logrado reunir luego de presentar proyectos a lo largo del tiempo que llevan funcionando.<\/p>\n<p>\u201cCasi todo el material que tenemos ac\u00e1 en este momento, es material que se ha ganado de proyectos, que hemos postulado a trav\u00e9s de la Gobernaci\u00f3n o de Codelco\u201d, se\u00f1al\u00f3 Oriel Quiroga, Educadora de P\u00e1rvulos.<\/p>\n<figure id=\"attachment_17587\" aria-describedby=\"caption-attachment-17587\" style=\"width: 233px\" class=\"wp-caption alignright\"><a href=\"http:\/\/www.eltrabajo.cl\/portal\/2012\/05\/pequenos-del-jardin-infantil-sol-naciente-dan-sus-primeros-pasos-como-estudiantes\/oriel-quiroga\/\" rel=\"attachment wp-att-17587\"><img data-recalc-dims=\"1\" loading=\"lazy\" decoding=\"async\" class=\"size-medium wp-image-17587\" title=\"oriel quiroga\" src=\"https:\/\/i0.wp.com\/www.eltrabajo.cl\/portal\/wp-content\/uploads\/2012\/05\/oriel-quiroga-233x300.jpg?resize=233%2C300\" alt=\"\" width=\"233\" height=\"300\" srcset=\"https:\/\/i0.wp.com\/eltrabajo.cl\/portal\/wp-content\/uploads\/2012\/05\/oriel-quiroga.jpg?resize=233%2C300&amp;ssl=1 233w, https:\/\/i0.wp.com\/eltrabajo.cl\/portal\/wp-content\/uploads\/2012\/05\/oriel-quiroga.jpg?resize=116%2C150&amp;ssl=1 116w, https:\/\/i0.wp.com\/eltrabajo.cl\/portal\/wp-content\/uploads\/2012\/05\/oriel-quiroga.jpg?resize=400%2C513&amp;ssl=1 400w, https:\/\/i0.wp.com\/eltrabajo.cl\/portal\/wp-content\/uploads\/2012\/05\/oriel-quiroga.jpg?w=798&amp;ssl=1 798w\" sizes=\"auto, (max-width: 233px) 100vw, 233px\" \/><\/a><figcaption id=\"caption-attachment-17587\" class=\"wp-caption-text\">Oriel Quiroga se\u00f1al\u00f3 que existe el compromiso de los padres, porque los ni\u00f1os asistan regularmente al jard\u00edn infantil.<\/figcaption><\/figure>\n<p><strong>PEQUE\u00d1OS DEPORTISTAS<\/strong><\/p>\n<p>La actividad que presentaron los ni\u00f1os el viernes era un circuito motor, ya que una de las misiones que tiene el jard\u00edn, es la promoci\u00f3n de la vida saludable.<\/p>\n<p>Durante la ma\u00f1ana los peque\u00f1os practicaron con distintos elementos, los que comienzan a utilizar desde los primeros d\u00edas de clases, con la idea de que los peque\u00f1os comiencen desde chicos a practicar deporte.<\/p>\n<p>\u201cEl trabajo que se realiza al interior del jard\u00edn es sumamente positivo, nosotros tenemos metas que se trabajan en cuanto a la nutrici\u00f3n, igual tenemos un porcentaje m\u00e1s o menos alto, que es a partir de todo el pa\u00eds, de ni\u00f1os obesos y con sobrepeso y queremos bajar esos porcentajes\u201d, dijo la educadora.<\/p>\n<p>El Jard\u00edn Infantil Sol Naciente tiene una capacidad de 100 ni\u00f1os, pero todav\u00eda ese cupo no se ha cumplido, por ello el llamado de las educadoras es a los padres a inscribir a los peque\u00f1os, no solamente de este sector poblacional, sino que tambi\u00e9n de las inmediaciones, ya que de esa manera los peque\u00f1os comienzan a recibir conocimientos en la edad m\u00e1s importante para su desarrollo.<\/p>\n<p>De todas maneras los ni\u00f1os que est\u00e1n inscritos tienen una muy buena asistencia, lo que da cuenta del compromiso de los padres y apoderados con el establecimiento educacional.<\/p>\n","protected":false},"excerpt":{"rendered":"<p>El viernes reci\u00e9n pasado, los ni\u00f1os que asisten al Jard\u00edn Infantil Sol Naciente, que est\u00e1 ubicado en la Villa 250 a\u00f1os de San Felipe, promocionaron las actividades que realizan d\u00eda a d\u00eda&#8230;<\/p>\n","protected":false},"author":482,"featured_media":17586,"comment_status":"open","ping_status":"open","sticky":false,"template":"","format":"standard","meta":{"advanced_seo_description":"","jetpack_seo_html_title":"","jetpack_seo_noindex":false,"_jetpack_memberships_contains_paid_content":false,"footnotes":""},"categories":[15],"tags":[],"class_list":["post-17585","post","type-post","status-publish","format-standard","has-post-thumbnail","hentry","category-comunidad"],"jetpack_featured_media_url":"https:\/\/i0.wp.com\/eltrabajo.cl\/portal\/wp-content\/uploads\/2012\/05\/ni%C3%B1os-haciendo-ejrecicio-4.jpg?fit=600%2C467&ssl=1","jetpack_sharing_enabled":true,"jetpack_likes_enabled":true,"jetpack-related-posts":[],"_links":{"self":[{"href":"https:\/\/eltrabajo.cl\/portal\/wp-json\/wp\/v2\/posts\/17585","targetHints":{"allow":["GET"]}}],"collection":[{"href":"https:\/\/eltrabajo.cl\/portal\/wp-json\/wp\/v2\/posts"}],"about":[{"href":"https:\/\/eltrabajo.cl\/portal\/wp-json\/wp\/v2\/types\/post"}],"author":[{"embeddable":true,"href":"https:\/\/eltrabajo.cl\/portal\/wp-json\/wp\/v2\/users\/482"}],"replies":[{"embeddable":true,"href":"https:\/\/eltrabajo.cl\/portal\/wp-json\/wp\/v2\/comments?post=17585"}],"version-history":[{"count":0,"href":"https:\/\/eltrabajo.cl\/portal\/wp-json\/wp\/v2\/posts\/17585\/revisions"}],"wp:featuredmedia":[{"embeddable":true,"href":"https:\/\/eltrabajo.cl\/portal\/wp-json\/wp\/v2\/media\/17586"}],"wp:attachment":[{"href":"https:\/\/eltrabajo.cl\/portal\/wp-json\/wp\/v2\/media?parent=17585"}],"wp:term":[{"taxonomy":"category","embeddable":true,"href":"https:\/\/eltrabajo.cl\/portal\/wp-json\/wp\/v2\/categories?post=17585"},{"taxonomy":"post_tag","embeddable":true,"href":"https:\/\/eltrabajo.cl\/portal\/wp-json\/wp\/v2\/tags?post=17585"}],"curies":[{"name":"wp","href":"https:\/\/api.w.org\/{rel}","templated":true}]}}