{"id":17590,"date":"2012-05-07T10:07:26","date_gmt":"2012-05-07T14:07:26","guid":{"rendered":"http:\/\/www.eltrabajo.cl\/portal\/?p=17590"},"modified":"2012-05-07T10:07:26","modified_gmt":"2012-05-07T14:07:26","slug":"programa-destinado-a-acoger-ninos-con-vulneracion-de-derechos-busca-familias-que-los-acojan","status":"publish","type":"post","link":"https:\/\/eltrabajo.cl\/portal\/programa-destinado-a-acoger-ninos-con-vulneracion-de-derechos-busca-familias-que-los-acojan\/","title":{"rendered":"Programa destinado a acoger ni\u00f1os con vulneraci\u00f3n de derechos busca familias que los acojan"},"content":{"rendered":"<figure id=\"attachment_17591\" aria-describedby=\"caption-attachment-17591\" style=\"width: 300px\" class=\"wp-caption alignleft\"><a href=\"http:\/\/www.eltrabajo.cl\/portal\/2012\/05\/programa-destinado-a-acoger-ninos-con-vulneracion-de-derechos-busca-familias-que-los-acojan\/karol-3\/\" rel=\"attachment wp-att-17591\"><img data-recalc-dims=\"1\" loading=\"lazy\" decoding=\"async\" class=\"size-medium wp-image-17591\" title=\"karol (3)\" src=\"https:\/\/i0.wp.com\/www.eltrabajo.cl\/portal\/wp-content\/uploads\/2012\/05\/karol-3-300x225.jpg?resize=300%2C225\" alt=\"\" width=\"300\" height=\"225\" srcset=\"https:\/\/i0.wp.com\/eltrabajo.cl\/portal\/wp-content\/uploads\/2012\/05\/karol-3.jpg?resize=300%2C225&amp;ssl=1 300w, https:\/\/i0.wp.com\/eltrabajo.cl\/portal\/wp-content\/uploads\/2012\/05\/karol-3.jpg?resize=200%2C150&amp;ssl=1 200w, https:\/\/i0.wp.com\/eltrabajo.cl\/portal\/wp-content\/uploads\/2012\/05\/karol-3.jpg?resize=150%2C112&amp;ssl=1 150w, https:\/\/i0.wp.com\/eltrabajo.cl\/portal\/wp-content\/uploads\/2012\/05\/karol-3.jpg?resize=400%2C300&amp;ssl=1 400w, https:\/\/i0.wp.com\/eltrabajo.cl\/portal\/wp-content\/uploads\/2012\/05\/karol-3.jpg?w=600&amp;ssl=1 600w\" sizes=\"auto, (max-width: 300px) 100vw, 300px\" \/><\/a><figcaption id=\"caption-attachment-17591\" class=\"wp-caption-text\">Karla Marchant es la encargada del programa que busca contar con m\u00e1s familias de acogida en Aconcagua.<\/figcaption><\/figure>\n<p>Desde el a\u00f1o 2008 viene funcionando en el Valle de Aconcagua el programa Familia de Acogida Especializada Aconcagua, una iniciativa que trabaja en conjunto con Sename y que tiene como objetivo restituir los derechos de ni\u00f1os y a vivir en un ambiente familiar.<\/p>\n<p>La iniciativa lleva va a cumplir cuatro a\u00f1os funcionando y durante este tiempo ha trabajado con varias familias que postulan y califican para hacerse cargo de un ni\u00f1o, que fue derivado por el Tribunal, durante un per\u00edodo de tiempo, que generalmente es un a\u00f1o, mientras su familia de base trabaja con especialistas para poder restituir los derechos que fueron vulnerados al peque\u00f1o.<\/p>\n<p>Por estos d\u00edas, el programa cuenta con alrededor de 109 ni\u00f1os, los que, luego de una completa evaluaci\u00f3n, son derivados a las familias.<\/p>\n<p>\u201cTenemos dos tipos de familias, familias de acogida externa, que no tienen ning\u00fan lazo consangu\u00edneo con los ni\u00f1os y las familias de acogida especializadas, que tienen lazos consangu\u00edneos. Estos ni\u00f1os llegan derivados de los Juzgados de Familia, de San Felipe, Los Andes y Putaendo y lo que solicitan es poder integrarlos a un sistema familiar, mientras nosotros restituimos el derecho de que ellos puedan vivir en familia\u201d, explica Karla Marchant, Directora del programa en San Felipe.<\/p>\n<p><strong>NO ES ADOPCI\u00d3N<\/strong><\/p>\n<p>La familia de acogida se hace cargo del menor de manera transitoria, y no constituye una adopci\u00f3n del ni\u00f1o, ya que luego de un a\u00f1o generalmente, los ni\u00f1os son evaluados nuevamente y pueden volver con sus familias de base o ir a la adopci\u00f3n.<\/p>\n<p>\u201cAlgunos se han reintegrado con su familia de origen, hay otros ni\u00f1os que se han ido en adopci\u00f3n, no con la familia de acogida, porque no est\u00e1 permitido, es algo que las familias deben tener s\u00faper en cuenta, porque no van a un programa de adopci\u00f3n, sino de acogimiento familiar\u201d, se\u00f1al\u00f3 Marchant. Mientras existen otros ni\u00f1os que permanecen con familiares, como t\u00edos o abuelos.<\/p>\n<p>Durante este tiempo, el programa de familias de acogida, trabajan con esas familias, con los ni\u00f1os y con sus progenitores, ya que se trata de un trabajo bastante complejo, que es necesario que sea abordado desde todos los aspectos, para lograr restituir los derechos de los ni\u00f1os. .<\/p>\n<p>\u201cEs un trabajo bastante complicado, porque son pap\u00e1s que vienen con historias de vulneraci\u00f3n de derechos, por lo tanto, con el equipo psicosocial se busca restituir esos derechos y que ellos vayan adquiriendo nuevas competencias parentales adecuadas, para poder mantener a sus hijos en adecuadas condiciones sociales\u201d, se\u00f1ala la encargada de la iniciativa.<\/p>\n<p>Adem\u00e1s, durante todo el tiempo que el ni\u00f1o permanece con la familia de acogida, los profesionales realizan un seguimiento para evaluar el avance del proceso, ya que a veces se vuelve compleja esa relaci\u00f3n, ya que muchas veces se trata de ni\u00f1os que se comportan de manera complicada ante algunas situaciones.<\/p>\n<p>Para lograr contar con m\u00e1s familias de acogidas, por estos d\u00edas las profesionales del programa est\u00e1n realizando un proceso de difusi\u00f3n para contar con m\u00e1s personas interesadas.<\/p>\n<p>\u201cNecesitamos de manera constante familias de acogida que salgan bien evaluadas, las familias tienen que hacer un proceso de evaluaci\u00f3n psicosocial para poder incorporarse como familias de acogida, se les hace una evaluaci\u00f3n psicol\u00f3gica, y de condiciones sociales que les permita poder acoger un ni\u00f1os, habitacionales, donde pueda tener el ni\u00f1o un lugar donde dormir\u201d, sostiene Karla.<\/p>\n<p>Aquellas personas interesadas en ser parte del programa pueden dirigirse a Santo Domingo N\u00ba 43.<\/p>\n","protected":false},"excerpt":{"rendered":"<p>Desde el a\u00f1o 2008 viene funcionando en el Valle de Aconcagua el programa Familia de Acogida Especializada Aconcagua, una iniciativa que trabaja en conjunto con Sename y que tiene como objetivo restituir&#8230;<\/p>\n","protected":false},"author":482,"featured_media":17591,"comment_status":"open","ping_status":"open","sticky":false,"template":"","format":"standard","meta":{"advanced_seo_description":"","jetpack_seo_html_title":"","jetpack_seo_noindex":false,"_jetpack_memberships_contains_paid_content":false,"footnotes":""},"categories":[1],"tags":[],"class_list":["post-17590","post","type-post","status-publish","format-standard","has-post-thumbnail","hentry","category-cronica"],"jetpack_featured_media_url":"https:\/\/i0.wp.com\/eltrabajo.cl\/portal\/wp-content\/uploads\/2012\/05\/karol-3.jpg?fit=600%2C450&ssl=1","jetpack_sharing_enabled":true,"jetpack_likes_enabled":true,"jetpack-related-posts":[],"_links":{"self":[{"href":"https:\/\/eltrabajo.cl\/portal\/wp-json\/wp\/v2\/posts\/17590","targetHints":{"allow":["GET"]}}],"collection":[{"href":"https:\/\/eltrabajo.cl\/portal\/wp-json\/wp\/v2\/posts"}],"about":[{"href":"https:\/\/eltrabajo.cl\/portal\/wp-json\/wp\/v2\/types\/post"}],"author":[{"embeddable":true,"href":"https:\/\/eltrabajo.cl\/portal\/wp-json\/wp\/v2\/users\/482"}],"replies":[{"embeddable":true,"href":"https:\/\/eltrabajo.cl\/portal\/wp-json\/wp\/v2\/comments?post=17590"}],"version-history":[{"count":0,"href":"https:\/\/eltrabajo.cl\/portal\/wp-json\/wp\/v2\/posts\/17590\/revisions"}],"wp:featuredmedia":[{"embeddable":true,"href":"https:\/\/eltrabajo.cl\/portal\/wp-json\/wp\/v2\/media\/17591"}],"wp:attachment":[{"href":"https:\/\/eltrabajo.cl\/portal\/wp-json\/wp\/v2\/media?parent=17590"}],"wp:term":[{"taxonomy":"category","embeddable":true,"href":"https:\/\/eltrabajo.cl\/portal\/wp-json\/wp\/v2\/categories?post=17590"},{"taxonomy":"post_tag","embeddable":true,"href":"https:\/\/eltrabajo.cl\/portal\/wp-json\/wp\/v2\/tags?post=17590"}],"curies":[{"name":"wp","href":"https:\/\/api.w.org\/{rel}","templated":true}]}}