{"id":17594,"date":"2012-05-07T10:10:37","date_gmt":"2012-05-07T14:10:37","guid":{"rendered":"http:\/\/www.eltrabajo.cl\/portal\/?p=17594"},"modified":"2012-05-07T10:10:37","modified_gmt":"2012-05-07T14:10:37","slug":"celebrando-su-aniversario-colegio-cervantino-realizo-corrida-estudiantil","status":"publish","type":"post","link":"https:\/\/eltrabajo.cl\/portal\/celebrando-su-aniversario-colegio-cervantino-realizo-corrida-estudiantil\/","title":{"rendered":"Celebrando su aniversario, Colegio Cervantino realiz\u00f3 corrida estudiantil"},"content":{"rendered":"<figure id=\"attachment_17595\" aria-describedby=\"caption-attachment-17595\" style=\"width: 600px\" class=\"wp-caption alignnone\"><a href=\"http:\/\/www.eltrabajo.cl\/portal\/2012\/05\/celebrando-su-aniversario-colegio-cervantino-realizo-corrida-estudiantil\/corrida1\/\" rel=\"attachment wp-att-17595\"><img data-recalc-dims=\"1\" loading=\"lazy\" decoding=\"async\" class=\"size-full wp-image-17595\" title=\"Corrida1\" src=\"https:\/\/i0.wp.com\/www.eltrabajo.cl\/portal\/wp-content\/uploads\/2012\/05\/Corrida1.jpg?resize=600%2C370\" alt=\"\" width=\"600\" height=\"370\" srcset=\"https:\/\/i0.wp.com\/eltrabajo.cl\/portal\/wp-content\/uploads\/2012\/05\/Corrida1.jpg?w=600&amp;ssl=1 600w, https:\/\/i0.wp.com\/eltrabajo.cl\/portal\/wp-content\/uploads\/2012\/05\/Corrida1.jpg?resize=200%2C123&amp;ssl=1 200w, https:\/\/i0.wp.com\/eltrabajo.cl\/portal\/wp-content\/uploads\/2012\/05\/Corrida1.jpg?resize=300%2C185&amp;ssl=1 300w, https:\/\/i0.wp.com\/eltrabajo.cl\/portal\/wp-content\/uploads\/2012\/05\/Corrida1.jpg?resize=150%2C92&amp;ssl=1 150w, https:\/\/i0.wp.com\/eltrabajo.cl\/portal\/wp-content\/uploads\/2012\/05\/Corrida1.jpg?resize=400%2C246&amp;ssl=1 400w\" sizes=\"auto, (max-width: 600px) 100vw, 600px\" \/><\/a><figcaption id=\"caption-attachment-17595\" class=\"wp-caption-text\">Los peque\u00f1os de distintas categor\u00edas del Colegio Cervantino salieron disparados en busca de la meta, aunque no todos ganaron, seguir\u00e1n disfrutando durante toda la semana de actividades similares.<\/figcaption><\/figure>\n<p>El Colegio Cervantino de Putaendo realiz\u00f3 su tradicional corrida estudiantil en el marco de las actividades de conmemoraci\u00f3n del aniversario de este establecimiento educacional.<\/p>\n<p>Desde muy temprano, m\u00e1s de 250 estudiantes del Cervantino, acompa\u00f1ados de sus padres, familiares y amigos, literalmente se tomaron el centro de la comuna para dar vida a esta hermosa corrida estudiantil que se dividi\u00f3 en las categor\u00edas: microbio, cachorro, peneca y juveniles desde los a\u00f1os 2003 en adelante, categor\u00edas que tuvieron 100 metros para los peque\u00f1os, 200 metros para la categor\u00eda cachorro y para los nacidos en el a\u00f1o 1995 y 1996 un extenso recorrido que se iniciaba en la localidad de Rinconada de Silva.<\/p>\n<p>Marcela Salazar, Directora del Colegio Cervantino se\u00f1al\u00f3 que como establecimiento, se encontraban muy contentos y orgullosos por esta nueva corrida en la antesala de lo que ser\u00e1 el pr\u00f3ximo aniversario del establecimiento que se celebrar\u00e1 el viernes 11 de mayo con un sinn\u00famero de actividades programadas con motivo de tan importante acontecimiento, agregando que el Colegio Cervantino desde hace mucho tiempo se encuentra inmerso en la comunidad putaendina, no tan s\u00f3lo como un centro educativo m\u00e1s, sino que sigue haciendo part\u00edcipe a toda la comunidad en las distintas actividades que constantemente este establecimiento est\u00e1 realizando durante todo el a\u00f1o y que habitualmente son promocionadas a trav\u00e9s de Diario El Trabajo.<\/p>\n<p><strong>Patricio Gallardo.<\/strong><\/p>\n","protected":false},"excerpt":{"rendered":"<p>El Colegio Cervantino de Putaendo realiz\u00f3 su tradicional corrida estudiantil en el marco de las actividades de conmemoraci\u00f3n del aniversario de este establecimiento educacional. Desde muy temprano, m\u00e1s de 250 estudiantes del&#8230;<\/p>\n","protected":false},"author":482,"featured_media":17595,"comment_status":"open","ping_status":"open","sticky":false,"template":"","format":"standard","meta":{"advanced_seo_description":"","jetpack_seo_html_title":"","jetpack_seo_noindex":false,"_jetpack_memberships_contains_paid_content":false,"footnotes":""},"categories":[15],"tags":[],"class_list":["post-17594","post","type-post","status-publish","format-standard","has-post-thumbnail","hentry","category-comunidad"],"jetpack_featured_media_url":"https:\/\/i0.wp.com\/eltrabajo.cl\/portal\/wp-content\/uploads\/2012\/05\/Corrida1.jpg?fit=600%2C370&ssl=1","jetpack_sharing_enabled":true,"jetpack_likes_enabled":true,"jetpack-related-posts":[],"_links":{"self":[{"href":"https:\/\/eltrabajo.cl\/portal\/wp-json\/wp\/v2\/posts\/17594","targetHints":{"allow":["GET"]}}],"collection":[{"href":"https:\/\/eltrabajo.cl\/portal\/wp-json\/wp\/v2\/posts"}],"about":[{"href":"https:\/\/eltrabajo.cl\/portal\/wp-json\/wp\/v2\/types\/post"}],"author":[{"embeddable":true,"href":"https:\/\/eltrabajo.cl\/portal\/wp-json\/wp\/v2\/users\/482"}],"replies":[{"embeddable":true,"href":"https:\/\/eltrabajo.cl\/portal\/wp-json\/wp\/v2\/comments?post=17594"}],"version-history":[{"count":0,"href":"https:\/\/eltrabajo.cl\/portal\/wp-json\/wp\/v2\/posts\/17594\/revisions"}],"wp:featuredmedia":[{"embeddable":true,"href":"https:\/\/eltrabajo.cl\/portal\/wp-json\/wp\/v2\/media\/17595"}],"wp:attachment":[{"href":"https:\/\/eltrabajo.cl\/portal\/wp-json\/wp\/v2\/media?parent=17594"}],"wp:term":[{"taxonomy":"category","embeddable":true,"href":"https:\/\/eltrabajo.cl\/portal\/wp-json\/wp\/v2\/categories?post=17594"},{"taxonomy":"post_tag","embeddable":true,"href":"https:\/\/eltrabajo.cl\/portal\/wp-json\/wp\/v2\/tags?post=17594"}],"curies":[{"name":"wp","href":"https:\/\/api.w.org\/{rel}","templated":true}]}}