{"id":17598,"date":"2012-05-07T10:12:44","date_gmt":"2012-05-07T14:12:44","guid":{"rendered":"http:\/\/www.eltrabajo.cl\/portal\/?p=17598"},"modified":"2012-05-07T10:12:44","modified_gmt":"2012-05-07T14:12:44","slug":"mas-de-40-microempresarios-de-distintas-comunas-participaron-en-la-vii-expo-feria","status":"publish","type":"post","link":"https:\/\/eltrabajo.cl\/portal\/mas-de-40-microempresarios-de-distintas-comunas-participaron-en-la-vii-expo-feria\/","title":{"rendered":"M\u00e1s de 40 microempresarios de distintas comunas participaron en la VII Expo Feria"},"content":{"rendered":"<figure id=\"attachment_17599\" aria-describedby=\"caption-attachment-17599\" style=\"width: 600px\" class=\"wp-caption alignnone\"><a href=\"http:\/\/www.eltrabajo.cl\/portal\/2012\/05\/mas-de-40-microempresarios-de-distintas-comunas-participaron-en-la-vii-expo-feria\/expo-feria-artesanal-2\/\" rel=\"attachment wp-att-17599\"><img data-recalc-dims=\"1\" loading=\"lazy\" decoding=\"async\" class=\"size-full wp-image-17599\" title=\"expo feria artesanal (2)\" src=\"https:\/\/i0.wp.com\/www.eltrabajo.cl\/portal\/wp-content\/uploads\/2012\/05\/expo-feria-artesanal-2.jpg?resize=600%2C431\" alt=\"\" width=\"600\" height=\"431\" srcset=\"https:\/\/i0.wp.com\/eltrabajo.cl\/portal\/wp-content\/uploads\/2012\/05\/expo-feria-artesanal-2.jpg?w=600&amp;ssl=1 600w, https:\/\/i0.wp.com\/eltrabajo.cl\/portal\/wp-content\/uploads\/2012\/05\/expo-feria-artesanal-2.jpg?resize=200%2C143&amp;ssl=1 200w, https:\/\/i0.wp.com\/eltrabajo.cl\/portal\/wp-content\/uploads\/2012\/05\/expo-feria-artesanal-2.jpg?resize=300%2C215&amp;ssl=1 300w, https:\/\/i0.wp.com\/eltrabajo.cl\/portal\/wp-content\/uploads\/2012\/05\/expo-feria-artesanal-2.jpg?resize=150%2C107&amp;ssl=1 150w, https:\/\/i0.wp.com\/eltrabajo.cl\/portal\/wp-content\/uploads\/2012\/05\/expo-feria-artesanal-2.jpg?resize=400%2C287&amp;ssl=1 400w\" sizes=\"auto, (max-width: 600px) 100vw, 600px\" \/><\/a><figcaption id=\"caption-attachment-17599\" class=\"wp-caption-text\">Los microempresarios llegaron desde varias comunas para mostrar sus productos.<\/figcaption><\/figure>\n<p>La s\u00e9ptima versi\u00f3n de la ExpoFeria de Microempresarios de San Felipe se realiz\u00f3 durante el fin de semana en la plaza de armas. Se trata de una asociatividad entre el Municipio de San Felipe y el Rastro, la organizaci\u00f3n de peque\u00f1os emprendedores, que permiti\u00f3 desarrollar esta feria artesanal, donde los expositores pudieron exponer productos que han sido confeccionados por gente de la zona.<\/p>\n<p>La feria fue organizada en conjunto con el Departamento de Desarrollo Productivo del municipio, entidad que est\u00e1 trabajando con m\u00e1s de dos 2.500 patentes municipales y con Corfo y Sercotec, donde se est\u00e1n generando acuerdos con distintos actores, de tal manera de generar las oportunidades de desarrollo para la gente del Valle de Aconcagua. En la feria que se desarroll\u00f3 el fin de semana, se reunieron 46 microempresarios de la zona, y que vienen de varias localidades y de comunas como Los Andes, Santa Mar\u00eda, Rinconada, Llay Llay, Putaendo, La Ligua, Buin y Santiago.<\/p>\n<figure id=\"attachment_17600\" aria-describedby=\"caption-attachment-17600\" style=\"width: 300px\" class=\"wp-caption alignright\"><a href=\"http:\/\/www.eltrabajo.cl\/portal\/2012\/05\/mas-de-40-microempresarios-de-distintas-comunas-participaron-en-la-vii-expo-feria\/expo-feria-artesanal\/\" rel=\"attachment wp-att-17600\"><img data-recalc-dims=\"1\" loading=\"lazy\" decoding=\"async\" class=\"size-medium wp-image-17600\" title=\"expo feria artesanal\" src=\"https:\/\/i0.wp.com\/www.eltrabajo.cl\/portal\/wp-content\/uploads\/2012\/05\/expo-feria-artesanal-300x243.jpg?resize=300%2C243\" alt=\"\" width=\"300\" height=\"243\" srcset=\"https:\/\/i0.wp.com\/eltrabajo.cl\/portal\/wp-content\/uploads\/2012\/05\/expo-feria-artesanal.jpg?resize=300%2C243&amp;ssl=1 300w, https:\/\/i0.wp.com\/eltrabajo.cl\/portal\/wp-content\/uploads\/2012\/05\/expo-feria-artesanal.jpg?resize=184%2C150&amp;ssl=1 184w, https:\/\/i0.wp.com\/eltrabajo.cl\/portal\/wp-content\/uploads\/2012\/05\/expo-feria-artesanal.jpg?resize=150%2C121&amp;ssl=1 150w, https:\/\/i0.wp.com\/eltrabajo.cl\/portal\/wp-content\/uploads\/2012\/05\/expo-feria-artesanal.jpg?resize=400%2C324&amp;ssl=1 400w, https:\/\/i0.wp.com\/eltrabajo.cl\/portal\/wp-content\/uploads\/2012\/05\/expo-feria-artesanal.jpg?w=600&amp;ssl=1 600w\" sizes=\"auto, (max-width: 300px) 100vw, 300px\" \/><\/a><figcaption id=\"caption-attachment-17600\" class=\"wp-caption-text\">Desde que se instal\u00f3 la Expo-Feria, recibi\u00f3 la visita de los vecinos de la comuna, quienes se mostraron interesados en la variedad de productos que se ofrec\u00edan.<\/figcaption><\/figure>\n<p>Los microempresarios en tanto deb\u00edan cumplir ciertos criterios para poder participar en la iniciativa, entre los que contaban estar formalizado, o en proceso de formalizaci\u00f3n, aquellos que trabajan con alimentos deb\u00edan contar con la Resoluci\u00f3n Sanitaria y que hicieran trabajos artesanales o con sus propias manos.<\/p>\n<p>El Departamento de Desarrollo Productivo lleva tres meses trabajando intensamente, tiempo durante el cual se han desarrollado varias reuniones en beneficios de los empresarios.<\/p>\n<p>\u201cHicimos una primero con gente microempresaria para el tema Sercotec, hicimos otro con la gente de CORFO para empresarios ya, ahora estamos gestionando otro para un seminario que se va a hacer pronto que es sobre el capital \u2018abeja\u2019 y en realidad estamos tratando de difundir los proyectos y programas de Gobierno que van en pos del emprendimiento\u201d, dijo Andrea Fuentes, encargada de la oficina.<\/p>\n","protected":false},"excerpt":{"rendered":"<p>La s\u00e9ptima versi\u00f3n de la ExpoFeria de Microempresarios de San Felipe se realiz\u00f3 durante el fin de semana en la plaza de armas. Se trata de una asociatividad entre el Municipio de&#8230;<\/p>\n","protected":false},"author":482,"featured_media":17599,"comment_status":"open","ping_status":"open","sticky":false,"template":"","format":"standard","meta":{"advanced_seo_description":"","jetpack_seo_html_title":"","jetpack_seo_noindex":false,"_jetpack_memberships_contains_paid_content":false,"footnotes":""},"categories":[15],"tags":[],"class_list":["post-17598","post","type-post","status-publish","format-standard","has-post-thumbnail","hentry","category-comunidad"],"jetpack_featured_media_url":"https:\/\/i0.wp.com\/eltrabajo.cl\/portal\/wp-content\/uploads\/2012\/05\/expo-feria-artesanal-2.jpg?fit=600%2C431&ssl=1","jetpack_sharing_enabled":true,"jetpack_likes_enabled":true,"jetpack-related-posts":[],"_links":{"self":[{"href":"https:\/\/eltrabajo.cl\/portal\/wp-json\/wp\/v2\/posts\/17598","targetHints":{"allow":["GET"]}}],"collection":[{"href":"https:\/\/eltrabajo.cl\/portal\/wp-json\/wp\/v2\/posts"}],"about":[{"href":"https:\/\/eltrabajo.cl\/portal\/wp-json\/wp\/v2\/types\/post"}],"author":[{"embeddable":true,"href":"https:\/\/eltrabajo.cl\/portal\/wp-json\/wp\/v2\/users\/482"}],"replies":[{"embeddable":true,"href":"https:\/\/eltrabajo.cl\/portal\/wp-json\/wp\/v2\/comments?post=17598"}],"version-history":[{"count":0,"href":"https:\/\/eltrabajo.cl\/portal\/wp-json\/wp\/v2\/posts\/17598\/revisions"}],"wp:featuredmedia":[{"embeddable":true,"href":"https:\/\/eltrabajo.cl\/portal\/wp-json\/wp\/v2\/media\/17599"}],"wp:attachment":[{"href":"https:\/\/eltrabajo.cl\/portal\/wp-json\/wp\/v2\/media?parent=17598"}],"wp:term":[{"taxonomy":"category","embeddable":true,"href":"https:\/\/eltrabajo.cl\/portal\/wp-json\/wp\/v2\/categories?post=17598"},{"taxonomy":"post_tag","embeddable":true,"href":"https:\/\/eltrabajo.cl\/portal\/wp-json\/wp\/v2\/tags?post=17598"}],"curies":[{"name":"wp","href":"https:\/\/api.w.org\/{rel}","templated":true}]}}