{"id":17635,"date":"2012-05-08T10:42:35","date_gmt":"2012-05-08T14:42:35","guid":{"rendered":"http:\/\/www.eltrabajo.cl\/portal\/?p=17635"},"modified":"2012-05-08T10:42:35","modified_gmt":"2012-05-08T14:42:35","slug":"participantes-del-programa-vinculos-forman-club-del-adulto-mayor-para-seguir-recibiendo-apoyo-municipal","status":"publish","type":"post","link":"https:\/\/eltrabajo.cl\/portal\/participantes-del-programa-vinculos-forman-club-del-adulto-mayor-para-seguir-recibiendo-apoyo-municipal\/","title":{"rendered":"Participantes del Programa V\u00ednculos forman club del adulto mayor para seguir recibiendo apoyo municipal"},"content":{"rendered":"<figure id=\"attachment_17636\" aria-describedby=\"caption-attachment-17636\" style=\"width: 600px\" class=\"wp-caption alignnone\"><a href=\"http:\/\/www.eltrabajo.cl\/portal\/2012\/05\/participantes-del-programa-vinculos-forman-club-del-adulto-mayor-para-seguir-recibiendo-apoyo-municipal\/cierre-vinculos-1\/\" rel=\"attachment wp-att-17636\"><img data-recalc-dims=\"1\" loading=\"lazy\" decoding=\"async\" class=\"size-full wp-image-17636\" title=\"Cierre Vinculos 1\" src=\"https:\/\/i0.wp.com\/www.eltrabajo.cl\/portal\/wp-content\/uploads\/2012\/05\/Cierre-Vinculos-1.jpg?resize=600%2C450\" alt=\"\" width=\"600\" height=\"450\" srcset=\"https:\/\/i0.wp.com\/eltrabajo.cl\/portal\/wp-content\/uploads\/2012\/05\/Cierre-Vinculos-1.jpg?w=600&amp;ssl=1 600w, https:\/\/i0.wp.com\/eltrabajo.cl\/portal\/wp-content\/uploads\/2012\/05\/Cierre-Vinculos-1.jpg?resize=200%2C150&amp;ssl=1 200w, https:\/\/i0.wp.com\/eltrabajo.cl\/portal\/wp-content\/uploads\/2012\/05\/Cierre-Vinculos-1.jpg?resize=300%2C225&amp;ssl=1 300w, https:\/\/i0.wp.com\/eltrabajo.cl\/portal\/wp-content\/uploads\/2012\/05\/Cierre-Vinculos-1.jpg?resize=150%2C112&amp;ssl=1 150w, https:\/\/i0.wp.com\/eltrabajo.cl\/portal\/wp-content\/uploads\/2012\/05\/Cierre-Vinculos-1.jpg?resize=400%2C300&amp;ssl=1 400w\" sizes=\"auto, (max-width: 600px) 100vw, 600px\" \/><\/a><figcaption id=\"caption-attachment-17636\" class=\"wp-caption-text\">Con una ceremonia-almuerzo se dio por finalizado el trabajo con los 50 adultos mayores.<\/figcaption><\/figure>\n<p>Un club del adulto mayor es la organizaci\u00f3n que acordaron formar, con el apoyo del Centro Ayec\u00e1n dependiente del municipio de San Felipe, los 50 adultos mayores que participaron en 2011 y el primer trimestre de 2012, del Programa V\u00ednculos.<\/p>\n<p>La noticia fue entregada por la coordinadora del Centro Ayec\u00e1n, Andrea Julio, durante la ceremonia-almuerzo donde se dio por finalizado el trabajo con estos 50 adultos mayores que recibieron el apoyo del programa de gobierno.<\/p>\n<p>La actividad estuvo encabezada por el alcalde Jaime Amar, quien estuvo acompa\u00f1ado de la gobernadora Patricia Boffa y el seremi de Desarrollo Social, Tom\u00e1s Ochoa, adem\u00e1s del presidente de la Uni\u00f3n Comunal del Adulto Mayor, V\u00edctor Olave.<\/p>\n<p>El programa atiende a personas que viven solas o en pareja, pero sin vinculaci\u00f3n familiar, pertenecientes a grupos vulnerables de la comuna, a quienes se incorpora a la red, favoreciendo adem\u00e1s su habitabilidad al entregarles elementos que les permitan tener una mejor calidad de vida.<\/p>\n<p>\u201cNosotros como municipio nos sentimos orgullosos de saber que esta es la cuarta versi\u00f3n del programa que ejecutamos, el que sin duda favorece al adulto mayor que se encuentra solo\u201d, dijo Andrea Julio.<\/p>\n<p>La formaci\u00f3n de un club de adulto mayor por parte de estas personas no es una decisi\u00f3n del azar. Esto, porque uno de los principales objetivos del Programa V\u00ednculos es que los adultos mayores queden organizados una vez finalizada la intervenci\u00f3n.<\/p>\n<p>\u201cEste grupo quedar\u00e1 formado como club del adulto mayor y por lo tanto ligado al Centro Ayec\u00e1n. La idea es seguir vincul\u00e1ndonos con ellos, el municipio les realizar\u00e1 asesor\u00edas para que se sigan juntando, ser parte de nuestros talleres y servicios, porque lo que deseamos es que puedan venir a nosotros y no nosotros a ellos como lo hicimos en el \u00faltimo tiempo\u201d, se\u00f1al\u00f3 la profesional.<\/p>\n<p>Para este 2012, ser\u00e1n 45 nuevos adultos mayores se incorporar\u00e1n al Programa V\u00ednculos, el que partir\u00e1 con su trabajo de monitor\u00edas a contar de junio o julio pr\u00f3ximo.<\/p>\n","protected":false},"excerpt":{"rendered":"<p>Un club del adulto mayor es la organizaci\u00f3n que acordaron formar, con el apoyo del Centro Ayec\u00e1n dependiente del municipio de San Felipe, los 50 adultos mayores que participaron en 2011 y&#8230;<\/p>\n","protected":false},"author":482,"featured_media":17636,"comment_status":"open","ping_status":"open","sticky":false,"template":"","format":"standard","meta":{"advanced_seo_description":"","jetpack_seo_html_title":"","jetpack_seo_noindex":false,"_jetpack_memberships_contains_paid_content":false,"footnotes":""},"categories":[1],"tags":[],"class_list":["post-17635","post","type-post","status-publish","format-standard","has-post-thumbnail","hentry","category-cronica"],"jetpack_featured_media_url":"https:\/\/i0.wp.com\/eltrabajo.cl\/portal\/wp-content\/uploads\/2012\/05\/Cierre-Vinculos-1.jpg?fit=600%2C450&ssl=1","jetpack_sharing_enabled":true,"jetpack_likes_enabled":true,"jetpack-related-posts":[],"_links":{"self":[{"href":"https:\/\/eltrabajo.cl\/portal\/wp-json\/wp\/v2\/posts\/17635","targetHints":{"allow":["GET"]}}],"collection":[{"href":"https:\/\/eltrabajo.cl\/portal\/wp-json\/wp\/v2\/posts"}],"about":[{"href":"https:\/\/eltrabajo.cl\/portal\/wp-json\/wp\/v2\/types\/post"}],"author":[{"embeddable":true,"href":"https:\/\/eltrabajo.cl\/portal\/wp-json\/wp\/v2\/users\/482"}],"replies":[{"embeddable":true,"href":"https:\/\/eltrabajo.cl\/portal\/wp-json\/wp\/v2\/comments?post=17635"}],"version-history":[{"count":0,"href":"https:\/\/eltrabajo.cl\/portal\/wp-json\/wp\/v2\/posts\/17635\/revisions"}],"wp:featuredmedia":[{"embeddable":true,"href":"https:\/\/eltrabajo.cl\/portal\/wp-json\/wp\/v2\/media\/17636"}],"wp:attachment":[{"href":"https:\/\/eltrabajo.cl\/portal\/wp-json\/wp\/v2\/media?parent=17635"}],"wp:term":[{"taxonomy":"category","embeddable":true,"href":"https:\/\/eltrabajo.cl\/portal\/wp-json\/wp\/v2\/categories?post=17635"},{"taxonomy":"post_tag","embeddable":true,"href":"https:\/\/eltrabajo.cl\/portal\/wp-json\/wp\/v2\/tags?post=17635"}],"curies":[{"name":"wp","href":"https:\/\/api.w.org\/{rel}","templated":true}]}}