{"id":17651,"date":"2012-05-08T10:54:17","date_gmt":"2012-05-08T14:54:17","guid":{"rendered":"http:\/\/www.eltrabajo.cl\/portal\/?p=17651"},"modified":"2012-05-08T10:54:17","modified_gmt":"2012-05-08T14:54:17","slug":"ampliacion-en-jardin-%e2%80%98nuestro-sueno%e2%80%99-alegra-el-corazon-de-los-troyanos","status":"publish","type":"post","link":"https:\/\/eltrabajo.cl\/portal\/ampliacion-en-jardin-%e2%80%98nuestro-sueno%e2%80%99-alegra-el-corazon-de-los-troyanos\/","title":{"rendered":"Ampliaci\u00f3n en jard\u00edn \u2018Nuestro Sue\u00f1o\u2019 alegra el coraz\u00f3n de los troyanos"},"content":{"rendered":"<figure id=\"attachment_17652\" aria-describedby=\"caption-attachment-17652\" style=\"width: 600px\" class=\"wp-caption alignnone\"><a href=\"http:\/\/www.eltrabajo.cl\/portal\/2012\/05\/ampliacion-en-jardin-%e2%80%98nuestro-sueno%e2%80%99-alegra-el-corazon-de-los-troyanos\/pequenitos1\/\" rel=\"attachment wp-att-17652\"><img data-recalc-dims=\"1\" loading=\"lazy\" decoding=\"async\" class=\"size-full wp-image-17652\" title=\"Peque\u00f1itos1\" src=\"https:\/\/i0.wp.com\/www.eltrabajo.cl\/portal\/wp-content\/uploads\/2012\/05\/Peque%C3%B1itos1.jpg?resize=600%2C402\" alt=\"\" width=\"600\" height=\"402\" srcset=\"https:\/\/i0.wp.com\/eltrabajo.cl\/portal\/wp-content\/uploads\/2012\/05\/Peque%C3%B1itos1.jpg?w=600&amp;ssl=1 600w, https:\/\/i0.wp.com\/eltrabajo.cl\/portal\/wp-content\/uploads\/2012\/05\/Peque%C3%B1itos1.jpg?resize=200%2C134&amp;ssl=1 200w, https:\/\/i0.wp.com\/eltrabajo.cl\/portal\/wp-content\/uploads\/2012\/05\/Peque%C3%B1itos1.jpg?resize=300%2C201&amp;ssl=1 300w, https:\/\/i0.wp.com\/eltrabajo.cl\/portal\/wp-content\/uploads\/2012\/05\/Peque%C3%B1itos1.jpg?resize=150%2C100&amp;ssl=1 150w, https:\/\/i0.wp.com\/eltrabajo.cl\/portal\/wp-content\/uploads\/2012\/05\/Peque%C3%B1itos1.jpg?resize=400%2C268&amp;ssl=1 400w\" sizes=\"auto, (max-width: 600px) 100vw, 600px\" \/><\/a><figcaption id=\"caption-attachment-17652\" class=\"wp-caption-text\">Esta es la nueva sala de atenci\u00f3n para los 22 peque\u00f1itos del jard\u00edn \u2018Nuestro Sue\u00f1o\u2019 en La Troya, el valor de lo invertido es de dos millones aproximadamente, sin contar la mano de obra de los voluntarios involucrados.<\/figcaption><\/figure>\n<p>Roberto Gonz\u00e1lez Short &#8211; <a href=\"mailto:rgonzalez@eltrabajo.cl\">rgonzalez@eltrabajo.cl<\/a><\/p>\n<p>Este s\u00e1bado al jard\u00edn infantil \u2018Nuestro Sue\u00f1o\u2019 lleg\u00f3 algo m\u00e1s que la alegr\u00eda de los 22 peque\u00f1ines que lo conforman, pues luego de mucho esfuerzo de los mismos vecinos de La Troya, la cooperativa de acueductos de la poblaci\u00f3n, la Municipalidad de San Felipe; el grupo cultural \u2018Reencuentro\u2019 y autoridades de Junji, llegaron tambi\u00e9n los recursos que permitieron reinaugurar este centro parvulario por parte de las autoridades involucradas.<\/p>\n<figure id=\"attachment_17653\" aria-describedby=\"caption-attachment-17653\" style=\"width: 300px\" class=\"wp-caption alignright\"><a href=\"http:\/\/www.eltrabajo.cl\/portal\/2012\/05\/ampliacion-en-jardin-%e2%80%98nuestro-sueno%e2%80%99-alegra-el-corazon-de-los-troyanos\/cinta1-3\/\" rel=\"attachment wp-att-17653\"><img data-recalc-dims=\"1\" loading=\"lazy\" decoding=\"async\" class=\"size-medium wp-image-17653\" title=\"Cinta1\" src=\"https:\/\/i0.wp.com\/www.eltrabajo.cl\/portal\/wp-content\/uploads\/2012\/05\/Cinta1-300x201.jpg?resize=300%2C201\" alt=\"\" width=\"300\" height=\"201\" srcset=\"https:\/\/i0.wp.com\/eltrabajo.cl\/portal\/wp-content\/uploads\/2012\/05\/Cinta1.jpg?resize=300%2C201&amp;ssl=1 300w, https:\/\/i0.wp.com\/eltrabajo.cl\/portal\/wp-content\/uploads\/2012\/05\/Cinta1.jpg?resize=200%2C134&amp;ssl=1 200w, https:\/\/i0.wp.com\/eltrabajo.cl\/portal\/wp-content\/uploads\/2012\/05\/Cinta1.jpg?resize=150%2C100&amp;ssl=1 150w, https:\/\/i0.wp.com\/eltrabajo.cl\/portal\/wp-content\/uploads\/2012\/05\/Cinta1.jpg?resize=400%2C268&amp;ssl=1 400w, https:\/\/i0.wp.com\/eltrabajo.cl\/portal\/wp-content\/uploads\/2012\/05\/Cinta1.jpg?w=600&amp;ssl=1 600w\" sizes=\"auto, (max-width: 300px) 100vw, 300px\" \/><\/a><figcaption id=\"caption-attachment-17653\" class=\"wp-caption-text\">El corte de cinta estuvo a cargo de los mismos vecinos y el Alcalde Jaime Amar.<\/figcaption><\/figure>\n<p>Se trata de una sede comunal que con mucha dificultad y limitaciones atend\u00eda a los peque\u00f1os en jornadas de medio tiempo. Durante las \u00faltimas semanas todos los apoderados \u2018se pusieron las pilas\u2019 y construyeron una ampliaci\u00f3n en la sede, as\u00ed como crear una sala comedor y un corredor para los peque\u00f1os.<\/p>\n<p>\u201cNos sentimos orgullosos con nuestra nueva y mejorada sede comunitaria, hace a\u00f1os que so\u00f1\u00e1bamos con estas mejoras, el municipio y los voluntarios, as\u00ed como la junta vecinal hicieron posible que nuestros ni\u00f1os ahora puedan ser atendidos a tiempo completo por las dos t\u00edas que trabajan en el centro parvulario\u201d, coment\u00f3 a Diario El Trabajo el Tesorero de la Junta Vecinal N\u00ba 28 de La Troya, Jos\u00e9 Z\u00fa\u00f1iga.<\/p>\n<p><strong>VOLUNTARIADO PRESENTE<\/strong><\/p>\n<figure id=\"attachment_17654\" aria-describedby=\"caption-attachment-17654\" style=\"width: 300px\" class=\"wp-caption alignleft\"><a href=\"http:\/\/www.eltrabajo.cl\/portal\/2012\/05\/ampliacion-en-jardin-%e2%80%98nuestro-sueno%e2%80%99-alegra-el-corazon-de-los-troyanos\/apoderados1\/\" rel=\"attachment wp-att-17654\"><img data-recalc-dims=\"1\" loading=\"lazy\" decoding=\"async\" class=\"size-medium wp-image-17654\" title=\"Apoderados1\" src=\"https:\/\/i0.wp.com\/www.eltrabajo.cl\/portal\/wp-content\/uploads\/2012\/05\/Apoderados1-300x225.jpg?resize=300%2C225\" alt=\"\" width=\"300\" height=\"225\" srcset=\"https:\/\/i0.wp.com\/eltrabajo.cl\/portal\/wp-content\/uploads\/2012\/05\/Apoderados1.jpg?resize=300%2C225&amp;ssl=1 300w, https:\/\/i0.wp.com\/eltrabajo.cl\/portal\/wp-content\/uploads\/2012\/05\/Apoderados1.jpg?resize=200%2C150&amp;ssl=1 200w, https:\/\/i0.wp.com\/eltrabajo.cl\/portal\/wp-content\/uploads\/2012\/05\/Apoderados1.jpg?resize=150%2C112&amp;ssl=1 150w, https:\/\/i0.wp.com\/eltrabajo.cl\/portal\/wp-content\/uploads\/2012\/05\/Apoderados1.jpg?resize=400%2C300&amp;ssl=1 400w, https:\/\/i0.wp.com\/eltrabajo.cl\/portal\/wp-content\/uploads\/2012\/05\/Apoderados1.jpg?w=600&amp;ssl=1 600w\" sizes=\"auto, (max-width: 300px) 100vw, 300px\" \/><\/a><figcaption id=\"caption-attachment-17654\" class=\"wp-caption-text\">Los padres y apoderados no cab\u00edan de contentos en sus asientos.<\/figcaption><\/figure>\n<p>Pero las paredes no se levantaron solas en esta sede comunal, el grupo cultural \u2018Reencuentro\u2019 fue vital para la reconstrucci\u00f3n de esta planta f\u00edsica.<\/p>\n<p>\u201cTodos quienes participamos durante estos tres meses en levantar esta obra, lo hicimos con mucho cari\u00f1o, pues sabemos que nuestros peque\u00f1os necesitan estar c\u00f3modos y seguros. Yo personalmente tengo a mis nietos en este jard\u00edn infantil y con doble amor har\u00e9 lo que sea por mi poblaci\u00f3n\u201d, inform\u00f3 Ren\u00e9 Araya, socio del grupo Reencuentro.<\/p>\n<p>Por su parte, el Alcalde Jaime Amar destac\u00f3 todo el esfuerzo de quienes hicieron posible esta obra, a la vez que anunci\u00f3 que ya se gestiona, por parte del municipio, una eventual construcci\u00f3n de una multicancha para La Troya.<\/p>\n<p>En este encuentro vecinal, los peque\u00f1ines de entre dos y cuatro a\u00f1os bailaron, cantaron y saludaron a todos los presentes vestidos con personajes infantiles como pajaritos, hadas y mariposas.<\/p>\n","protected":false},"excerpt":{"rendered":"<p>Roberto Gonz\u00e1lez Short &#8211; rgonzalez@eltrabajo.cl Este s\u00e1bado al jard\u00edn infantil \u2018Nuestro Sue\u00f1o\u2019 lleg\u00f3 algo m\u00e1s que la alegr\u00eda de los 22 peque\u00f1ines que lo conforman, pues luego de mucho esfuerzo de los&#8230;<\/p>\n","protected":false},"author":482,"featured_media":17652,"comment_status":"open","ping_status":"open","sticky":false,"template":"","format":"standard","meta":{"advanced_seo_description":"","jetpack_seo_html_title":"","jetpack_seo_noindex":false,"_jetpack_memberships_contains_paid_content":false,"footnotes":""},"categories":[15],"tags":[],"class_list":["post-17651","post","type-post","status-publish","format-standard","has-post-thumbnail","hentry","category-comunidad"],"jetpack_featured_media_url":"https:\/\/i0.wp.com\/eltrabajo.cl\/portal\/wp-content\/uploads\/2012\/05\/Peque%C3%B1itos1.jpg?fit=600%2C402&ssl=1","jetpack_sharing_enabled":true,"jetpack_likes_enabled":true,"jetpack-related-posts":[],"_links":{"self":[{"href":"https:\/\/eltrabajo.cl\/portal\/wp-json\/wp\/v2\/posts\/17651","targetHints":{"allow":["GET"]}}],"collection":[{"href":"https:\/\/eltrabajo.cl\/portal\/wp-json\/wp\/v2\/posts"}],"about":[{"href":"https:\/\/eltrabajo.cl\/portal\/wp-json\/wp\/v2\/types\/post"}],"author":[{"embeddable":true,"href":"https:\/\/eltrabajo.cl\/portal\/wp-json\/wp\/v2\/users\/482"}],"replies":[{"embeddable":true,"href":"https:\/\/eltrabajo.cl\/portal\/wp-json\/wp\/v2\/comments?post=17651"}],"version-history":[{"count":0,"href":"https:\/\/eltrabajo.cl\/portal\/wp-json\/wp\/v2\/posts\/17651\/revisions"}],"wp:featuredmedia":[{"embeddable":true,"href":"https:\/\/eltrabajo.cl\/portal\/wp-json\/wp\/v2\/media\/17652"}],"wp:attachment":[{"href":"https:\/\/eltrabajo.cl\/portal\/wp-json\/wp\/v2\/media?parent=17651"}],"wp:term":[{"taxonomy":"category","embeddable":true,"href":"https:\/\/eltrabajo.cl\/portal\/wp-json\/wp\/v2\/categories?post=17651"},{"taxonomy":"post_tag","embeddable":true,"href":"https:\/\/eltrabajo.cl\/portal\/wp-json\/wp\/v2\/tags?post=17651"}],"curies":[{"name":"wp","href":"https:\/\/api.w.org\/{rel}","templated":true}]}}