{"id":17657,"date":"2012-05-08T11:16:20","date_gmt":"2012-05-08T15:16:20","guid":{"rendered":"http:\/\/www.eltrabajo.cl\/portal\/?p=17657"},"modified":"2012-05-08T11:16:20","modified_gmt":"2012-05-08T15:16:20","slug":"liceo-san-felipe-inicia-carreras-tecnicas-para-alumnos-de-3%c2%ba-y-4%c2%ba-medio","status":"publish","type":"post","link":"https:\/\/eltrabajo.cl\/portal\/liceo-san-felipe-inicia-carreras-tecnicas-para-alumnos-de-3%c2%ba-y-4%c2%ba-medio\/","title":{"rendered":"Liceo San Felipe inicia carreras t\u00e9cnicas para alumnos de 3\u00ba y 4\u00ba medio"},"content":{"rendered":"<figure id=\"attachment_17658\" aria-describedby=\"caption-attachment-17658\" style=\"width: 600px\" class=\"wp-caption alignnone\"><a href=\"http:\/\/www.eltrabajo.cl\/portal\/2012\/05\/liceo-san-felipe-inicia-carreras-tecnicas-para-alumnos-de-3%c2%ba-y-4%c2%ba-medio\/conferencia-1\/\" rel=\"attachment wp-att-17658\"><img data-recalc-dims=\"1\" loading=\"lazy\" decoding=\"async\" class=\"size-full wp-image-17658\" title=\"conferencia (1)\" src=\"https:\/\/i0.wp.com\/www.eltrabajo.cl\/portal\/wp-content\/uploads\/2012\/05\/conferencia-1.jpg?resize=600%2C450\" alt=\"\" width=\"600\" height=\"450\" srcset=\"https:\/\/i0.wp.com\/eltrabajo.cl\/portal\/wp-content\/uploads\/2012\/05\/conferencia-1.jpg?w=600&amp;ssl=1 600w, https:\/\/i0.wp.com\/eltrabajo.cl\/portal\/wp-content\/uploads\/2012\/05\/conferencia-1.jpg?resize=200%2C150&amp;ssl=1 200w, https:\/\/i0.wp.com\/eltrabajo.cl\/portal\/wp-content\/uploads\/2012\/05\/conferencia-1.jpg?resize=300%2C225&amp;ssl=1 300w, https:\/\/i0.wp.com\/eltrabajo.cl\/portal\/wp-content\/uploads\/2012\/05\/conferencia-1.jpg?resize=150%2C112&amp;ssl=1 150w, https:\/\/i0.wp.com\/eltrabajo.cl\/portal\/wp-content\/uploads\/2012\/05\/conferencia-1.jpg?resize=400%2C300&amp;ssl=1 400w\" sizes=\"auto, (max-width: 600px) 100vw, 600px\" \/><\/a><figcaption id=\"caption-attachment-17658\" class=\"wp-caption-text\">En conferencia de prensa en el Liceo, el Alcalde y la Directora del establecimiento explicaron lo que significa el cambio, especialmente para los alumnos<\/figcaption><\/figure>\n<p>Desde este a\u00f1o, el Liceo San Felipe cuenta con dos nuevas especialidades para los ni\u00f1os que cursan tercero y cuarto a\u00f1o medio.<\/p>\n<p>Se trata de las carreras de asistente de p\u00e1rvulo y construcci\u00f3n, las que est\u00e1n disponibles luego que la Direcci\u00f3n del Liceo hiciera la propuesta al Ministerio de Educaci\u00f3n para su habilitaci\u00f3n.<\/p>\n<p>\u201cEste d\u00eda viernes fuimos revisados el cumplimiento de todos los aspectos t\u00e9cnicos y los equipamientos de parte del ministerio, autoriz\u00e1ndose ya definitivamente las dos carreras que era el compromiso que hab\u00edamos adquirido\u201d, dijo el Alcalde Jaime Amar.<\/p>\n<p>El proyecto constituy\u00f3 una inversi\u00f3n de 22 millones de pesos, de recursos municipales, con lo que se inicia un cambio sustancial y profundo en la educaci\u00f3n t\u00e9cnica, dijo el jefe comunal.<\/p>\n<figure id=\"attachment_17659\" aria-describedby=\"caption-attachment-17659\" style=\"width: 300px\" class=\"wp-caption alignright\"><a href=\"http:\/\/www.eltrabajo.cl\/portal\/2012\/05\/liceo-san-felipe-inicia-carreras-tecnicas-para-alumnos-de-3%c2%ba-y-4%c2%ba-medio\/implementos-liceo-san-felipe-2\/\" rel=\"attachment wp-att-17659\"><img data-recalc-dims=\"1\" loading=\"lazy\" decoding=\"async\" class=\"size-medium wp-image-17659\" title=\"implementos liceo san felipe (2)\" src=\"https:\/\/i0.wp.com\/www.eltrabajo.cl\/portal\/wp-content\/uploads\/2012\/05\/implementos-liceo-san-felipe-2-300x225.jpg?resize=300%2C225\" alt=\"\" width=\"300\" height=\"225\" srcset=\"https:\/\/i0.wp.com\/eltrabajo.cl\/portal\/wp-content\/uploads\/2012\/05\/implementos-liceo-san-felipe-2.jpg?resize=300%2C225&amp;ssl=1 300w, https:\/\/i0.wp.com\/eltrabajo.cl\/portal\/wp-content\/uploads\/2012\/05\/implementos-liceo-san-felipe-2.jpg?resize=200%2C150&amp;ssl=1 200w, https:\/\/i0.wp.com\/eltrabajo.cl\/portal\/wp-content\/uploads\/2012\/05\/implementos-liceo-san-felipe-2.jpg?resize=150%2C112&amp;ssl=1 150w, https:\/\/i0.wp.com\/eltrabajo.cl\/portal\/wp-content\/uploads\/2012\/05\/implementos-liceo-san-felipe-2.jpg?resize=400%2C300&amp;ssl=1 400w, https:\/\/i0.wp.com\/eltrabajo.cl\/portal\/wp-content\/uploads\/2012\/05\/implementos-liceo-san-felipe-2.jpg?w=600&amp;ssl=1 600w\" sizes=\"auto, (max-width: 300px) 100vw, 300px\" \/><\/a><figcaption id=\"caption-attachment-17659\" class=\"wp-caption-text\">El proyecto contempl\u00f3 la habilitaci\u00f3n de salas de clases con las herramientas necesarias para ambas especialidades.<\/figcaption><\/figure>\n<p>El proyecto, al ser presentado a las instancias que correspond\u00edan, fue apoyado por la Daem, iniciativa que buscaba mejorar la calidad y equidad de la educaci\u00f3n para los j\u00f3venes.<\/p>\n<p>\u201cEn este establecimiento hac\u00eda falta invertir en capital humano para entregar propuestas acad\u00e9micas distintas y atingentes a las necesidades que tienen los chicos en este minuto\u201d, dijo la directora del establecimiento, Carmen Gloria V\u00e1squez.<\/p>\n<p>Las especialidades fueron creadas a partir de la necesidad que exist\u00eda al interior del Liceo, establecimiento donde se impart\u00edan conocimientos del \u00e1rea cient\u00edfico-humanista, pero viendo la necesidad a nivel nacional, se pens\u00f3 en crear estas dos especialidades para entregar mayores proyecciones a los alumnos.<\/p>\n<p>\u201cDespu\u00e9s de hacer un estudio al interior del establecimiento del mercado laboral que exist\u00eda, porque no pod\u00edamos lanzarnos con una carera en la cual no tuviese nichos laborales pertinentes, optamos por las carreras terminaciones en construcci\u00f3n, que le permite a los chicos, en una de esas hasta independizarse como empresario\u201d, dijo la directora.<\/p>\n<p>Carmen Gloria V\u00e1squez adem\u00e1s coment\u00f3 que ella recibi\u00f3 el colegio con 110 alumnos y en este momento est\u00e1n matriculados m\u00e1s de 300, superando con esto los niveles de matr\u00edculas de a\u00f1os anteriores y los puntajes en Simce. Ahora con la creaci\u00f3n de estas dos carreras, a juicio de la directora se abre una puerta a una nueva visi\u00f3n del Liceo San Felipe.<\/p>\n<p>Con estas nuevas carreras, los alumnos que lleguen a tercero medio deber\u00e1n optar por una de las dos, mientras que aquellos j\u00f3venes que se interesen por el \u00e1rea cient\u00edfico-humanista deben cambiarse de establecimiento, ya que el Liceo San Felipe deja de dictar esos conocimientos.<\/p>\n<p>\u201cTenemos un orientador que va a ir trabajando con ellos en las elecciones de competencias y capacidades respecto de las carreras existentes. En segundo (medio) tienen que optar si se quedan ac\u00e1 o se cambian a otro cient\u00edfico-humanista o a otro t\u00e9cnico profesional que entregue una carrera que consideren m\u00e1s pertinentes a sus competencias\u201d.<\/p>\n<p>Consultada la Directora por la apertura de nuevas carreras, V\u00e1squez dijo que por ahora esperan que estas especialidades se consoliden, y posteriormente se podr\u00edan hacer nuevos estudios de mercado para ver las necesidades de los alumnos y de la zona.<\/p>\n<p>La carrera de atenci\u00f3n de p\u00e1rvulos ser\u00e1 dictada por asistentes sociales, nutricionistas y educadoras de p\u00e1rvulo, mientras que en terminaciones en construcci\u00f3n los docentes son t\u00e9cnicos en construcci\u00f3n, y podr\u00edan sumarse ingenieros y arquitectos.<\/p>\n","protected":false},"excerpt":{"rendered":"<p>Desde este a\u00f1o, el Liceo San Felipe cuenta con dos nuevas especialidades para los ni\u00f1os que cursan tercero y cuarto a\u00f1o medio. Se trata de las carreras de asistente de p\u00e1rvulo y&#8230;<\/p>\n","protected":false},"author":482,"featured_media":17658,"comment_status":"open","ping_status":"open","sticky":false,"template":"","format":"standard","meta":{"advanced_seo_description":"","jetpack_seo_html_title":"","jetpack_seo_noindex":false,"_jetpack_memberships_contains_paid_content":false,"footnotes":""},"categories":[17],"tags":[],"class_list":["post-17657","post","type-post","status-publish","format-standard","has-post-thumbnail","hentry","category-educacion"],"jetpack_featured_media_url":"https:\/\/i0.wp.com\/eltrabajo.cl\/portal\/wp-content\/uploads\/2012\/05\/conferencia-1.jpg?fit=600%2C450&ssl=1","jetpack_sharing_enabled":true,"jetpack_likes_enabled":true,"jetpack-related-posts":[],"_links":{"self":[{"href":"https:\/\/eltrabajo.cl\/portal\/wp-json\/wp\/v2\/posts\/17657","targetHints":{"allow":["GET"]}}],"collection":[{"href":"https:\/\/eltrabajo.cl\/portal\/wp-json\/wp\/v2\/posts"}],"about":[{"href":"https:\/\/eltrabajo.cl\/portal\/wp-json\/wp\/v2\/types\/post"}],"author":[{"embeddable":true,"href":"https:\/\/eltrabajo.cl\/portal\/wp-json\/wp\/v2\/users\/482"}],"replies":[{"embeddable":true,"href":"https:\/\/eltrabajo.cl\/portal\/wp-json\/wp\/v2\/comments?post=17657"}],"version-history":[{"count":0,"href":"https:\/\/eltrabajo.cl\/portal\/wp-json\/wp\/v2\/posts\/17657\/revisions"}],"wp:featuredmedia":[{"embeddable":true,"href":"https:\/\/eltrabajo.cl\/portal\/wp-json\/wp\/v2\/media\/17658"}],"wp:attachment":[{"href":"https:\/\/eltrabajo.cl\/portal\/wp-json\/wp\/v2\/media?parent=17657"}],"wp:term":[{"taxonomy":"category","embeddable":true,"href":"https:\/\/eltrabajo.cl\/portal\/wp-json\/wp\/v2\/categories?post=17657"},{"taxonomy":"post_tag","embeddable":true,"href":"https:\/\/eltrabajo.cl\/portal\/wp-json\/wp\/v2\/tags?post=17657"}],"curies":[{"name":"wp","href":"https:\/\/api.w.org\/{rel}","templated":true}]}}