{"id":17663,"date":"2012-05-08T11:19:51","date_gmt":"2012-05-08T15:19:51","guid":{"rendered":"http:\/\/www.eltrabajo.cl\/portal\/?p=17663"},"modified":"2012-05-08T11:19:51","modified_gmt":"2012-05-08T15:19:51","slug":"escuela-de-investigaciones-abrio-postulaciones-para-integrarse-a-la-institucion","status":"publish","type":"post","link":"https:\/\/eltrabajo.cl\/portal\/escuela-de-investigaciones-abrio-postulaciones-para-integrarse-a-la-institucion\/","title":{"rendered":"Escuela de Investigaciones abri\u00f3 postulaciones para integrarse a la instituci\u00f3n"},"content":{"rendered":"<figure id=\"attachment_17664\" aria-describedby=\"caption-attachment-17664\" style=\"width: 300px\" class=\"wp-caption alignleft\"><a href=\"http:\/\/www.eltrabajo.cl\/portal\/2012\/05\/escuela-de-investigaciones-abrio-postulaciones-para-integrarse-a-la-institucion\/ivan-lopez-2\/\" rel=\"attachment wp-att-17664\"><img data-recalc-dims=\"1\" loading=\"lazy\" decoding=\"async\" class=\"size-medium wp-image-17664\" title=\"Iv\u00e1n L\u00f3pez\" src=\"https:\/\/i0.wp.com\/www.eltrabajo.cl\/portal\/wp-content\/uploads\/2012\/05\/Iv%C3%A1n-L%C3%B3pez-300x225.jpg?resize=300%2C225\" alt=\"\" width=\"300\" height=\"225\" srcset=\"https:\/\/i0.wp.com\/eltrabajo.cl\/portal\/wp-content\/uploads\/2012\/05\/Iv%C3%A1n-L%C3%B3pez.jpg?resize=300%2C225&amp;ssl=1 300w, https:\/\/i0.wp.com\/eltrabajo.cl\/portal\/wp-content\/uploads\/2012\/05\/Iv%C3%A1n-L%C3%B3pez.jpg?resize=200%2C150&amp;ssl=1 200w, https:\/\/i0.wp.com\/eltrabajo.cl\/portal\/wp-content\/uploads\/2012\/05\/Iv%C3%A1n-L%C3%B3pez.jpg?resize=150%2C112&amp;ssl=1 150w, https:\/\/i0.wp.com\/eltrabajo.cl\/portal\/wp-content\/uploads\/2012\/05\/Iv%C3%A1n-L%C3%B3pez.jpg?resize=400%2C300&amp;ssl=1 400w, https:\/\/i0.wp.com\/eltrabajo.cl\/portal\/wp-content\/uploads\/2012\/05\/Iv%C3%A1n-L%C3%B3pez.jpg?w=600&amp;ssl=1 600w\" sizes=\"auto, (max-width: 300px) 100vw, 300px\" \/><\/a><figcaption id=\"caption-attachment-17664\" class=\"wp-caption-text\">El Subprefecto Iv\u00e1n L\u00f3pez inform\u00f3 que las postulaciones a la Escuela de Investigaciones ya se encuentran abiertas e hizo un llamado a los j\u00f3venes de Aconcagua a postular y tener una carrera profesional con proyecci\u00f3n.<\/figcaption><\/figure>\n<p>El mi\u00e9rcoles 2 de mayo la Polic\u00eda de Investigaciones abri\u00f3 las inscripciones para que aquellos j\u00f3venes que se encuentren interesados, postulen a la Escuela para convertirse en aspirantes a oficiales de l\u00ednea.<\/p>\n<p>Los j\u00f3venes interesados pueden ingresar a la p\u00e1gina de la Escuela de Investigaciones (www.escipol.cl) y en ese sitio encontrar\u00e1n toda la informaci\u00f3n referente a las postulaciones. Sin embargo el primer tr\u00e1mite deben hacerlo en las unidades que se encuentran en las ciudades, cumpliendo los requisitos de edad, es decir tener entre 17 y 27 a\u00f1os, situaci\u00f3n militar al d\u00eda, PSU rendida e inter\u00e9s por la carrera.<\/p>\n<p>Desde el mi\u00e9rcoles pasado hasta la fecha ya se hab\u00edan registrado varias inscripciones, lo que da cuenta del inter\u00e9s de los j\u00f3venes por ser parte de la instituci\u00f3n.<\/p>\n<p>\u201cNosotros hacemos un llamado a todos los interesados de San Felipe, de la provincia de San Felipe, que est\u00e1n abiertas hasta fin de mes las postulaciones, para que tengan una carrera que dura 5 a\u00f1os de estudios. La verdad es que es bastante bueno y esperamos que se acerquen los interesados, si quieren consultar hay una oficina disponible que atiende todo el d\u00eda las inscripciones, deben tener una clave que cuesta 25 mil pesos y una vez que se tenga esa clave le mandan toda la informaci\u00f3n a su correo electr\u00f3nico\u201d, se\u00f1al\u00f3 el Subprefecto Iv\u00e1n L\u00f3pez.<\/p>\n<p>Seg\u00fan se\u00f1al\u00f3 el oficial, todas las personas que se inscriban durante este per\u00edodo tienen que presentarse el d\u00eda s\u00e1bado 9 de junio en la Escuela de Investigaciones, lugar donde deber\u00e1n rendir dos ex\u00e1menes, un test de personalidad y otros ex\u00e1menes que son de Historia y Geograf\u00eda de Chile y Universal y de actualidad y cultura. Los resultados en tanto estar\u00e1n disponibles una semana despu\u00e9s, lo que constituye uno de los filtros para dejar a los j\u00f3venes mejor preparados.<\/p>\n<p>Posteriormente los j\u00f3venes que queden seleccionados deben rendir los ex\u00e1menes f\u00edsicos y la entrevista personal, a lo que se suma la PSU que los postulantes que no la hayan rendido deben darla en el mes de diciembre. En tanto los resultados finales se conocer\u00e1n los primeros d\u00edas de enero, donde se dan a conocer los seleccionados, que son alrededor de 300, quienes se convierten en aspirantes a oficiales policiales.<\/p>\n<p>Seg\u00fan se\u00f1ala el Subprefecto L\u00f3pez, el inter\u00e9s de los j\u00f3venes ha ido aumentando a\u00f1o tras a\u00f1o, especialmente entre las mujeres, siendo la instituci\u00f3n que m\u00e1s damas tiene entre sus filas.<\/p>\n<figure id=\"attachment_17665\" aria-describedby=\"caption-attachment-17665\" style=\"width: 300px\" class=\"wp-caption alignright\"><a href=\"http:\/\/www.eltrabajo.cl\/portal\/2012\/05\/escuela-de-investigaciones-abrio-postulaciones-para-integrarse-a-la-institucion\/perfil\/\" rel=\"attachment wp-att-17665\"><img data-recalc-dims=\"1\" loading=\"lazy\" decoding=\"async\" class=\"size-medium wp-image-17665\" title=\"perfil\" src=\"https:\/\/i0.wp.com\/www.eltrabajo.cl\/portal\/wp-content\/uploads\/2012\/05\/perfil-300x77.jpg?resize=300%2C77\" alt=\"\" width=\"300\" height=\"77\" srcset=\"https:\/\/i0.wp.com\/eltrabajo.cl\/portal\/wp-content\/uploads\/2012\/05\/perfil.jpg?resize=300%2C77&amp;ssl=1 300w, https:\/\/i0.wp.com\/eltrabajo.cl\/portal\/wp-content\/uploads\/2012\/05\/perfil.jpg?resize=200%2C51&amp;ssl=1 200w, https:\/\/i0.wp.com\/eltrabajo.cl\/portal\/wp-content\/uploads\/2012\/05\/perfil.jpg?resize=150%2C38&amp;ssl=1 150w, https:\/\/i0.wp.com\/eltrabajo.cl\/portal\/wp-content\/uploads\/2012\/05\/perfil.jpg?resize=400%2C102&amp;ssl=1 400w, https:\/\/i0.wp.com\/eltrabajo.cl\/portal\/wp-content\/uploads\/2012\/05\/perfil.jpg?w=600&amp;ssl=1 600w\" sizes=\"auto, (max-width: 300px) 100vw, 300px\" \/><\/a><figcaption id=\"caption-attachment-17665\" class=\"wp-caption-text\">Una carrera de cinco a\u00f1os, con trabajo inmediato una vez egresado.<\/figcaption><\/figure>\n<p>\u201cHasta el momento la mayor\u00eda de las personas que se han inscrito son mujeres, nos llama mucho la atenci\u00f3n, somos una de las instituciones que m\u00e1s contingente femenino tiene actualmente, por lo que no hay ning\u00fan tipo de discriminaci\u00f3n, al contrario, hacemos un llamado que se inscriban, es una buena carrera, es una buena posibilidad de ser profesional y estamos esperando que se sigan inscribiendo\u201d.<\/p>\n<p>Los detectives que est\u00e1n saliendo anualmente son alrededor de 300, los que son destinados a distintas unidades a lo largo del pa\u00eds, dependiendo de las necesidades de nuevos funcionarios en las reparticiones. Ellos tienen un per\u00edodo de un a\u00f1o, en que trabajan bajo la tutela de un funcionario mucho m\u00e1s antiguo que ellos.<\/p>\n<p>\u201cLas ventajas que uno tiene al ingresar a las instituciones, una vez que ellos egresan de inmediato comienzan a trabajar, por lo tanto no tienen que andar buscando trabajo ni andar haciendo pr\u00e1ctica, porque la pr\u00e1ctica se hace durante el per\u00edodo de vacaciones en primero, segundo y tercer a\u00f1o, salen con trabajo remunerado y el primer sueldo lo reciben en enero de forma inmediata\u201d, subray\u00f3 el oficial.<\/p>\n","protected":false},"excerpt":{"rendered":"<p>El mi\u00e9rcoles 2 de mayo la Polic\u00eda de Investigaciones abri\u00f3 las inscripciones para que aquellos j\u00f3venes que se encuentren interesados, postulen a la Escuela para convertirse en aspirantes a oficiales de l\u00ednea&#8230;.<\/p>\n","protected":false},"author":482,"featured_media":17664,"comment_status":"open","ping_status":"open","sticky":false,"template":"","format":"standard","meta":{"advanced_seo_description":"","jetpack_seo_html_title":"","jetpack_seo_noindex":false,"_jetpack_memberships_contains_paid_content":false,"footnotes":""},"categories":[1],"tags":[],"class_list":["post-17663","post","type-post","status-publish","format-standard","has-post-thumbnail","hentry","category-cronica"],"jetpack_featured_media_url":"https:\/\/i0.wp.com\/eltrabajo.cl\/portal\/wp-content\/uploads\/2012\/05\/Iv%C3%A1n-L%C3%B3pez.jpg?fit=600%2C451&ssl=1","jetpack_sharing_enabled":true,"jetpack_likes_enabled":true,"jetpack-related-posts":[],"_links":{"self":[{"href":"https:\/\/eltrabajo.cl\/portal\/wp-json\/wp\/v2\/posts\/17663","targetHints":{"allow":["GET"]}}],"collection":[{"href":"https:\/\/eltrabajo.cl\/portal\/wp-json\/wp\/v2\/posts"}],"about":[{"href":"https:\/\/eltrabajo.cl\/portal\/wp-json\/wp\/v2\/types\/post"}],"author":[{"embeddable":true,"href":"https:\/\/eltrabajo.cl\/portal\/wp-json\/wp\/v2\/users\/482"}],"replies":[{"embeddable":true,"href":"https:\/\/eltrabajo.cl\/portal\/wp-json\/wp\/v2\/comments?post=17663"}],"version-history":[{"count":0,"href":"https:\/\/eltrabajo.cl\/portal\/wp-json\/wp\/v2\/posts\/17663\/revisions"}],"wp:featuredmedia":[{"embeddable":true,"href":"https:\/\/eltrabajo.cl\/portal\/wp-json\/wp\/v2\/media\/17664"}],"wp:attachment":[{"href":"https:\/\/eltrabajo.cl\/portal\/wp-json\/wp\/v2\/media?parent=17663"}],"wp:term":[{"taxonomy":"category","embeddable":true,"href":"https:\/\/eltrabajo.cl\/portal\/wp-json\/wp\/v2\/categories?post=17663"},{"taxonomy":"post_tag","embeddable":true,"href":"https:\/\/eltrabajo.cl\/portal\/wp-json\/wp\/v2\/tags?post=17663"}],"curies":[{"name":"wp","href":"https:\/\/api.w.org\/{rel}","templated":true}]}}