{"id":17669,"date":"2012-05-08T11:24:20","date_gmt":"2012-05-08T15:24:20","guid":{"rendered":"http:\/\/www.eltrabajo.cl\/portal\/?p=17669"},"modified":"2012-05-08T11:24:20","modified_gmt":"2012-05-08T15:24:20","slug":"victima-de-aparente-ataque-al-corazon-fallece-querido-paciente-del-psiquiatrico","status":"publish","type":"post","link":"https:\/\/eltrabajo.cl\/portal\/victima-de-aparente-ataque-al-corazon-fallece-querido-paciente-del-psiquiatrico\/","title":{"rendered":"V\u00edctima de aparente ataque al coraz\u00f3n fallece querido paciente del Psiqui\u00e1trico"},"content":{"rendered":"<figure id=\"attachment_17670\" aria-describedby=\"caption-attachment-17670\" style=\"width: 300px\" class=\"wp-caption alignleft\"><a href=\"http:\/\/www.eltrabajo.cl\/portal\/2012\/05\/victima-de-aparente-ataque-al-corazon-fallece-querido-paciente-del-psiquiatrico\/paciente-fallecido-eugenio-leiva-montenegro-2\/\" rel=\"attachment wp-att-17670\"><img data-recalc-dims=\"1\" loading=\"lazy\" decoding=\"async\" class=\"size-medium wp-image-17670\" title=\"paciente fallecido eugenio leiva montenegro (2)\" src=\"https:\/\/i0.wp.com\/www.eltrabajo.cl\/portal\/wp-content\/uploads\/2012\/05\/paciente-fallecido-eugenio-leiva-montenegro-2-300x214.jpg?resize=300%2C214\" alt=\"\" width=\"300\" height=\"214\" srcset=\"https:\/\/i0.wp.com\/eltrabajo.cl\/portal\/wp-content\/uploads\/2012\/05\/paciente-fallecido-eugenio-leiva-montenegro-2.jpg?resize=300%2C214&amp;ssl=1 300w, https:\/\/i0.wp.com\/eltrabajo.cl\/portal\/wp-content\/uploads\/2012\/05\/paciente-fallecido-eugenio-leiva-montenegro-2.jpg?resize=200%2C143&amp;ssl=1 200w, https:\/\/i0.wp.com\/eltrabajo.cl\/portal\/wp-content\/uploads\/2012\/05\/paciente-fallecido-eugenio-leiva-montenegro-2.jpg?resize=150%2C107&amp;ssl=1 150w, https:\/\/i0.wp.com\/eltrabajo.cl\/portal\/wp-content\/uploads\/2012\/05\/paciente-fallecido-eugenio-leiva-montenegro-2.jpg?resize=400%2C286&amp;ssl=1 400w, https:\/\/i0.wp.com\/eltrabajo.cl\/portal\/wp-content\/uploads\/2012\/05\/paciente-fallecido-eugenio-leiva-montenegro-2.jpg?w=600&amp;ssl=1 600w\" sizes=\"auto, (max-width: 300px) 100vw, 300px\" \/><\/a><figcaption id=\"caption-attachment-17670\" class=\"wp-caption-text\">Eugenio Leiva Montenegro era conocido cari\u00f1osamente como \u2018Fashi\u00f3n\u2019.<\/figcaption><\/figure>\n<p><strong>PUTAENDO<\/strong>.- Aparentemente un ataque al coraz\u00f3n habr\u00eda causado la muerte del conocido vecino que lavaba veh\u00edculos en el centro de Putaendo, Eugenio Leiva Montenegro, conocido cari\u00f1osamente como \u2018Carita de Pollo\u2019 o \u2018Fashi\u00f3n\u2019.<\/p>\n<p>Leiva tuvo una infancia dura al lado de su madre y su hermano, este \u00faltimo residente de los hogares protegidos que funcionan al interior del Hospital y su madre que le sobrevive.<\/p>\n<p>Su enfermedad lo mantuvo marginado de la sociedad por casi toda su vida, pero los equipos profesionales del Philippe Pinel lograron que se integrara a la comunidad y que fuera un trabajador esforzado, honesto, responsable y muy buena persona, demostrando que es posible la inserci\u00f3n biopsicosocial de las personas con patolog\u00edas mentales.<\/p>\n<p>A todo el mundo le tom\u00f3 por sorpresa lo inesperado de su fallecimiento, ocurrido pasado el medio d\u00eda del viernes 4 de mayo, ya que por su empuje y deseo de superaci\u00f3n, sumado a la conducci\u00f3n y cari\u00f1o entregado en el Hogar Protegido de Sahond\u00e9, era considerado un hombre de bien. Estamos seguros que la ciudadan\u00eda de Putaendo, se siente complacida de haberlo conocido y estamos seguros que el Padre Dios le tendr\u00e1 un lugar especial en el Cielo, pues su vida de sufrimiento le ha dado un lugar de honor, reservado para esas personas esforzadas que le ganan a la vida y a la adversidad.<\/p>\n<p>Nuestro m\u00e1s sentido p\u00e9same a su madre y su hermano; a Luis Palavecino y Eugenio Cabezas, grandes profesionales que en forma silenciosa realizan una gran labor que pocas veces es comentada o reconocida junto a un gran equipo humano del hospital psiqui\u00e1trico y del hogar de protegido que se convirti\u00f3 como en tantos casos en su Familia, donde vivi\u00f3 sus \u00faltimos d\u00edas, lleno de cari\u00f1o y amor de las personas que lo rodeaban y que supieron comprender el \u201clado humano de las personas discriminadas y estigmatizadas por ser diferentes\u201d.<\/p>\n<p><strong>Patricio Gallardo M.<\/strong><\/p>\n","protected":false},"excerpt":{"rendered":"<p>PUTAENDO.- Aparentemente un ataque al coraz\u00f3n habr\u00eda causado la muerte del conocido vecino que lavaba veh\u00edculos en el centro de Putaendo, Eugenio Leiva Montenegro, conocido cari\u00f1osamente como \u2018Carita de Pollo\u2019 o \u2018Fashi\u00f3n\u2019&#8230;.<\/p>\n","protected":false},"author":482,"featured_media":17670,"comment_status":"open","ping_status":"open","sticky":false,"template":"","format":"standard","meta":{"advanced_seo_description":"","jetpack_seo_html_title":"","jetpack_seo_noindex":false,"_jetpack_memberships_contains_paid_content":false,"footnotes":""},"categories":[15],"tags":[],"class_list":["post-17669","post","type-post","status-publish","format-standard","has-post-thumbnail","hentry","category-comunidad"],"jetpack_featured_media_url":"https:\/\/i0.wp.com\/eltrabajo.cl\/portal\/wp-content\/uploads\/2012\/05\/paciente-fallecido-eugenio-leiva-montenegro-2.jpg?fit=600%2C429&ssl=1","jetpack_sharing_enabled":true,"jetpack_likes_enabled":true,"jetpack-related-posts":[],"_links":{"self":[{"href":"https:\/\/eltrabajo.cl\/portal\/wp-json\/wp\/v2\/posts\/17669","targetHints":{"allow":["GET"]}}],"collection":[{"href":"https:\/\/eltrabajo.cl\/portal\/wp-json\/wp\/v2\/posts"}],"about":[{"href":"https:\/\/eltrabajo.cl\/portal\/wp-json\/wp\/v2\/types\/post"}],"author":[{"embeddable":true,"href":"https:\/\/eltrabajo.cl\/portal\/wp-json\/wp\/v2\/users\/482"}],"replies":[{"embeddable":true,"href":"https:\/\/eltrabajo.cl\/portal\/wp-json\/wp\/v2\/comments?post=17669"}],"version-history":[{"count":0,"href":"https:\/\/eltrabajo.cl\/portal\/wp-json\/wp\/v2\/posts\/17669\/revisions"}],"wp:featuredmedia":[{"embeddable":true,"href":"https:\/\/eltrabajo.cl\/portal\/wp-json\/wp\/v2\/media\/17670"}],"wp:attachment":[{"href":"https:\/\/eltrabajo.cl\/portal\/wp-json\/wp\/v2\/media?parent=17669"}],"wp:term":[{"taxonomy":"category","embeddable":true,"href":"https:\/\/eltrabajo.cl\/portal\/wp-json\/wp\/v2\/categories?post=17669"},{"taxonomy":"post_tag","embeddable":true,"href":"https:\/\/eltrabajo.cl\/portal\/wp-json\/wp\/v2\/tags?post=17669"}],"curies":[{"name":"wp","href":"https:\/\/api.w.org\/{rel}","templated":true}]}}