{"id":17681,"date":"2012-05-08T11:29:58","date_gmt":"2012-05-08T15:29:58","guid":{"rendered":"http:\/\/www.eltrabajo.cl\/portal\/?p=17681"},"modified":"2012-05-08T11:29:58","modified_gmt":"2012-05-08T15:29:58","slug":"vecina-denuncia-doble-cobro-en-sistema-de-parquimetros-en-san-felipe","status":"publish","type":"post","link":"https:\/\/eltrabajo.cl\/portal\/vecina-denuncia-doble-cobro-en-sistema-de-parquimetros-en-san-felipe\/","title":{"rendered":"Vecina denuncia doble cobro en sistema de parqu\u00edmetros en San Felipe"},"content":{"rendered":"<figure id=\"attachment_17682\" aria-describedby=\"caption-attachment-17682\" style=\"width: 300px\" class=\"wp-caption alignleft\"><a href=\"http:\/\/www.eltrabajo.cl\/portal\/2012\/05\/vecina-denuncia-doble-cobro-en-sistema-de-parquimetros-en-san-felipe\/lidia-toro\/\" rel=\"attachment wp-att-17682\"><img data-recalc-dims=\"1\" loading=\"lazy\" decoding=\"async\" class=\"size-medium wp-image-17682\" title=\"lidia toro\" src=\"https:\/\/i0.wp.com\/www.eltrabajo.cl\/portal\/wp-content\/uploads\/2012\/05\/lidia-toro-300x225.jpg?resize=300%2C225\" alt=\"\" width=\"300\" height=\"225\" srcset=\"https:\/\/i0.wp.com\/eltrabajo.cl\/portal\/wp-content\/uploads\/2012\/05\/lidia-toro.jpg?resize=300%2C225&amp;ssl=1 300w, https:\/\/i0.wp.com\/eltrabajo.cl\/portal\/wp-content\/uploads\/2012\/05\/lidia-toro.jpg?resize=200%2C150&amp;ssl=1 200w, https:\/\/i0.wp.com\/eltrabajo.cl\/portal\/wp-content\/uploads\/2012\/05\/lidia-toro.jpg?resize=150%2C112&amp;ssl=1 150w, https:\/\/i0.wp.com\/eltrabajo.cl\/portal\/wp-content\/uploads\/2012\/05\/lidia-toro.jpg?resize=400%2C300&amp;ssl=1 400w, https:\/\/i0.wp.com\/eltrabajo.cl\/portal\/wp-content\/uploads\/2012\/05\/lidia-toro.jpg?w=600&amp;ssl=1 600w\" sizes=\"auto, (max-width: 300px) 100vw, 300px\" \/><\/a><figcaption id=\"caption-attachment-17682\" class=\"wp-caption-text\">Indignada se encontraba Lidia Toro, luego que la empresa de parqu\u00edmetros le haya cobrado en dos oportunidades, dentro de la media hora y en dos sectores distintos.<\/figcaption><\/figure>\n<p>No m\u00e1s de cinco minutos se demor\u00f3 Lidia Toro Urbina en permanecer estacionada en calle Coimas, luego de ir a comprar un helado para su nieta.<\/p>\n<p>Luego de abandonar ese sector vuelve a estacionarse, esta vez en calle Prat, para dirigirse a Fonasa donde deb\u00eda comprar un bono para la atenci\u00f3n m\u00e9dica de su nieta que hab\u00eda sufrido un accidente en el colegio y necesitaba tomarse radiograf\u00edas.<\/p>\n<p>Lidia dice no haberse demorado m\u00e1s de cinco minutos en este nuevo tr\u00e1mite, cuando al volver a su veh\u00edculo nuevamente le estaban cobrando por el estacionamiento.<\/p>\n<p>Grande fue su sorpresa ante esta situaci\u00f3n, por lo que le explic\u00f3 al funcionario del parqu\u00edmetro que ella ten\u00eda ya una boleta por haber ocupado un calzo anteriormente, pero el cobrador no la escuch\u00f3 y le exigi\u00f3 pagar la nueva boleta.<\/p>\n<p>La situaci\u00f3n produjo indignaci\u00f3n en Lidia, quien se neg\u00f3 a pagar, argumentando que el sistema de parqu\u00edmetros no ten\u00eda este sistema de cobro, ya que anteriormente una misma boleta serv\u00eda para distintos lugares, siempre y cuando estuviera dentro de la media hora.<\/p>\n<p>\u201cMe venden el bono, subo arriba de mi veh\u00edculo y resulta que hay una dama y un hombre de camisa celeste y me vuelve a cobrar de nuevo, le digo: \u2018se\u00f1or, si t\u00fa te fijas ac\u00e1 est\u00e1 cobrado por media hora y yo llevo cinco minutos\u2019. &#8211; No -me dijo-, es que tienes que pagarlo de nuevo-. \u2018No te lo voy a pagar de nuevo, porque esto es una sinverg\u00fcenzura\u2019\u201d.<\/p>\n<p>Seg\u00fan Lidia, el cobrador le dijo que si una persona se estacionaba en los cuatro costados de la plaza, tiene que volver a pagar, lo que constituir\u00eda un cambio en el sistema de cobros de los parqu\u00edmetros con esta nueva empresa.<\/p>\n<p>Ante esta situaci\u00f3n, Lidia acudi\u00f3 a Carabineros, quien le tom\u00f3 la denuncia, la que se suma a la acci\u00f3n que har\u00e1 en el Sernac, denuncia que la afectada estampar\u00e1 este martes.<\/p>\n<p>\u201cHablo con el se\u00f1or carabinero y le explico y me dijo: \u2018Se\u00f1ora, usted tiene a su favor 25 minutos\u2019. Se acerca el hombre y le dijo: \u2018No, aqu\u00ed cambiaron las reglas\u2019. Est\u00e1 bien que ac\u00e1 est\u00e9n trabajando, est\u00e1 bien que ellos est\u00e9n cobrando un servicio, pero aqu\u00ed est\u00e1n \u2018sinverg\u00fcenceando\u2019\u201d, enfatiz\u00f3 Lidia.<\/p>\n<p>Agreg\u00f3 que esta era la primera vez que le suced\u00eda una situaci\u00f3n de este tipo, desde que cambi\u00f3 la empresa que cobra los parqu\u00edmetros, sin embargo con el correr de las horas de este lunes, Lidia conoci\u00f3 el caso de varias personas a las que les hab\u00eda sucedido una situaci\u00f3n similar, ante lo que alega desinformaci\u00f3n de parte de la empresa concesionaria.<\/p>\n<p>\u201cNo hay nadie que d\u00e9 la cara ante este problema tan grande. Demasiada falta de informaci\u00f3n y demasiada inconciencia con la gente de San Felipe, aqu\u00ed hay autoridades que tienen que sacar la cara por las personas que les dan el voto, porque aqu\u00ed lo que se decide nunca se consulta, porque cuando ellos necesitan el voto andan para qu\u00e9 te digo, y en el momento que est\u00e1n sentados en el trono, vamos pisoteando a la gente\u201d.<\/p>\n<p>A todo esto se suma el mal trato que recibi\u00f3 de parte del funcionario, que seg\u00fan Lidia deb\u00eda ser alg\u00fan supervisor de los trabajadores que se ubican en las calles de la comuna.<\/p>\n<p>\u201cMa\u00f1ana voy a Sernac, porque cuantas personas est\u00e1n pasando por lo mismo, no es tanto 300 pesos, yo se lo doy a una persona que lo necesita, lo que da rabia es que agarren a la gente como a ellos se les da el gusto y gana. Pero creo que hay maneras y maneras de cobrar, pero esto no se hace, esto se llama estafa, sinverg\u00fcenzura con toda la gente que ocupa la plaza para estacionarse\u201d, finaliz\u00f3 Lidia.<\/p>\n<p>Diario El Trabajo ha tratado de contactarse en varias ocasiones con los encargados de la empresa de parqu\u00edmetros, desde que cambi\u00f3 la concesionaria, y la secretaria ha informado que los jefes se encuentran en Santiago y que en los pr\u00f3ximos d\u00edas se contactar\u00e1n con la prensa. Hasta la fecha la prensa no ha podido entrevistar a los encargados, lo que tiene por finalidad dar a conocer a la comunidad sanfelipe\u00f1a los cambios a los que se est\u00e1n viendo afectados. Es decir, en San Felipe la empresa hace lo que le da la gana, no da explicaciones ni entrega reglas claras a la comunidad.<\/p>\n","protected":false},"excerpt":{"rendered":"<p>No m\u00e1s de cinco minutos se demor\u00f3 Lidia Toro Urbina en permanecer estacionada en calle Coimas, luego de ir a comprar un helado para su nieta. Luego de abandonar ese sector vuelve&#8230;<\/p>\n","protected":false},"author":482,"featured_media":17682,"comment_status":"open","ping_status":"open","sticky":false,"template":"","format":"standard","meta":{"advanced_seo_description":"","jetpack_seo_html_title":"","jetpack_seo_noindex":false,"_jetpack_memberships_contains_paid_content":false,"footnotes":""},"categories":[15],"tags":[],"class_list":["post-17681","post","type-post","status-publish","format-standard","has-post-thumbnail","hentry","category-comunidad"],"jetpack_featured_media_url":"https:\/\/i0.wp.com\/eltrabajo.cl\/portal\/wp-content\/uploads\/2012\/05\/lidia-toro.jpg?fit=600%2C451&ssl=1","jetpack_sharing_enabled":true,"jetpack_likes_enabled":true,"jetpack-related-posts":[],"_links":{"self":[{"href":"https:\/\/eltrabajo.cl\/portal\/wp-json\/wp\/v2\/posts\/17681","targetHints":{"allow":["GET"]}}],"collection":[{"href":"https:\/\/eltrabajo.cl\/portal\/wp-json\/wp\/v2\/posts"}],"about":[{"href":"https:\/\/eltrabajo.cl\/portal\/wp-json\/wp\/v2\/types\/post"}],"author":[{"embeddable":true,"href":"https:\/\/eltrabajo.cl\/portal\/wp-json\/wp\/v2\/users\/482"}],"replies":[{"embeddable":true,"href":"https:\/\/eltrabajo.cl\/portal\/wp-json\/wp\/v2\/comments?post=17681"}],"version-history":[{"count":0,"href":"https:\/\/eltrabajo.cl\/portal\/wp-json\/wp\/v2\/posts\/17681\/revisions"}],"wp:featuredmedia":[{"embeddable":true,"href":"https:\/\/eltrabajo.cl\/portal\/wp-json\/wp\/v2\/media\/17682"}],"wp:attachment":[{"href":"https:\/\/eltrabajo.cl\/portal\/wp-json\/wp\/v2\/media?parent=17681"}],"wp:term":[{"taxonomy":"category","embeddable":true,"href":"https:\/\/eltrabajo.cl\/portal\/wp-json\/wp\/v2\/categories?post=17681"},{"taxonomy":"post_tag","embeddable":true,"href":"https:\/\/eltrabajo.cl\/portal\/wp-json\/wp\/v2\/tags?post=17681"}],"curies":[{"name":"wp","href":"https:\/\/api.w.org\/{rel}","templated":true}]}}