{"id":17694,"date":"2012-05-09T09:31:05","date_gmt":"2012-05-09T13:31:05","guid":{"rendered":"http:\/\/www.eltrabajo.cl\/portal\/?p=17694"},"modified":"2012-05-09T09:46:29","modified_gmt":"2012-05-09T13:46:29","slug":"%e2%80%98antologia-trio%e2%80%99-se-presenta-este-viernes-en-exclusiva-en-el-municipal","status":"publish","type":"post","link":"https:\/\/eltrabajo.cl\/portal\/%e2%80%98antologia-trio%e2%80%99-se-presenta-este-viernes-en-exclusiva-en-el-municipal\/","title":{"rendered":"\u2018Antolog\u00eda Tr\u00edo\u2019 se presenta este viernes en exclusiva en el Municipal"},"content":{"rendered":"<figure id=\"attachment_17695\" aria-describedby=\"caption-attachment-17695\" style=\"width: 600px\" class=\"wp-caption alignnone\"><a href=\"http:\/\/www.eltrabajo.cl\/portal\/2012\/05\/%e2%80%98antologia-trio%e2%80%99-se-presenta-este-viernes-en-exclusiva-en-el-municipal\/trio-antologia\/\" rel=\"attachment wp-att-17695\"><img data-recalc-dims=\"1\" loading=\"lazy\" decoding=\"async\" class=\"size-full wp-image-17695\" title=\"TRIO ANTOLOGIA\" src=\"https:\/\/i0.wp.com\/www.eltrabajo.cl\/portal\/wp-content\/uploads\/2012\/05\/TRIO-ANTOLOGIA.jpg?resize=600%2C448\" alt=\"\" width=\"600\" height=\"448\" srcset=\"https:\/\/i0.wp.com\/eltrabajo.cl\/portal\/wp-content\/uploads\/2012\/05\/TRIO-ANTOLOGIA.jpg?w=600&amp;ssl=1 600w, https:\/\/i0.wp.com\/eltrabajo.cl\/portal\/wp-content\/uploads\/2012\/05\/TRIO-ANTOLOGIA.jpg?resize=200%2C150&amp;ssl=1 200w, https:\/\/i0.wp.com\/eltrabajo.cl\/portal\/wp-content\/uploads\/2012\/05\/TRIO-ANTOLOGIA.jpg?resize=300%2C224&amp;ssl=1 300w, https:\/\/i0.wp.com\/eltrabajo.cl\/portal\/wp-content\/uploads\/2012\/05\/TRIO-ANTOLOGIA.jpg?resize=150%2C112&amp;ssl=1 150w, https:\/\/i0.wp.com\/eltrabajo.cl\/portal\/wp-content\/uploads\/2012\/05\/TRIO-ANTOLOGIA.jpg?resize=400%2C298&amp;ssl=1 400w\" sizes=\"auto, (max-width: 600px) 100vw, 600px\" \/><\/a><figcaption id=\"caption-attachment-17695\" class=\"wp-caption-text\">Rodrigo Astudillo, Edgar Nanjar\u00ed , y Jos\u00e9 Tom\u00e1s Rives conforman \u2018Antolog\u00eda Tr\u00edo\u2019.<\/figcaption><\/figure>\n<p>Este viernes 11 de mayo, a las 19.30 horas en El Teatro Municipal de San Felipe, se presentar\u00e1 la destacada agrupaci\u00f3n musical aconcag\u00fcina \u2018Antolog\u00eda Tr\u00edo\u2019, conformada el a\u00f1o 2002 en la ciudad de Los Andes y compuesta por lo m\u00fasicos Rodrigo Astudillo, en guitarra; Edgar Nanjar\u00ed, en Flauta Traversa y Saxof\u00f3n, y Jos\u00e9 Tom\u00e1s Rives en viola y viol\u00edn.<\/p>\n<p>La agrupaci\u00f3n en estos d\u00edas cumple su aniversario n\u00famero diez, juntando durante todo este tiempo de actividad, casi sin interrupciones, un repertorio que a pesar de no ser propio, tiene caracter\u00edsticas especiales en su sonoridad, rasgos propios en la creaci\u00f3n de los arreglos que son originales. Para ello Antolog\u00eda recordar\u00e1 no solamente m\u00fasica, sino que tambi\u00e9n an\u00e9cdotas convirti\u00e9ndose en un momento especial de reencuentro entre todos los Aconcag\u00fcinos asistentes.<\/p>\n<p>La Agrupaci\u00f3n Antolog\u00eda ha participado en muchas instancias art\u00edsticas, teniendo la oportunidad de mostrar su trabajo en diversos lugares de nuestro pa\u00eds y en el exterior. Actualmente la agrupaci\u00f3n se desempe\u00f1a y desde hace ya m\u00e1s de siete a\u00f1os, como agrupaci\u00f3n estable en el prestigioso Hotel Termas de Jahuel Spa.<\/p>\n<p>Jos\u00e9 Tom\u00e1s Rives, director de dicha agrupaci\u00f3n, hizo una invitaci\u00f3n a los amantes de la buena m\u00fasica a participar en exclusiva de este concierto. \u201cLos dejamos a todos cordialmente invitados a participar de este especial concierto, una oportunidad \u00fanica para apreciar el trabajo musical de estos m\u00fasicos aconcag\u00fcinos que por el desarrollo de su trabajo han logrado una connotaci\u00f3n a nivel regional y nacional, y en forma exclusiva este viernes con entrada totalmente liberada disfrutar\u00e1n del talento de este tr\u00edo aconcag\u00fcino.<\/p>\n","protected":false},"excerpt":{"rendered":"<p>Este viernes 11 de mayo, a las 19.30 horas en El Teatro Municipal de San Felipe, se presentar\u00e1 la destacada agrupaci\u00f3n musical aconcag\u00fcina \u2018Antolog\u00eda Tr\u00edo\u2019, conformada el a\u00f1o 2002 en la ciudad&#8230;<\/p>\n","protected":false},"author":482,"featured_media":17695,"comment_status":"open","ping_status":"closed","sticky":false,"template":"","format":"standard","meta":{"advanced_seo_description":"","jetpack_seo_html_title":"","jetpack_seo_noindex":false,"_jetpack_memberships_contains_paid_content":false,"footnotes":""},"categories":[1],"tags":[],"class_list":["post-17694","post","type-post","status-publish","format-standard","has-post-thumbnail","hentry","category-cronica"],"jetpack_featured_media_url":"https:\/\/i0.wp.com\/eltrabajo.cl\/portal\/wp-content\/uploads\/2012\/05\/TRIO-ANTOLOGIA.jpg?fit=600%2C448&ssl=1","jetpack_sharing_enabled":true,"jetpack_likes_enabled":true,"jetpack-related-posts":[],"_links":{"self":[{"href":"https:\/\/eltrabajo.cl\/portal\/wp-json\/wp\/v2\/posts\/17694","targetHints":{"allow":["GET"]}}],"collection":[{"href":"https:\/\/eltrabajo.cl\/portal\/wp-json\/wp\/v2\/posts"}],"about":[{"href":"https:\/\/eltrabajo.cl\/portal\/wp-json\/wp\/v2\/types\/post"}],"author":[{"embeddable":true,"href":"https:\/\/eltrabajo.cl\/portal\/wp-json\/wp\/v2\/users\/482"}],"replies":[{"embeddable":true,"href":"https:\/\/eltrabajo.cl\/portal\/wp-json\/wp\/v2\/comments?post=17694"}],"version-history":[{"count":0,"href":"https:\/\/eltrabajo.cl\/portal\/wp-json\/wp\/v2\/posts\/17694\/revisions"}],"wp:featuredmedia":[{"embeddable":true,"href":"https:\/\/eltrabajo.cl\/portal\/wp-json\/wp\/v2\/media\/17695"}],"wp:attachment":[{"href":"https:\/\/eltrabajo.cl\/portal\/wp-json\/wp\/v2\/media?parent=17694"}],"wp:term":[{"taxonomy":"category","embeddable":true,"href":"https:\/\/eltrabajo.cl\/portal\/wp-json\/wp\/v2\/categories?post=17694"},{"taxonomy":"post_tag","embeddable":true,"href":"https:\/\/eltrabajo.cl\/portal\/wp-json\/wp\/v2\/tags?post=17694"}],"curies":[{"name":"wp","href":"https:\/\/api.w.org\/{rel}","templated":true}]}}