{"id":17699,"date":"2012-05-09T09:35:05","date_gmt":"2012-05-09T13:35:05","guid":{"rendered":"http:\/\/www.eltrabajo.cl\/portal\/?p=17699"},"modified":"2012-05-09T09:35:05","modified_gmt":"2012-05-09T13:35:05","slug":"conaf-interviene-dos-bosques-nativos-en-sector-de-jahuel","status":"publish","type":"post","link":"https:\/\/eltrabajo.cl\/portal\/conaf-interviene-dos-bosques-nativos-en-sector-de-jahuel\/","title":{"rendered":"Conaf interviene dos bosques nativos en sector de Jahuel"},"content":{"rendered":"<figure id=\"attachment_17700\" aria-describedby=\"caption-attachment-17700\" style=\"width: 600px\" class=\"wp-caption alignnone\"><a href=\"http:\/\/www.eltrabajo.cl\/portal\/2012\/05\/conaf-interviene-dos-bosques-nativos-en-sector-de-jahuel\/conaf-burgos-1\/\" rel=\"attachment wp-att-17700\"><img data-recalc-dims=\"1\" loading=\"lazy\" decoding=\"async\" class=\"size-full wp-image-17700\" title=\"conaf -burgos (1)\" src=\"https:\/\/i0.wp.com\/www.eltrabajo.cl\/portal\/wp-content\/uploads\/2012\/05\/conaf-burgos-1.jpg?resize=600%2C337\" alt=\"\" width=\"600\" height=\"337\" srcset=\"https:\/\/i0.wp.com\/eltrabajo.cl\/portal\/wp-content\/uploads\/2012\/05\/conaf-burgos-1.jpg?w=600&amp;ssl=1 600w, https:\/\/i0.wp.com\/eltrabajo.cl\/portal\/wp-content\/uploads\/2012\/05\/conaf-burgos-1.jpg?resize=200%2C112&amp;ssl=1 200w, https:\/\/i0.wp.com\/eltrabajo.cl\/portal\/wp-content\/uploads\/2012\/05\/conaf-burgos-1.jpg?resize=300%2C168&amp;ssl=1 300w, https:\/\/i0.wp.com\/eltrabajo.cl\/portal\/wp-content\/uploads\/2012\/05\/conaf-burgos-1.jpg?resize=150%2C84&amp;ssl=1 150w, https:\/\/i0.wp.com\/eltrabajo.cl\/portal\/wp-content\/uploads\/2012\/05\/conaf-burgos-1.jpg?resize=400%2C224&amp;ssl=1 400w\" sizes=\"auto, (max-width: 600px) 100vw, 600px\" \/><\/a><figcaption id=\"caption-attachment-17700\" class=\"wp-caption-text\">Jorge Burgos, profesional de Conaf, conversa con un gu\u00eda de turismo y una turista sobre el valor del bosque nativo en Jahuel.<\/figcaption><\/figure>\n<p>En un proyecto en conjunto entre la Conaf, la Comunidad de Campo Jahuel y la Municipalidad de Santa Mar\u00eda, se pretende intervenir seis bosques nativos y \u00e1reas de preservaci\u00f3n, todo esto enmarcado en el gran proyecto de crear una reserva de la naturaleza que abarque el humedal El Zaino &#8211; Laguna El Cop\u00edn. Dicho lugar, enclavado en un paraje cordillerano y muy bien preservado, con una singular belleza y riqueza de flora y fauna, lo convierte en uno de los lugares m\u00e1s visitados del Valle de Aconcagua por los amantes de la naturaleza.<\/p>\n<figure id=\"attachment_17701\" aria-describedby=\"caption-attachment-17701\" style=\"width: 300px\" class=\"wp-caption alignright\"><a href=\"http:\/\/www.eltrabajo.cl\/portal\/2012\/05\/conaf-interviene-dos-bosques-nativos-en-sector-de-jahuel\/conaf-2\/\" rel=\"attachment wp-att-17701\"><img data-recalc-dims=\"1\" loading=\"lazy\" decoding=\"async\" class=\"size-medium wp-image-17701\" title=\"conaf (2)\" src=\"https:\/\/i0.wp.com\/www.eltrabajo.cl\/portal\/wp-content\/uploads\/2012\/05\/conaf-2-300x168.jpg?resize=300%2C168\" alt=\"\" width=\"300\" height=\"168\" srcset=\"https:\/\/i0.wp.com\/eltrabajo.cl\/portal\/wp-content\/uploads\/2012\/05\/conaf-2.jpg?resize=300%2C168&amp;ssl=1 300w, https:\/\/i0.wp.com\/eltrabajo.cl\/portal\/wp-content\/uploads\/2012\/05\/conaf-2.jpg?resize=200%2C112&amp;ssl=1 200w, https:\/\/i0.wp.com\/eltrabajo.cl\/portal\/wp-content\/uploads\/2012\/05\/conaf-2.jpg?resize=150%2C84&amp;ssl=1 150w, https:\/\/i0.wp.com\/eltrabajo.cl\/portal\/wp-content\/uploads\/2012\/05\/conaf-2.jpg?resize=400%2C224&amp;ssl=1 400w, https:\/\/i0.wp.com\/eltrabajo.cl\/portal\/wp-content\/uploads\/2012\/05\/conaf-2.jpg?w=600&amp;ssl=1 600w\" sizes=\"auto, (max-width: 300px) 100vw, 300px\" \/><\/a><figcaption id=\"caption-attachment-17701\" class=\"wp-caption-text\">Personal de Conaf investiga los bosques de Jahuel.<\/figcaption><\/figure>\n<p>En una primera fase, ya se encuentra en elaboraci\u00f3n un proyecto en el bosque de las Mesetas de Jahuel, donde se pretende iniciar un trabajo de manejo sustentable, levantando copas, erradicando el quintral (una planta par\u00e1sito) y ordenando el territorio a manera de crear una zona de camping y esparcimiento, que incluir\u00e1 servicios de cabalgatas, astronom\u00eda, asaderas y ba\u00f1os qu\u00edmicos en un futuro. Para tal efecto se erradicar\u00e1n las especies muertas, se limpiar\u00e1 el lugar y se reforestar\u00e1 algunos sectores a modo de obtener en pocos a\u00f1os un bosque sustentable y de belleza esc\u00e9nica que permita su uso tur\u00edstico y soporte senderos de interpretaci\u00f3n sustentables y ecol\u00f3gicos en su uso.<\/p>\n<p>El otro bosque que se incluy\u00f3 en esta primera fase del proyecto es el bosque de Los Colchones, en el cual se encuentra la pol\u00e9mica mina Aguas Claras, donde se pretende trabajar en su absoluta preservaci\u00f3n, en primer lugar por su importancia en el papel que juega en mantener la tensi\u00f3n del agua superficial, lo que permite de alg\u00fan modo el atrapar el agua lluvia y dirigirla hacia grietas y ductos que luego afloran en las preciadas vertientes de agua que suministran el vital elemento a la poblaci\u00f3n residente y, en seguida, por su hermosa disposici\u00f3n geogr\u00e1fica que permite privilegiadas vistas desde una altura de aproximadamente 1.400 metros sobre el nivel del mar y 250 metros sobre el caj\u00f3n de El Zaino, bajo el alero del macizo andino llamado Los Farellones.<\/p>\n<p>Los profesionales de Conaf, a cargo de la elaboraci\u00f3n del proyecto, son Osvaldo Arce M\u00e1rquez, extensionista de Conaf de la Regi\u00f3n de Valpara\u00edso, y Jorge Burgos, encargado de la Unidad Forestal de las provincias de San Felipe y Los Andes, quienes se mostraron muy entusiasmados con la materia prima encontrada y adem\u00e1s sorprendido por la singularidad de la simbiosis Quillay \u2013 Espino que se ha producido en el bosque de las Mesetas de Jahuel.<\/p>\n<p>En esta misma tem\u00e1tica, el Alcalde Claudio Zurita a trav\u00e9s de su \u00e1rea de preservaci\u00f3n medioambiental municipal, va a citar a una reuni\u00f3n multisectorial de Indap, Directiva Comunidad de Campo Jahuel, Secplac y su \u00e1rea de fomento tur\u00edstico y al SAG, parar mejor complementar toda la labor que se est\u00e1 llevando a cabo para concretar el gran proyecto de tener a Jahuel como un tesoro de preservaci\u00f3n medioambiental, que sin dudas ganar\u00e1 valor a\u00f1o a a\u00f1o a ra\u00edz del acelerado ritmo de degradaci\u00f3n que vive nuestro territorio en las condiciones actuales de manejo.<\/p>\n<p><strong>Roberto Mercado A.<\/strong><\/p>\n","protected":false},"excerpt":{"rendered":"<p>En un proyecto en conjunto entre la Conaf, la Comunidad de Campo Jahuel y la Municipalidad de Santa Mar\u00eda, se pretende intervenir seis bosques nativos y \u00e1reas de preservaci\u00f3n, todo esto enmarcado&#8230;<\/p>\n","protected":false},"author":482,"featured_media":17700,"comment_status":"open","ping_status":"closed","sticky":false,"template":"","format":"standard","meta":{"advanced_seo_description":"","jetpack_seo_html_title":"","jetpack_seo_noindex":false,"_jetpack_memberships_contains_paid_content":false,"footnotes":""},"categories":[15],"tags":[],"class_list":["post-17699","post","type-post","status-publish","format-standard","has-post-thumbnail","hentry","category-comunidad"],"jetpack_featured_media_url":"https:\/\/i0.wp.com\/eltrabajo.cl\/portal\/wp-content\/uploads\/2012\/05\/conaf-burgos-1.jpg?fit=600%2C337&ssl=1","jetpack_sharing_enabled":true,"jetpack_likes_enabled":true,"jetpack-related-posts":[],"_links":{"self":[{"href":"https:\/\/eltrabajo.cl\/portal\/wp-json\/wp\/v2\/posts\/17699","targetHints":{"allow":["GET"]}}],"collection":[{"href":"https:\/\/eltrabajo.cl\/portal\/wp-json\/wp\/v2\/posts"}],"about":[{"href":"https:\/\/eltrabajo.cl\/portal\/wp-json\/wp\/v2\/types\/post"}],"author":[{"embeddable":true,"href":"https:\/\/eltrabajo.cl\/portal\/wp-json\/wp\/v2\/users\/482"}],"replies":[{"embeddable":true,"href":"https:\/\/eltrabajo.cl\/portal\/wp-json\/wp\/v2\/comments?post=17699"}],"version-history":[{"count":0,"href":"https:\/\/eltrabajo.cl\/portal\/wp-json\/wp\/v2\/posts\/17699\/revisions"}],"wp:featuredmedia":[{"embeddable":true,"href":"https:\/\/eltrabajo.cl\/portal\/wp-json\/wp\/v2\/media\/17700"}],"wp:attachment":[{"href":"https:\/\/eltrabajo.cl\/portal\/wp-json\/wp\/v2\/media?parent=17699"}],"wp:term":[{"taxonomy":"category","embeddable":true,"href":"https:\/\/eltrabajo.cl\/portal\/wp-json\/wp\/v2\/categories?post=17699"},{"taxonomy":"post_tag","embeddable":true,"href":"https:\/\/eltrabajo.cl\/portal\/wp-json\/wp\/v2\/tags?post=17699"}],"curies":[{"name":"wp","href":"https:\/\/api.w.org\/{rel}","templated":true}]}}