{"id":17709,"date":"2012-05-09T09:40:06","date_gmt":"2012-05-09T13:40:06","guid":{"rendered":"http:\/\/www.eltrabajo.cl\/portal\/?p=17709"},"modified":"2012-05-09T09:40:06","modified_gmt":"2012-05-09T13:40:06","slug":"%e2%80%98dia-de-brocha-y-pintura%e2%80%99-para-la-escuelita-heriberto-bermudez-de-algarrobal","status":"publish","type":"post","link":"https:\/\/eltrabajo.cl\/portal\/%e2%80%98dia-de-brocha-y-pintura%e2%80%99-para-la-escuelita-heriberto-bermudez-de-algarrobal\/","title":{"rendered":"\u2018D\u00eda de brocha y pintura\u2019 para la escuelita Heriberto Berm\u00fadez de Algarrobal"},"content":{"rendered":"<figure id=\"attachment_17710\" aria-describedby=\"caption-attachment-17710\" style=\"width: 600px\" class=\"wp-caption alignnone\"><a href=\"http:\/\/www.eltrabajo.cl\/portal\/2012\/05\/%e2%80%98dia-de-brocha-y-pintura%e2%80%99-para-la-escuelita-heriberto-bermudez-de-algarrobal\/pintores1\/\" rel=\"attachment wp-att-17710\"><img data-recalc-dims=\"1\" loading=\"lazy\" decoding=\"async\" class=\"size-full wp-image-17710\" title=\"Pintores1\" src=\"https:\/\/i0.wp.com\/www.eltrabajo.cl\/portal\/wp-content\/uploads\/2012\/05\/Pintores1.jpg?resize=600%2C403\" alt=\"\" width=\"600\" height=\"403\" srcset=\"https:\/\/i0.wp.com\/eltrabajo.cl\/portal\/wp-content\/uploads\/2012\/05\/Pintores1.jpg?w=600&amp;ssl=1 600w, https:\/\/i0.wp.com\/eltrabajo.cl\/portal\/wp-content\/uploads\/2012\/05\/Pintores1.jpg?resize=200%2C134&amp;ssl=1 200w, https:\/\/i0.wp.com\/eltrabajo.cl\/portal\/wp-content\/uploads\/2012\/05\/Pintores1.jpg?resize=300%2C201&amp;ssl=1 300w, https:\/\/i0.wp.com\/eltrabajo.cl\/portal\/wp-content\/uploads\/2012\/05\/Pintores1.jpg?resize=150%2C100&amp;ssl=1 150w, https:\/\/i0.wp.com\/eltrabajo.cl\/portal\/wp-content\/uploads\/2012\/05\/Pintores1.jpg?resize=400%2C268&amp;ssl=1 400w\" sizes=\"auto, (max-width: 600px) 100vw, 600px\" \/><\/a><figcaption id=\"caption-attachment-17710\" class=\"wp-caption-text\">Brocha y rodillo en mano, cada voluntario supo darle el mejor tono a las paredes de la Escuela Heriberto Berm\u00fadez de Algarrobal.<\/figcaption><\/figure>\n<p>Roberto Gonz\u00e1lez Short &#8211; <a href=\"mailto:rgonzalez@eltrabajo.cl\">rgonzalez@eltrabajo.cl<\/a><\/p>\n<p>\u00bfC\u00f3mo no van a estar alegres los peque\u00f1ines de Algarrobal con su nueva y reci\u00e9n pintada escuela? \u2018D\u00eda de brocha y pintura\u2019 para la \u2018Heriberto Berm\u00fadez\u2019 de Algarrobal, fue lo que se vivi\u00f3 en ese centro educativo el pasado fin de semana, cuando decenas de apoderados, profesores, vecinas y directivos de la junta vecinal de la poblaci\u00f3n, recibieron varias cubetas de pintura de manos del Concejal Ricardo Covarrubias, quien don\u00f3 esos implementos para el embellecimiento de toda la escuelita.<\/p>\n<p>Todas las paredes, puertas, bodegas y bases de la escuela, quedaron m\u00e1s verdes que nunca, pues ese es el color de dicho centro estudiantil; una casa de estudios que en sus once salas imparte clases a 120 alumnos, entre ellos algunos que provienen de familias vulnerables del sector de los vertederos en Algarrobal.<\/p>\n<p>&nbsp;<\/p>\n<figure id=\"attachment_17711\" aria-describedby=\"caption-attachment-17711\" style=\"width: 300px\" class=\"wp-caption alignright\"><a href=\"http:\/\/www.eltrabajo.cl\/portal\/2012\/05\/%e2%80%98dia-de-brocha-y-pintura%e2%80%99-para-la-escuelita-heriberto-bermudez-de-algarrobal\/encuesta1\/\" rel=\"attachment wp-att-17711\"><img data-recalc-dims=\"1\" loading=\"lazy\" decoding=\"async\" class=\"size-medium wp-image-17711\" title=\"Encuesta1\" src=\"https:\/\/i0.wp.com\/www.eltrabajo.cl\/portal\/wp-content\/uploads\/2012\/05\/Encuesta1-300x208.jpg?resize=300%2C208\" alt=\"\" width=\"300\" height=\"208\" srcset=\"https:\/\/i0.wp.com\/eltrabajo.cl\/portal\/wp-content\/uploads\/2012\/05\/Encuesta1.jpg?resize=300%2C208&amp;ssl=1 300w, https:\/\/i0.wp.com\/eltrabajo.cl\/portal\/wp-content\/uploads\/2012\/05\/Encuesta1.jpg?resize=200%2C138&amp;ssl=1 200w, https:\/\/i0.wp.com\/eltrabajo.cl\/portal\/wp-content\/uploads\/2012\/05\/Encuesta1.jpg?resize=150%2C104&amp;ssl=1 150w, https:\/\/i0.wp.com\/eltrabajo.cl\/portal\/wp-content\/uploads\/2012\/05\/Encuesta1.jpg?resize=400%2C277&amp;ssl=1 400w, https:\/\/i0.wp.com\/eltrabajo.cl\/portal\/wp-content\/uploads\/2012\/05\/Encuesta1.jpg?w=600&amp;ssl=1 600w\" sizes=\"auto, (max-width: 300px) 100vw, 300px\" \/><\/a><figcaption id=\"caption-attachment-17711\" class=\"wp-caption-text\">Sonia Fern\u00e1ndez y su equipo de colaboradores atendieron a decenas de vecinos quienes registraron su opini\u00f3n en este \u2018Plebiscito nacional por la Salud 2012\u2019.<\/figcaption><\/figure>\n<p>&nbsp;<\/p>\n<p><strong>Y LA SALUD TAMBI\u00c9N<\/strong><\/p>\n<p>Simult\u00e1neamente se realiz\u00f3 un Plebiscito de la Salud dirigido a encuestar a los vecinos de Algarrobal en relaci\u00f3n a su percepci\u00f3n en esa materia en calidad de usuario de los servicios de salud en la provincia.<\/p>\n<p>\u201cLo que buscamos en este plebiscito de la salud es establecer un registro sobre las ventajas y desventajas que tienen nuestros servicios de salud provincial desde el punto de vista del mismo usuario, pues creemos que el Estado no ha venido tomando en cuenta la opini\u00f3n de los chilenos para establecer las pol\u00edticas de Salud a nivel nacional\u201d, coment\u00f3 a Diario El Trabajo, Sonia Fern\u00e1ndez, encargada del equipo que levant\u00f3 las encuestas.<\/p>\n<p>\u201cEl \u2018Plebiscito nacional por la Salud 2012\u2019 es una iniciativa de car\u00e1cter social y se est\u00e1 realizando a nivel nacional. En San Felipe y Los Andes ya iniciaron con el proyecto el pasado fin de semana, el cuestionario a llenar contempla preguntas relacionadas con el eventual mejoramiento de las pol\u00edticas en Salud y los derechos del usuario\u201d, explic\u00f3 Fern\u00e1ndez.<\/p>\n","protected":false},"excerpt":{"rendered":"<p>Roberto Gonz\u00e1lez Short &#8211; rgonzalez@eltrabajo.cl \u00bfC\u00f3mo no van a estar alegres los peque\u00f1ines de Algarrobal con su nueva y reci\u00e9n pintada escuela? \u2018D\u00eda de brocha y pintura\u2019 para la \u2018Heriberto Berm\u00fadez\u2019 de&#8230;<\/p>\n","protected":false},"author":482,"featured_media":17710,"comment_status":"open","ping_status":"closed","sticky":false,"template":"","format":"standard","meta":{"advanced_seo_description":"","jetpack_seo_html_title":"","jetpack_seo_noindex":false,"_jetpack_memberships_contains_paid_content":false,"footnotes":""},"categories":[15],"tags":[],"class_list":["post-17709","post","type-post","status-publish","format-standard","has-post-thumbnail","hentry","category-comunidad"],"jetpack_featured_media_url":"https:\/\/i0.wp.com\/eltrabajo.cl\/portal\/wp-content\/uploads\/2012\/05\/Pintores1.jpg?fit=600%2C403&ssl=1","jetpack_sharing_enabled":true,"jetpack_likes_enabled":true,"jetpack-related-posts":[],"_links":{"self":[{"href":"https:\/\/eltrabajo.cl\/portal\/wp-json\/wp\/v2\/posts\/17709","targetHints":{"allow":["GET"]}}],"collection":[{"href":"https:\/\/eltrabajo.cl\/portal\/wp-json\/wp\/v2\/posts"}],"about":[{"href":"https:\/\/eltrabajo.cl\/portal\/wp-json\/wp\/v2\/types\/post"}],"author":[{"embeddable":true,"href":"https:\/\/eltrabajo.cl\/portal\/wp-json\/wp\/v2\/users\/482"}],"replies":[{"embeddable":true,"href":"https:\/\/eltrabajo.cl\/portal\/wp-json\/wp\/v2\/comments?post=17709"}],"version-history":[{"count":0,"href":"https:\/\/eltrabajo.cl\/portal\/wp-json\/wp\/v2\/posts\/17709\/revisions"}],"wp:featuredmedia":[{"embeddable":true,"href":"https:\/\/eltrabajo.cl\/portal\/wp-json\/wp\/v2\/media\/17710"}],"wp:attachment":[{"href":"https:\/\/eltrabajo.cl\/portal\/wp-json\/wp\/v2\/media?parent=17709"}],"wp:term":[{"taxonomy":"category","embeddable":true,"href":"https:\/\/eltrabajo.cl\/portal\/wp-json\/wp\/v2\/categories?post=17709"},{"taxonomy":"post_tag","embeddable":true,"href":"https:\/\/eltrabajo.cl\/portal\/wp-json\/wp\/v2\/tags?post=17709"}],"curies":[{"name":"wp","href":"https:\/\/api.w.org\/{rel}","templated":true}]}}