{"id":17714,"date":"2012-05-09T09:41:52","date_gmt":"2012-05-09T13:41:52","guid":{"rendered":"http:\/\/www.eltrabajo.cl\/portal\/?p=17714"},"modified":"2012-05-09T09:41:52","modified_gmt":"2012-05-09T13:41:52","slug":"con-masiva-feria-costumbrista-calle-larga-celebrara-el-dia-de-la-mama","status":"publish","type":"post","link":"https:\/\/eltrabajo.cl\/portal\/con-masiva-feria-costumbrista-calle-larga-celebrara-el-dia-de-la-mama\/","title":{"rendered":"Con masiva Feria Costumbrista Calle Larga celebrar\u00e1 el D\u00eda de la Mam\u00e1"},"content":{"rendered":"<figure id=\"attachment_17715\" aria-describedby=\"caption-attachment-17715\" style=\"width: 600px\" class=\"wp-caption alignnone\"><a href=\"http:\/\/www.eltrabajo.cl\/portal\/2012\/05\/con-masiva-feria-costumbrista-calle-larga-celebrara-el-dia-de-la-mama\/feria-costumbrista-calle-larga-3\/\" rel=\"attachment wp-att-17715\"><img data-recalc-dims=\"1\" loading=\"lazy\" decoding=\"async\" class=\"size-full wp-image-17715\" title=\"Feria Costumbrista Calle Larga  (3)\" src=\"https:\/\/i0.wp.com\/www.eltrabajo.cl\/portal\/wp-content\/uploads\/2012\/05\/Feria-Costumbrista-Calle-Larga-3.jpg?resize=600%2C400\" alt=\"\" width=\"600\" height=\"400\" srcset=\"https:\/\/i0.wp.com\/eltrabajo.cl\/portal\/wp-content\/uploads\/2012\/05\/Feria-Costumbrista-Calle-Larga-3.jpg?w=600&amp;ssl=1 600w, https:\/\/i0.wp.com\/eltrabajo.cl\/portal\/wp-content\/uploads\/2012\/05\/Feria-Costumbrista-Calle-Larga-3.jpg?resize=200%2C133&amp;ssl=1 200w, https:\/\/i0.wp.com\/eltrabajo.cl\/portal\/wp-content\/uploads\/2012\/05\/Feria-Costumbrista-Calle-Larga-3.jpg?resize=300%2C200&amp;ssl=1 300w, https:\/\/i0.wp.com\/eltrabajo.cl\/portal\/wp-content\/uploads\/2012\/05\/Feria-Costumbrista-Calle-Larga-3.jpg?resize=150%2C100&amp;ssl=1 150w, https:\/\/i0.wp.com\/eltrabajo.cl\/portal\/wp-content\/uploads\/2012\/05\/Feria-Costumbrista-Calle-Larga-3.jpg?resize=400%2C266&amp;ssl=1 400w\" sizes=\"auto, (max-width: 600px) 100vw, 600px\" \/><\/a><figcaption id=\"caption-attachment-17715\" class=\"wp-caption-text\">Una invitaci\u00f3n a celebrar el D\u00eda de la Madre con nuestras tradiciones formul\u00f3 la Municipalidad de Calle Larga para este fin de semana.<\/figcaption><\/figure>\n<ul>\n<li><strong>Luis Dimas, Tito Fern\u00e1ndez y Santos Ch\u00e1vez se presentar\u00e1n en la feria que se realizar\u00e1 este fin de semana en la Plaza de Armas<\/strong><\/li>\n<\/ul>\n<p>El pr\u00f3ximo viernes 11, s\u00e1bado 12 y domingo 13 de mayo, las mam\u00e1s del Valle de Aconcagua podr\u00e1n celebrar su d\u00eda disfrutando de la gastronom\u00eda y las tradiciones de nuestra zona en la Primera Feria Costumbrista de Calle Larga.<\/p>\n<p>Esta feria que reunir\u00e1 a artesanos, folcloristas y representantes de las tradiciones de nuestro pa\u00eds, comenzar\u00e1 todos los d\u00edas a partir de las 11 de la ma\u00f1ana en la Plaza de Armas de esa comuna.<\/p>\n<p>\u201cQueremos que este fin de semana las mam\u00e1s no s\u00f3lo de Calle Larga, sino que tambi\u00e9n de todo el Valle de Aconcagua, vengan a disfrutar de las tradiciones, la m\u00fasica y el folclor a nuestra comuna. Tendremos adem\u00e1s degustaciones de comidas tradicionales, nuestro Tren de la Educaci\u00f3n recorrer\u00e1 sitios tradicionales de la comuna, en fin, tendremos diversas actividades para que las mam\u00e1s celebren a partir del viernes su d\u00eda\u201d, sostuvo el alcalde Nelson Venegas.<\/p>\n<p>Entre los artistas que se presentar\u00e1n este fin de semana destacan \u2018Los Hermanos Bustos\u2019, quienes se presentar\u00e1n el viernes 11; Tito Fern\u00e1ndez y Luis Dimas, quienes actuar\u00e1n el s\u00e1bado 12 y Santos Ch\u00e1vez que se presentar\u00e1 el domingo 13 de mayo.<\/p>\n<p>La realizaci\u00f3n de esta feria se enmarca en la convocatoria para la postulaci\u00f3n al Fondo de Promoci\u00f3n al Turismo Local Regional de Valpara\u00edso 2012, la Municipalidad de Calle Larga postul\u00f3 tres incitativas las cuales resultaron electas y con presupuesto para ser financiada durante el primer semestre del a\u00f1o 2012, con fondos aportados por el Gobierno Regional y como contra parte t\u00e9cnica el Servicio Nacional de Turismo Sernatur.<\/p>\n","protected":false},"excerpt":{"rendered":"<p>Luis Dimas, Tito Fern\u00e1ndez y Santos Ch\u00e1vez se presentar\u00e1n en la feria que se realizar\u00e1 este fin de semana en la Plaza de Armas El pr\u00f3ximo viernes 11, s\u00e1bado 12 y domingo&#8230;<\/p>\n","protected":false},"author":482,"featured_media":17715,"comment_status":"open","ping_status":"closed","sticky":false,"template":"","format":"standard","meta":{"advanced_seo_description":"","jetpack_seo_html_title":"","jetpack_seo_noindex":false,"_jetpack_memberships_contains_paid_content":false,"footnotes":""},"categories":[1],"tags":[],"class_list":["post-17714","post","type-post","status-publish","format-standard","has-post-thumbnail","hentry","category-cronica"],"jetpack_featured_media_url":"https:\/\/i0.wp.com\/eltrabajo.cl\/portal\/wp-content\/uploads\/2012\/05\/Feria-Costumbrista-Calle-Larga-3.jpg?fit=600%2C400&ssl=1","jetpack_sharing_enabled":true,"jetpack_likes_enabled":true,"jetpack-related-posts":[],"_links":{"self":[{"href":"https:\/\/eltrabajo.cl\/portal\/wp-json\/wp\/v2\/posts\/17714","targetHints":{"allow":["GET"]}}],"collection":[{"href":"https:\/\/eltrabajo.cl\/portal\/wp-json\/wp\/v2\/posts"}],"about":[{"href":"https:\/\/eltrabajo.cl\/portal\/wp-json\/wp\/v2\/types\/post"}],"author":[{"embeddable":true,"href":"https:\/\/eltrabajo.cl\/portal\/wp-json\/wp\/v2\/users\/482"}],"replies":[{"embeddable":true,"href":"https:\/\/eltrabajo.cl\/portal\/wp-json\/wp\/v2\/comments?post=17714"}],"version-history":[{"count":0,"href":"https:\/\/eltrabajo.cl\/portal\/wp-json\/wp\/v2\/posts\/17714\/revisions"}],"wp:featuredmedia":[{"embeddable":true,"href":"https:\/\/eltrabajo.cl\/portal\/wp-json\/wp\/v2\/media\/17715"}],"wp:attachment":[{"href":"https:\/\/eltrabajo.cl\/portal\/wp-json\/wp\/v2\/media?parent=17714"}],"wp:term":[{"taxonomy":"category","embeddable":true,"href":"https:\/\/eltrabajo.cl\/portal\/wp-json\/wp\/v2\/categories?post=17714"},{"taxonomy":"post_tag","embeddable":true,"href":"https:\/\/eltrabajo.cl\/portal\/wp-json\/wp\/v2\/tags?post=17714"}],"curies":[{"name":"wp","href":"https:\/\/api.w.org\/{rel}","templated":true}]}}