{"id":17720,"date":"2012-05-09T09:43:20","date_gmt":"2012-05-09T13:43:20","guid":{"rendered":"http:\/\/www.eltrabajo.cl\/portal\/?p=17720"},"modified":"2012-05-09T09:43:20","modified_gmt":"2012-05-09T13:43:20","slug":"programa-jefas-de-hogar-da-bienvenida-a-nuevas-integrantes-para-2012","status":"publish","type":"post","link":"https:\/\/eltrabajo.cl\/portal\/programa-jefas-de-hogar-da-bienvenida-a-nuevas-integrantes-para-2012\/","title":{"rendered":"Programa Jefas de Hogar da bienvenida a nuevas integrantes para 2012"},"content":{"rendered":"<figure id=\"attachment_17721\" aria-describedby=\"caption-attachment-17721\" style=\"width: 600px\" class=\"wp-caption alignnone\"><a href=\"http:\/\/www.eltrabajo.cl\/portal\/2012\/05\/programa-jefas-de-hogar-da-bienvenida-a-nuevas-integrantes-para-2012\/programa-jefas-de-hogar\/\" rel=\"attachment wp-att-17721\"><img data-recalc-dims=\"1\" loading=\"lazy\" decoding=\"async\" class=\"size-full wp-image-17721\" title=\"programa jefas de hogar\" src=\"https:\/\/i0.wp.com\/www.eltrabajo.cl\/portal\/wp-content\/uploads\/2012\/05\/programa-jefas-de-hogar.jpg?resize=600%2C450\" alt=\"\" width=\"600\" height=\"450\" srcset=\"https:\/\/i0.wp.com\/eltrabajo.cl\/portal\/wp-content\/uploads\/2012\/05\/programa-jefas-de-hogar.jpg?w=600&amp;ssl=1 600w, https:\/\/i0.wp.com\/eltrabajo.cl\/portal\/wp-content\/uploads\/2012\/05\/programa-jefas-de-hogar.jpg?resize=200%2C150&amp;ssl=1 200w, https:\/\/i0.wp.com\/eltrabajo.cl\/portal\/wp-content\/uploads\/2012\/05\/programa-jefas-de-hogar.jpg?resize=300%2C225&amp;ssl=1 300w, https:\/\/i0.wp.com\/eltrabajo.cl\/portal\/wp-content\/uploads\/2012\/05\/programa-jefas-de-hogar.jpg?resize=150%2C112&amp;ssl=1 150w, https:\/\/i0.wp.com\/eltrabajo.cl\/portal\/wp-content\/uploads\/2012\/05\/programa-jefas-de-hogar.jpg?resize=400%2C300&amp;ssl=1 400w\" sizes=\"auto, (max-width: 600px) 100vw, 600px\" \/><\/a><figcaption id=\"caption-attachment-17721\" class=\"wp-caption-text\">En la ceremonia se realiz\u00f3 la certificaci\u00f3n de las mujeres que realizaron el programa el a\u00f1o pasado y se dio la bienvenida a las nuevas integrantes.<\/figcaption><\/figure>\n<p>En una ceremonia realizada este martes en el Teatro Municipal y que cont\u00f3 con la participaci\u00f3n de las autoridades a nivel provincial, se dio la bienvenida a las nuevas participantes para el a\u00f1o 2012 del programa Jefa de Hogar.<\/p>\n<p>El programa se dicta en San Felipe gracias a un convenio entre la Municipalidad y el Sernam, el que se est\u00e1 ejecutando hace cuatro a\u00f1os.<\/p>\n<p>En la oportunidad adem\u00e1s se certific\u00f3 a las mujeres que participaron el a\u00f1o pasado en el programa, quienes cumplieron satisfactoriamente su trayectoria laboral y pudieron mejorar sus condiciones de empleo, que es el objetivo del programa.<\/p>\n<p>El a\u00f1o pasado la iniciativa tuvo una cobertura de 180 mujeres, quienes pasaron por distintos componentes, entre los que se encontraron habilitaci\u00f3n laboral, capacitaci\u00f3n, intermediaci\u00f3n laboral, salud integral, donde accedieron a ex\u00e1menes preventivos de salud y a tratamientos dentales gratuitos, a lo que se suman conocimientos de computaci\u00f3n y nivelaci\u00f3n de estudios.<\/p>\n<p>Este a\u00f1o en tanto fueron ingresadas 160 mujeres, las que se encuentran en proceso de habilitaci\u00f3n laboral, que es el primer paso del programa.<\/p>\n<p>\u201cLas 160 mujeres pasan por esta habilitaci\u00f3n que tiene como objetivo conocer sus competencias, sus habilidades, para posteriormente poder revisarles a ellas su trayectoria laboral\u201d, dijo la encargada del programa, Silvana Vera.<\/p>\n<p>Seg\u00fan explic\u00f3 la encargada, adem\u00e1s el programa cuenta con dos \u00e1mbitos, uno que es dependiente y otro independiente, por lo tanto de acuerdo a su trayectoria ellas se capacitan y acceden a distintos oficios.<\/p>\n<p>Este a\u00f1o se est\u00e1n dictando cursos de manipulaci\u00f3n de alimentos, auxiliar de farmacias, que es un curso nuevo que no se hab\u00eda hecho anteriormente. Adem\u00e1s las profesionales a cargo del programa est\u00e1n postulando a las mujeres que cumplen con los requisitos al bono Trabajador Activo.<\/p>\n<p>Adem\u00e1s dentro de esta iniciativa se cuenta a las mujeres independientes que se integran al programa, quienes toman el curso gesti\u00f3n microempresarial en su mayor\u00eda, las que pueden postular a los fondos concursables que tiene el programa de manera interna o a la elaboraci\u00f3n de proyectos concursables, y a charlas que son de inter\u00e9s para ellas.<\/p>\n","protected":false},"excerpt":{"rendered":"<p>En una ceremonia realizada este martes en el Teatro Municipal y que cont\u00f3 con la participaci\u00f3n de las autoridades a nivel provincial, se dio la bienvenida a las nuevas participantes para el&#8230;<\/p>\n","protected":false},"author":482,"featured_media":17721,"comment_status":"open","ping_status":"closed","sticky":false,"template":"","format":"standard","meta":{"advanced_seo_description":"","jetpack_seo_html_title":"","jetpack_seo_noindex":false,"_jetpack_memberships_contains_paid_content":false,"footnotes":""},"categories":[1],"tags":[],"class_list":["post-17720","post","type-post","status-publish","format-standard","has-post-thumbnail","hentry","category-cronica"],"jetpack_featured_media_url":"https:\/\/i0.wp.com\/eltrabajo.cl\/portal\/wp-content\/uploads\/2012\/05\/programa-jefas-de-hogar.jpg?fit=600%2C450&ssl=1","jetpack_sharing_enabled":true,"jetpack_likes_enabled":true,"jetpack-related-posts":[],"_links":{"self":[{"href":"https:\/\/eltrabajo.cl\/portal\/wp-json\/wp\/v2\/posts\/17720","targetHints":{"allow":["GET"]}}],"collection":[{"href":"https:\/\/eltrabajo.cl\/portal\/wp-json\/wp\/v2\/posts"}],"about":[{"href":"https:\/\/eltrabajo.cl\/portal\/wp-json\/wp\/v2\/types\/post"}],"author":[{"embeddable":true,"href":"https:\/\/eltrabajo.cl\/portal\/wp-json\/wp\/v2\/users\/482"}],"replies":[{"embeddable":true,"href":"https:\/\/eltrabajo.cl\/portal\/wp-json\/wp\/v2\/comments?post=17720"}],"version-history":[{"count":0,"href":"https:\/\/eltrabajo.cl\/portal\/wp-json\/wp\/v2\/posts\/17720\/revisions"}],"wp:featuredmedia":[{"embeddable":true,"href":"https:\/\/eltrabajo.cl\/portal\/wp-json\/wp\/v2\/media\/17721"}],"wp:attachment":[{"href":"https:\/\/eltrabajo.cl\/portal\/wp-json\/wp\/v2\/media?parent=17720"}],"wp:term":[{"taxonomy":"category","embeddable":true,"href":"https:\/\/eltrabajo.cl\/portal\/wp-json\/wp\/v2\/categories?post=17720"},{"taxonomy":"post_tag","embeddable":true,"href":"https:\/\/eltrabajo.cl\/portal\/wp-json\/wp\/v2\/tags?post=17720"}],"curies":[{"name":"wp","href":"https:\/\/api.w.org\/{rel}","templated":true}]}}