{"id":17728,"date":"2012-05-09T09:48:07","date_gmt":"2012-05-09T13:48:07","guid":{"rendered":"http:\/\/www.eltrabajo.cl\/portal\/?p=17728"},"modified":"2012-05-09T09:48:08","modified_gmt":"2012-05-09T13:48:08","slug":"obras-del-cesfam-cordillera-andina-ya-alcanzan-el-20-por-ciento-de-avance","status":"publish","type":"post","link":"https:\/\/eltrabajo.cl\/portal\/obras-del-cesfam-cordillera-andina-ya-alcanzan-el-20-por-ciento-de-avance\/","title":{"rendered":"Obras del Cesfam Cordillera Andina ya alcanzan el 20 por ciento de avance"},"content":{"rendered":"<figure id=\"attachment_17729\" aria-describedby=\"caption-attachment-17729\" style=\"width: 600px\" class=\"wp-caption alignnone\"><a href=\"http:\/\/www.eltrabajo.cl\/portal\/2012\/05\/obras-del-cesfam-cordillera-andina-ya-alcanzan-el-20-por-ciento-de-avance\/infanterevisaobra\/\" rel=\"attachment wp-att-17729\"><img data-recalc-dims=\"1\" loading=\"lazy\" decoding=\"async\" class=\"size-full wp-image-17729\" title=\"infanterevisaobra\" src=\"https:\/\/i0.wp.com\/www.eltrabajo.cl\/portal\/wp-content\/uploads\/2012\/05\/infanterevisaobra.jpg?resize=600%2C450\" alt=\"\" width=\"600\" height=\"450\" srcset=\"https:\/\/i0.wp.com\/eltrabajo.cl\/portal\/wp-content\/uploads\/2012\/05\/infanterevisaobra.jpg?w=600&amp;ssl=1 600w, https:\/\/i0.wp.com\/eltrabajo.cl\/portal\/wp-content\/uploads\/2012\/05\/infanterevisaobra.jpg?resize=200%2C150&amp;ssl=1 200w, https:\/\/i0.wp.com\/eltrabajo.cl\/portal\/wp-content\/uploads\/2012\/05\/infanterevisaobra.jpg?resize=300%2C225&amp;ssl=1 300w, https:\/\/i0.wp.com\/eltrabajo.cl\/portal\/wp-content\/uploads\/2012\/05\/infanterevisaobra.jpg?resize=150%2C112&amp;ssl=1 150w, https:\/\/i0.wp.com\/eltrabajo.cl\/portal\/wp-content\/uploads\/2012\/05\/infanterevisaobra.jpg?resize=400%2C300&amp;ssl=1 400w\" sizes=\"auto, (max-width: 600px) 100vw, 600px\" \/><\/a><figcaption id=\"caption-attachment-17729\" class=\"wp-caption-text\">El Director de Salud, Rodrigo Infante, visit\u00f3 las obras de Cesfam.<\/figcaption><\/figure>\n<ul>\n<li><strong>Tras una visita de car\u00e1cter inspectivo, el Director del Servicio de Salud Aconcagua, Rodrigo Infante, manifest\u00f3 su satisfacci\u00f3n con el progreso de los trabajos realizados por la empresa contratista, la que de acuerdo con el programa establecido, deber\u00eda terminar la obra antes de fin de a\u00f1o.<\/strong><\/li>\n<\/ul>\n<p>Luego de efectuar una revisi\u00f3n a las obras del nuevo Cesfam Cordillera Andina de Los Andes, el Director del Servicio de Salud Aconcagua, Rodrigo Infante, expres\u00f3 su tranquilidad al comprobar que el avance de la construcci\u00f3n ya se sit\u00faa en un 20%, lo que se ajusta a lo descrito en el cronograma del proyecto.<\/p>\n<p>Durante la inspecci\u00f3n, Infante revis\u00f3 lo realizado en la obra gruesa, la que debiese finalizar en un mes y medio m\u00e1s. Adem\u00e1s recorri\u00f3 los trabajos que se realizan en los diferentes niveles de la edificaci\u00f3n, en los que la empresa ha puesto cerca de 90 operarios.<\/p>\n<p>\u201cEsto es lo que buscamos de las empresas que trabajan con nosotros, que exista una preocupaci\u00f3n por la obra, un n\u00famero importante de personas trabajando, un avance constante y que respeten el calendario que trazamos desde el principio. Hasta el momento hemos avanzado conforme a todo lo que se program\u00f3, lo que nos tiene muy contentos como Servicio de Salud\u201d, manifest\u00f3 Rodrigo Infante.<\/p>\n<p>La autoridad destac\u00f3 que la obra ha avanzado de manera r\u00e1pida, aunque eventualmente podr\u00eda tener variaciones: \u201cEs evidente que hay un cronograma que se ha cumplido, pero tambi\u00e9n podemos tener imponderables, por lo que hemos pedido a la empresa acelerar lo m\u00e1s posible el desarrollo de esta etapa, a fin de evitar inconvenientes durante el invierno y entregar el Centro de Salud a la comunidad en los plazos convenidos\u201d.<\/p>\n<p>Del mismo modo, Rodrigo Infante expres\u00f3 su convicci\u00f3n en que durante el \u00faltimo trimestre se inicien las obras del Cesfam Centenario. \u201cEsperamos que las obras del Cesfam de Centenario partan r\u00e1pidamente, tal como lo conversamos en su momento con el Alcalde Navarro y con los funcionarios del Centro de Salud. Ya definimos una propuesta de construcci\u00f3n y ahora esperamos que se cumplan los plazos para iniciar la construcci\u00f3n y darle a los m\u00e1s de 30.000 usuarios inscritos una soluci\u00f3n acorde a sus necesidades\u201d.<\/p>\n<p>Finalmente la autoridad manifest\u00f3 que estos Cesfam forman parte del plan de trabajo del Ministerio de Salud, en el que se insertan obras apuntadas directamente a la atenci\u00f3n primaria. \u201cComo gestores de esta red nos hemos preocupado de que las obras no s\u00f3lo queden en promesas o en buenas intenciones, si no adem\u00e1s de darles el financiamiento necesario para hacerlas realidad. Este nuevo establecimiento es una muestra clara del compromiso ministerial por fortalecer la salud p\u00fablica, tal como son los que se construir\u00e1n en Calle Larga, Catemu y Panquehue\u201d, culmin\u00f3 Infante.<\/p>\n","protected":false},"excerpt":{"rendered":"<p>Tras una visita de car\u00e1cter inspectivo, el Director del Servicio de Salud Aconcagua, Rodrigo Infante, manifest\u00f3 su satisfacci\u00f3n con el progreso de los trabajos realizados por la empresa contratista, la que de&#8230;<\/p>\n","protected":false},"author":482,"featured_media":17729,"comment_status":"open","ping_status":"closed","sticky":false,"template":"","format":"standard","meta":{"advanced_seo_description":"","jetpack_seo_html_title":"","jetpack_seo_noindex":false,"_jetpack_memberships_contains_paid_content":false,"footnotes":""},"categories":[18],"tags":[],"class_list":["post-17728","post","type-post","status-publish","format-standard","has-post-thumbnail","hentry","category-salud"],"jetpack_featured_media_url":"https:\/\/i0.wp.com\/eltrabajo.cl\/portal\/wp-content\/uploads\/2012\/05\/infanterevisaobra.jpg?fit=600%2C450&ssl=1","jetpack_sharing_enabled":true,"jetpack_likes_enabled":true,"jetpack-related-posts":[],"_links":{"self":[{"href":"https:\/\/eltrabajo.cl\/portal\/wp-json\/wp\/v2\/posts\/17728","targetHints":{"allow":["GET"]}}],"collection":[{"href":"https:\/\/eltrabajo.cl\/portal\/wp-json\/wp\/v2\/posts"}],"about":[{"href":"https:\/\/eltrabajo.cl\/portal\/wp-json\/wp\/v2\/types\/post"}],"author":[{"embeddable":true,"href":"https:\/\/eltrabajo.cl\/portal\/wp-json\/wp\/v2\/users\/482"}],"replies":[{"embeddable":true,"href":"https:\/\/eltrabajo.cl\/portal\/wp-json\/wp\/v2\/comments?post=17728"}],"version-history":[{"count":0,"href":"https:\/\/eltrabajo.cl\/portal\/wp-json\/wp\/v2\/posts\/17728\/revisions"}],"wp:featuredmedia":[{"embeddable":true,"href":"https:\/\/eltrabajo.cl\/portal\/wp-json\/wp\/v2\/media\/17729"}],"wp:attachment":[{"href":"https:\/\/eltrabajo.cl\/portal\/wp-json\/wp\/v2\/media?parent=17728"}],"wp:term":[{"taxonomy":"category","embeddable":true,"href":"https:\/\/eltrabajo.cl\/portal\/wp-json\/wp\/v2\/categories?post=17728"},{"taxonomy":"post_tag","embeddable":true,"href":"https:\/\/eltrabajo.cl\/portal\/wp-json\/wp\/v2\/tags?post=17728"}],"curies":[{"name":"wp","href":"https:\/\/api.w.org\/{rel}","templated":true}]}}