{"id":17732,"date":"2012-05-09T09:49:28","date_gmt":"2012-05-09T13:49:28","guid":{"rendered":"http:\/\/www.eltrabajo.cl\/portal\/?p=17732"},"modified":"2012-05-09T09:49:28","modified_gmt":"2012-05-09T13:49:28","slug":"autoridad-sanitaria-y-municipio-fiscalizaran-a-empresas-que-contaminan","status":"publish","type":"post","link":"https:\/\/eltrabajo.cl\/portal\/autoridad-sanitaria-y-municipio-fiscalizaran-a-empresas-que-contaminan\/","title":{"rendered":"Autoridad Sanitaria y municipio fiscalizar\u00e1n a empresas que contaminan"},"content":{"rendered":"<figure id=\"attachment_17733\" aria-describedby=\"caption-attachment-17733\" style=\"width: 600px\" class=\"wp-caption alignnone\"><a href=\"http:\/\/www.eltrabajo.cl\/portal\/2012\/05\/autoridad-sanitaria-y-municipio-fiscalizaran-a-empresas-que-contaminan\/nubes-2\/\" rel=\"attachment wp-att-17733\"><img data-recalc-dims=\"1\" loading=\"lazy\" decoding=\"async\" class=\"size-full wp-image-17733\" title=\"nubes (2)\" src=\"https:\/\/i0.wp.com\/www.eltrabajo.cl\/portal\/wp-content\/uploads\/2012\/05\/nubes-2.jpg?resize=600%2C450\" alt=\"\" width=\"600\" height=\"450\" srcset=\"https:\/\/i0.wp.com\/eltrabajo.cl\/portal\/wp-content\/uploads\/2012\/05\/nubes-2.jpg?w=600&amp;ssl=1 600w, https:\/\/i0.wp.com\/eltrabajo.cl\/portal\/wp-content\/uploads\/2012\/05\/nubes-2.jpg?resize=200%2C150&amp;ssl=1 200w, https:\/\/i0.wp.com\/eltrabajo.cl\/portal\/wp-content\/uploads\/2012\/05\/nubes-2.jpg?resize=300%2C225&amp;ssl=1 300w, https:\/\/i0.wp.com\/eltrabajo.cl\/portal\/wp-content\/uploads\/2012\/05\/nubes-2.jpg?resize=150%2C112&amp;ssl=1 150w, https:\/\/i0.wp.com\/eltrabajo.cl\/portal\/wp-content\/uploads\/2012\/05\/nubes-2.jpg?resize=400%2C300&amp;ssl=1 400w\" sizes=\"auto, (max-width: 600px) 100vw, 600px\" \/><\/a><figcaption id=\"caption-attachment-17733\" class=\"wp-caption-text\">La imagen muestra claramente la negra y densa nube de humo que est\u00e1n arrojando irresponsables en el sector de Las Coimas.<\/figcaption><\/figure>\n<p><strong>PUTAENDO.-<\/strong> Luego de conocido el reportaje de nuestro medio sobre la contaminaci\u00f3n de algunas empresas ubicadas en el sector de Las Coimas, la Autoridad Sanitaria y el municipio anunciaron exhaustivas fiscalizaciones.<\/p>\n<p>Recordemos que en la nota se pod\u00eda apreciar claramente como algunas empresas llenaban de un denso humo de color negro un amplio sector, donde los m\u00e1s perjudicados son los vecinos que viven en las inmediaciones de Las Coimas, quienes adem\u00e1s deben soportar el intenso olor a azufre que se registra a la altura del paradero 25, el que hace pr\u00e1cticamente intolerable el aire en horas de la tarde.<\/p>\n<p>En este sentido la jefa de la Autoridad Sanitaria, Soledad N\u00fa\u00f1ez, se\u00f1al\u00f3 que efectivamente recibieron la inquietud de vecinos y que este d\u00eda lunes se constituyeron en la Punta del Olivo para fiscalizar a la empresa que estar\u00eda contaminando y que realiza secado de frutas, pero que dicha empresa no ten\u00eda funcionando sus hornos pues se encontraba en mantenimiento, agregando que ellos solo autorizaban y daban el correspondiente permiso para la fiscalizaci\u00f3n en los procesos alimenticios, no siendo necesariamente el permiso sanitario el que les permite funcionar.<\/p>\n<p>Agreg\u00f3 que de todas formas se fiscalizar\u00e1 la emanaci\u00f3n de humo producto del funcionamiento de los hornos, al igual que las fiscalizaciones que se realizar\u00e1n a otras empresas del sector<\/p>\n<p>Por su parte el alcalde Guillermo Reyes dijo que no hab\u00eda que confundir la situaci\u00f3n, haciendo un llamado a la calma y a evitar la \u201ccaza de brujas\u201d en contra de los empresarios, advirtiendo eso s\u00ed que el municipio ser\u00e1 inflexible en exigir que todas las empresas ubicadas en el sector de Las Coimas cumplan con la normativa vigente, en cuanto a garantizar la calidad de vida de los vecinos, adelantando que ya orden\u00f3 que el Departamento de Obras Municipales recopile todos los antecedentes para ver y organizar los cursos de acci\u00f3n que permitan evitar inconvenientes a los vecinos de Las Coimas y de otros sectores de la comuna, como lo que ocurre con los hornos carboneros en el sector de Quebrada Herrera.<\/p>\n<p><strong>Patricio Gallardo M.<\/strong><\/p>\n","protected":false},"excerpt":{"rendered":"<p>PUTAENDO.- Luego de conocido el reportaje de nuestro medio sobre la contaminaci\u00f3n de algunas empresas ubicadas en el sector de Las Coimas, la Autoridad Sanitaria y el municipio anunciaron exhaustivas fiscalizaciones. Recordemos&#8230;<\/p>\n","protected":false},"author":482,"featured_media":17733,"comment_status":"open","ping_status":"closed","sticky":false,"template":"","format":"standard","meta":{"advanced_seo_description":"","jetpack_seo_html_title":"","jetpack_seo_noindex":false,"_jetpack_memberships_contains_paid_content":false,"footnotes":""},"categories":[1],"tags":[],"class_list":["post-17732","post","type-post","status-publish","format-standard","has-post-thumbnail","hentry","category-cronica"],"jetpack_featured_media_url":"https:\/\/i0.wp.com\/eltrabajo.cl\/portal\/wp-content\/uploads\/2012\/05\/nubes-2.jpg?fit=600%2C450&ssl=1","jetpack_sharing_enabled":true,"jetpack_likes_enabled":true,"jetpack-related-posts":[],"_links":{"self":[{"href":"https:\/\/eltrabajo.cl\/portal\/wp-json\/wp\/v2\/posts\/17732","targetHints":{"allow":["GET"]}}],"collection":[{"href":"https:\/\/eltrabajo.cl\/portal\/wp-json\/wp\/v2\/posts"}],"about":[{"href":"https:\/\/eltrabajo.cl\/portal\/wp-json\/wp\/v2\/types\/post"}],"author":[{"embeddable":true,"href":"https:\/\/eltrabajo.cl\/portal\/wp-json\/wp\/v2\/users\/482"}],"replies":[{"embeddable":true,"href":"https:\/\/eltrabajo.cl\/portal\/wp-json\/wp\/v2\/comments?post=17732"}],"version-history":[{"count":0,"href":"https:\/\/eltrabajo.cl\/portal\/wp-json\/wp\/v2\/posts\/17732\/revisions"}],"wp:featuredmedia":[{"embeddable":true,"href":"https:\/\/eltrabajo.cl\/portal\/wp-json\/wp\/v2\/media\/17733"}],"wp:attachment":[{"href":"https:\/\/eltrabajo.cl\/portal\/wp-json\/wp\/v2\/media?parent=17732"}],"wp:term":[{"taxonomy":"category","embeddable":true,"href":"https:\/\/eltrabajo.cl\/portal\/wp-json\/wp\/v2\/categories?post=17732"},{"taxonomy":"post_tag","embeddable":true,"href":"https:\/\/eltrabajo.cl\/portal\/wp-json\/wp\/v2\/tags?post=17732"}],"curies":[{"name":"wp","href":"https:\/\/api.w.org\/{rel}","templated":true}]}}