{"id":17736,"date":"2012-05-09T09:52:06","date_gmt":"2012-05-09T13:52:06","guid":{"rendered":"http:\/\/www.eltrabajo.cl\/portal\/?p=17736"},"modified":"2012-05-09T09:52:06","modified_gmt":"2012-05-09T13:52:06","slug":"empresa-a-cargo-de-parquimetros-%e2%80%98analizara%e2%80%99-cuestionados-cambios-al-sistema","status":"publish","type":"post","link":"https:\/\/eltrabajo.cl\/portal\/empresa-a-cargo-de-parquimetros-%e2%80%98analizara%e2%80%99-cuestionados-cambios-al-sistema\/","title":{"rendered":"Empresa a cargo de parqu\u00edmetros \u2018analizar\u00e1\u2019 cuestionados cambios al sistema"},"content":{"rendered":"<figure id=\"attachment_17737\" aria-describedby=\"caption-attachment-17737\" style=\"width: 600px\" class=\"wp-caption alignnone\"><a href=\"http:\/\/www.eltrabajo.cl\/portal\/2012\/05\/empresa-a-cargo-de-parquimetros-%e2%80%98analizara%e2%80%99-cuestionados-cambios-al-sistema\/sesion-de-concejo\/\" rel=\"attachment wp-att-17737\"><img data-recalc-dims=\"1\" loading=\"lazy\" decoding=\"async\" class=\"size-full wp-image-17737\" title=\"sesion de concejo\" src=\"https:\/\/i0.wp.com\/www.eltrabajo.cl\/portal\/wp-content\/uploads\/2012\/05\/sesion-de-concejo.jpg?resize=600%2C400\" alt=\"\" width=\"600\" height=\"400\" srcset=\"https:\/\/i0.wp.com\/eltrabajo.cl\/portal\/wp-content\/uploads\/2012\/05\/sesion-de-concejo.jpg?w=600&amp;ssl=1 600w, https:\/\/i0.wp.com\/eltrabajo.cl\/portal\/wp-content\/uploads\/2012\/05\/sesion-de-concejo.jpg?resize=200%2C133&amp;ssl=1 200w, https:\/\/i0.wp.com\/eltrabajo.cl\/portal\/wp-content\/uploads\/2012\/05\/sesion-de-concejo.jpg?resize=300%2C200&amp;ssl=1 300w, https:\/\/i0.wp.com\/eltrabajo.cl\/portal\/wp-content\/uploads\/2012\/05\/sesion-de-concejo.jpg?resize=150%2C100&amp;ssl=1 150w, https:\/\/i0.wp.com\/eltrabajo.cl\/portal\/wp-content\/uploads\/2012\/05\/sesion-de-concejo.jpg?resize=400%2C266&amp;ssl=1 400w\" sizes=\"auto, (max-width: 600px) 100vw, 600px\" \/><\/a><figcaption id=\"caption-attachment-17737\" class=\"wp-caption-text\">El Gerente de la empresa a cargo de los estacionamientos de superficie y subterr\u00e1neos dio a conocer al Concejo Municipal la operatividad del sistema.<\/figcaption><\/figure>\n<ul>\n<li><strong>Fueron citados al Concejo para explicar la forma de operar y se comprometieron a estudiar los abusivos cambios que trajo la nueva concesi\u00f3n y que han generado malestar en la comunidad.<\/strong><\/li>\n<\/ul>\n<p>El Concejo Municipal de San Felipe cit\u00f3 a la sesi\u00f3n de este martes a la empresa Concesionaria Estacionamientos San Felipe, que se encuentra a cargo de la operaci\u00f3n de los estacionamientos en superficie y la construcci\u00f3n de los subterr\u00e1neos, para explicar la operatoria del sistema que tanto malestar ha ocasionado en la opini\u00f3n p\u00fablica.<\/p>\n<p>La Concesionaria, a trav\u00e9s de su Gerente, Guillermo Masaglia, explic\u00f3 c\u00f3mo se desarrolla el cobro de los estacionamientos. A su vez recibi\u00f3 las consultas de parte de los concejales y escuch\u00f3 los reclamos que dieron a conocer los ediles, los que han sido formulados por la comunidad en estos dos meses que lleva operando la empresa.<\/p>\n<p>Al salir de la sesi\u00f3n, el Gerente de la empresa dijo haber tomado conocimiento del malestar de la ciudadan\u00eda por los cambios que contempl\u00f3 el nuevo contrato, por lo que evaluar\u00e1n y analizar\u00e1n esta nueva realidad.<\/p>\n<p>\u201cHay malestar de la ciudadan\u00eda respecto de un cambio entre una concesi\u00f3n y la otra, el sistema, tanto las bases de licitaci\u00f3n como el sistema, no contemplaba eso que est\u00e1n reclamando, salimos del Concejo con la tarea de evaluar la posibilidad de atender esa consulta\u201d, dijo Masaglia.<\/p>\n<p>El representante dijo adem\u00e1s que durante estos dos meses hab\u00edan estado trabajando en otras \u00e1reas y pese a los reclamos de la ciudadan\u00eda, no hab\u00edan visto la necesidad de presentarse ante el Concejo, ya que estimaron que no era necesario.<\/p>\n<figure id=\"attachment_17738\" aria-describedby=\"caption-attachment-17738\" style=\"width: 300px\" class=\"wp-caption alignright\"><a href=\"http:\/\/www.eltrabajo.cl\/portal\/2012\/05\/empresa-a-cargo-de-parquimetros-%e2%80%98analizara%e2%80%99-cuestionados-cambios-al-sistema\/guillermo-masaglia\/\" rel=\"attachment wp-att-17738\"><img data-recalc-dims=\"1\" loading=\"lazy\" decoding=\"async\" class=\"size-medium wp-image-17738\" title=\"guillermo masaglia\" src=\"https:\/\/i0.wp.com\/www.eltrabajo.cl\/portal\/wp-content\/uploads\/2012\/05\/guillermo-masaglia-300x225.jpg?resize=300%2C225\" alt=\"\" width=\"300\" height=\"225\" srcset=\"https:\/\/i0.wp.com\/eltrabajo.cl\/portal\/wp-content\/uploads\/2012\/05\/guillermo-masaglia.jpg?resize=300%2C225&amp;ssl=1 300w, https:\/\/i0.wp.com\/eltrabajo.cl\/portal\/wp-content\/uploads\/2012\/05\/guillermo-masaglia.jpg?resize=200%2C150&amp;ssl=1 200w, https:\/\/i0.wp.com\/eltrabajo.cl\/portal\/wp-content\/uploads\/2012\/05\/guillermo-masaglia.jpg?resize=150%2C112&amp;ssl=1 150w, https:\/\/i0.wp.com\/eltrabajo.cl\/portal\/wp-content\/uploads\/2012\/05\/guillermo-masaglia.jpg?resize=400%2C300&amp;ssl=1 400w, https:\/\/i0.wp.com\/eltrabajo.cl\/portal\/wp-content\/uploads\/2012\/05\/guillermo-masaglia.jpg?w=600&amp;ssl=1 600w\" sizes=\"auto, (max-width: 300px) 100vw, 300px\" \/><\/a><figcaption id=\"caption-attachment-17738\" class=\"wp-caption-text\">Guillermo Masaglia es el Gerente de la empresa, quien se\u00f1al\u00f3 que analizar\u00e1n las consultas que recibieron de parte de los concejales y los reclamos que ha hecho llegar la comunidad para ver la posibilidad de cambios en el contrato.<\/figcaption><\/figure>\n<p><strong>COBRO DOBLE Y EXCESIVO<\/strong><\/p>\n<p>Algunas de esas cr\u00edticas dicen relaci\u00f3n con el cobro que se realiza por media hora de uso del estacionamiento, y la imposibilidad de utilizar otro de los calzos concesionados en caso de que al usuario le reste tiempo de esa media hora, lo que constituye en el fondo un doble cobro.<\/p>\n<p>En ese sentido, Masaglia dijo que las bases que la empresa se adjudic\u00f3 establec\u00edan un cobro de media hora y en ning\u00fan lugar expresaban respecto de la modalidad de cambiarse de ubicaci\u00f3n dentro del sector concesionado.<\/p>\n<p>Consultado adem\u00e1s por el cambio de cobro de zonas altas y bajas, Masaglia se\u00f1al\u00f3 que ellos no analizaron la concesi\u00f3n anterior, sino que hicieron un planteamiento en la oferta p\u00fablica de calles en alta y en baja, lo que fue aprobado en el contrato.<\/p>\n<p>\u201cEs lo que nosotros ofertamos en la presentaci\u00f3n de nuestra oferta. Nosotros presentamos un plano antes del inicio, respecto de los calzos y las calles a explotar tanto en alta como en baja\u201d, lo que fue finalmente aprobado.<\/p>\n<p>El plazo que se estableci\u00f3 para entregar una respuesta respecto de la situaci\u00f3n que se produce, cuando se cobra media hora y las personas que cuentan con tiempo se puedan estacionar en otro sector concesionado, es de 30 d\u00edas, tiempo durante el cual la empresa analizar\u00e1 si realmente se pueden hacer cambios al contrato que fue firmado.<\/p>\n<p><strong>FIRMAS DE RECHAZO<\/strong><\/p>\n<p>Durante este tiempo el Concejo Municipal recibi\u00f3 alrededor de 15 mil firmas en rechazo a la construcci\u00f3n de los estacionamientos subterr\u00e1neos, una situaci\u00f3n a la que Masaglia dice no tener comentario, sino que defendi\u00f3 la realizaci\u00f3n del proyecto, argumentando que la iniciativa va a mejorar el centro de la ciudad de San Felipe.<\/p>\n<p>\u201cLo va a hacer mucho m\u00e1s peatonal, lo que est\u00e1 buscando justamente la Municipalidad es tratar de evitar tanto tr\u00e1nsito vehicular y priorizar el tr\u00e1nsito peatonal o de bicicletas, y en ese sentido apunta el proyecto, en las nueve manzanas centrales de la ciudad tratar de evitar el uso del autom\u00f3vil\u201d, y a la comunidad les pidi\u00f3 que el proyecto lo traten de visualizar de mejor manera, que se interioricen lo que es el proyecto y despu\u00e9s vean si lo critican o lo apoyan.<\/p>\n<p>Seg\u00fan se\u00f1al\u00f3 Masaglia, la empresa ya entreg\u00f3 una animaci\u00f3n virtual, donde se vislumbra computacionalmente como se ver\u00eda el centro de la ciudad, despu\u00e9s del funcionamiento del proyecto, la que no ha sido hasta ahora socializada con la comunidad.<\/p>\n<p>En lo concreto el sistema de estacionamientos se cobra desde las 9 y hasta las 20 horas, de lunes a viernes.<\/p>\n<p>A esa hora la m\u00e1quina se apaga autom\u00e1ticamente y se le debe entregar el cobro a la persona que utiliz\u00f3 el calzo. El operario, seg\u00fan Masaglia, cuenta con el dinero suficiente para entregar el vuelto a quien utiliza el estacionamiento, otro aspecto que ha causado malestar en la comunidad, ya que a algunos vecinos no se les habr\u00eda entregado vuelto despu\u00e9s de utilizar el calzo por media hora.<\/p>\n<p>Asimismo algunos vecinos han criticado el trato de los operarios hacia los usuarios del sistema, situaci\u00f3n que Masaglia desestim\u00f3, se\u00f1alando que ellos tienen una visi\u00f3n inversa, ya que han recibido quejas de los operarios de c\u00f3mo los tratan los clientes, quienes se encuentran ofuscados por la situaci\u00f3n que se ha generado con el cobro de los estacionamientos.<\/p>\n","protected":false},"excerpt":{"rendered":"<p>Fueron citados al Concejo para explicar la forma de operar y se comprometieron a estudiar los abusivos cambios que trajo la nueva concesi\u00f3n y que han generado malestar en la comunidad. El&#8230;<\/p>\n","protected":false},"author":482,"featured_media":17737,"comment_status":"open","ping_status":"closed","sticky":false,"template":"","format":"standard","meta":{"advanced_seo_description":"","jetpack_seo_html_title":"","jetpack_seo_noindex":false,"_jetpack_memberships_contains_paid_content":false,"footnotes":""},"categories":[1],"tags":[],"class_list":["post-17736","post","type-post","status-publish","format-standard","has-post-thumbnail","hentry","category-cronica"],"jetpack_featured_media_url":"https:\/\/i0.wp.com\/eltrabajo.cl\/portal\/wp-content\/uploads\/2012\/05\/sesion-de-concejo.jpg?fit=600%2C400&ssl=1","jetpack_sharing_enabled":true,"jetpack_likes_enabled":true,"jetpack-related-posts":[],"_links":{"self":[{"href":"https:\/\/eltrabajo.cl\/portal\/wp-json\/wp\/v2\/posts\/17736","targetHints":{"allow":["GET"]}}],"collection":[{"href":"https:\/\/eltrabajo.cl\/portal\/wp-json\/wp\/v2\/posts"}],"about":[{"href":"https:\/\/eltrabajo.cl\/portal\/wp-json\/wp\/v2\/types\/post"}],"author":[{"embeddable":true,"href":"https:\/\/eltrabajo.cl\/portal\/wp-json\/wp\/v2\/users\/482"}],"replies":[{"embeddable":true,"href":"https:\/\/eltrabajo.cl\/portal\/wp-json\/wp\/v2\/comments?post=17736"}],"version-history":[{"count":0,"href":"https:\/\/eltrabajo.cl\/portal\/wp-json\/wp\/v2\/posts\/17736\/revisions"}],"wp:featuredmedia":[{"embeddable":true,"href":"https:\/\/eltrabajo.cl\/portal\/wp-json\/wp\/v2\/media\/17737"}],"wp:attachment":[{"href":"https:\/\/eltrabajo.cl\/portal\/wp-json\/wp\/v2\/media?parent=17736"}],"wp:term":[{"taxonomy":"category","embeddable":true,"href":"https:\/\/eltrabajo.cl\/portal\/wp-json\/wp\/v2\/categories?post=17736"},{"taxonomy":"post_tag","embeddable":true,"href":"https:\/\/eltrabajo.cl\/portal\/wp-json\/wp\/v2\/tags?post=17736"}],"curies":[{"name":"wp","href":"https:\/\/api.w.org\/{rel}","templated":true}]}}