{"id":17762,"date":"2012-05-11T09:36:10","date_gmt":"2012-05-11T13:36:10","guid":{"rendered":"http:\/\/www.eltrabajo.cl\/portal\/?p=17762"},"modified":"2012-05-11T09:36:10","modified_gmt":"2012-05-11T13:36:10","slug":"nueve-profesores-impartiran-cursos-gratuitos-en-el-colegio-de-profesores","status":"publish","type":"post","link":"https:\/\/eltrabajo.cl\/portal\/nueve-profesores-impartiran-cursos-gratuitos-en-el-colegio-de-profesores\/","title":{"rendered":"Nueve profesores impartir\u00e1n cursos gratuitos en el Colegio de Profesores"},"content":{"rendered":"<figure id=\"attachment_17763\" aria-describedby=\"caption-attachment-17763\" style=\"width: 600px\" class=\"wp-caption alignnone\"><a href=\"http:\/\/www.eltrabajo.cl\/portal\/2012\/05\/nueve-profesores-impartiran-cursos-gratuitos-en-el-colegio-de-profesores\/arte1-3\/\" rel=\"attachment wp-att-17763\"><img data-recalc-dims=\"1\" loading=\"lazy\" decoding=\"async\" class=\"size-full wp-image-17763\" title=\"Arte1\" src=\"https:\/\/i0.wp.com\/www.eltrabajo.cl\/portal\/wp-content\/uploads\/2012\/05\/Arte1.jpg?resize=600%2C400\" alt=\"\" width=\"600\" height=\"400\" srcset=\"https:\/\/i0.wp.com\/eltrabajo.cl\/portal\/wp-content\/uploads\/2012\/05\/Arte1.jpg?w=600&amp;ssl=1 600w, https:\/\/i0.wp.com\/eltrabajo.cl\/portal\/wp-content\/uploads\/2012\/05\/Arte1.jpg?resize=200%2C133&amp;ssl=1 200w, https:\/\/i0.wp.com\/eltrabajo.cl\/portal\/wp-content\/uploads\/2012\/05\/Arte1.jpg?resize=300%2C200&amp;ssl=1 300w, https:\/\/i0.wp.com\/eltrabajo.cl\/portal\/wp-content\/uploads\/2012\/05\/Arte1.jpg?resize=150%2C100&amp;ssl=1 150w, https:\/\/i0.wp.com\/eltrabajo.cl\/portal\/wp-content\/uploads\/2012\/05\/Arte1.jpg?resize=400%2C266&amp;ssl=1 400w\" sizes=\"auto, (max-width: 600px) 100vw, 600px\" \/><\/a><figcaption id=\"caption-attachment-17763\" class=\"wp-caption-text\">Exposiciones sobre cordel al aire libre es una de las t\u00e9cnicas que podr\u00e1n aprender los interesados en participar en estos cursos.<\/figcaption><\/figure>\n<p>Roberto Gonz\u00e1lez Short &#8211; <a href=\"mailto:gonzalez@eltrabajo.cl\">gonzalez@eltrabajo.cl<\/a><\/p>\n<p>A veces el poder encontrar lo que buscamos nos resulta muy dif\u00edcil e invertimos en ello mucho tiempo, pareciera que esos objetivos y metas personales se escondieran de nosotros, pero a veces tambi\u00e9n las oportunidades tocan a nuestra puerta de forma tan f\u00e1cil que nos parece que no son reales. Es as\u00ed como se presenta a todos aquellos amantes de la superaci\u00f3n personal la propuesta de la \u2018Escuela de Artes, Ciencias y Desarrollo Humano\u2019, liderada por en Centro Cultural Pablo Fern\u00e1ndez para este 2012.<\/p>\n<p>Se trata del lanzamiento gratuito de una serie de cursos de gran valor pedag\u00f3gico y crecimiento personal, aprender sobre Literatura, Yoga Kundalini, Artes Esc\u00e9nicas y otras ramas del saber es ahora posible con s\u00f3lo inscribirse en este grupo de trabajo de gran calidad.<\/p>\n<figure id=\"attachment_17764\" aria-describedby=\"caption-attachment-17764\" style=\"width: 196px\" class=\"wp-caption alignright\"><a href=\"http:\/\/www.eltrabajo.cl\/portal\/2012\/05\/nueve-profesores-impartiran-cursos-gratuitos-en-el-colegio-de-profesores\/arturo1\/\" rel=\"attachment wp-att-17764\"><img data-recalc-dims=\"1\" loading=\"lazy\" decoding=\"async\" class=\"size-medium wp-image-17764 \" title=\"Arturo1\" src=\"https:\/\/i0.wp.com\/www.eltrabajo.cl\/portal\/wp-content\/uploads\/2012\/05\/Arturo1-280x300.jpg?resize=196%2C210\" alt=\"\" width=\"196\" height=\"210\" srcset=\"https:\/\/i0.wp.com\/eltrabajo.cl\/portal\/wp-content\/uploads\/2012\/05\/Arturo1.jpg?resize=280%2C300&amp;ssl=1 280w, https:\/\/i0.wp.com\/eltrabajo.cl\/portal\/wp-content\/uploads\/2012\/05\/Arturo1.jpg?resize=140%2C150&amp;ssl=1 140w, https:\/\/i0.wp.com\/eltrabajo.cl\/portal\/wp-content\/uploads\/2012\/05\/Arturo1.jpg?resize=400%2C428&amp;ssl=1 400w, https:\/\/i0.wp.com\/eltrabajo.cl\/portal\/wp-content\/uploads\/2012\/05\/Arturo1.jpg?w=957&amp;ssl=1 957w\" sizes=\"auto, (max-width: 196px) 100vw, 196px\" \/><\/a><figcaption id=\"caption-attachment-17764\" class=\"wp-caption-text\">Arturo P\u00e9rez, Profesor de Historia.<\/figcaption><\/figure>\n<p><strong>SOCIEDAD MERCANTILIZADA<\/strong><\/p>\n<p>\u201cSomos nueve los profesores que estamos abriendo las puertas del saber en este formato a todos aquellos que quieran aumentar su saber en Permacultura, Pintura, Yoga Kundalini, Historia Pol\u00edtica y otros cursos. Estas jornadas de estudio se ofrecer\u00e1n en las dependencias del Colegio de Profesores, en horarios muy aprovechables\u201d, inform\u00f3 a Diario El Trabajo Arturo P\u00e9rez, Profesor de Literatura, uno de los gestores de este proyecto cultural.<\/p>\n<p>\u201cEn una sociedad tan mercantilizada como la nuestra, nosotros nos proponemos brindar estos cursos gratuitos anuales con miras a que los participantes logren aprender cosas nuevas o refinar las que ya saben, invitamos tambi\u00e9n a otros profesionales a unirse a nuestro centro cultural y coordinar con nosotros cualquier taller que quieran impartir en nuestro grupo\u201d, agreg\u00f3 P\u00e9rez.<\/p>\n<p>Seg\u00fan lo reportado por Arturo, se realizar\u00e1n algunas exposiciones sobre cordel en plazas p\u00fablicas, en donde el arte ser\u00e1 el eje principal de dichas faenas de trabajo cultural. Tambi\u00e9n en los siguientes meses estar\u00edan proyect\u00e1ndose algunos ciclos de cine, exposiciones de las mismas pinturas que realicen los alumnos, as\u00ed como lanzamientos individuales de cada una de los cursos que inician este martes 15 de mayo a las 19:00 horas en la sede del Colegio de Profesores, Carlos Condell 61. Los interesados pueden llamar al Fono: 8681 9524.<\/p>\n","protected":false},"excerpt":{"rendered":"<p>Roberto Gonz\u00e1lez Short &#8211; gonzalez@eltrabajo.cl A veces el poder encontrar lo que buscamos nos resulta muy dif\u00edcil e invertimos en ello mucho tiempo, pareciera que esos objetivos y metas personales se escondieran&#8230;<\/p>\n","protected":false},"author":482,"featured_media":17763,"comment_status":"open","ping_status":"closed","sticky":false,"template":"","format":"standard","meta":{"advanced_seo_description":"","jetpack_seo_html_title":"","jetpack_seo_noindex":false,"_jetpack_memberships_contains_paid_content":false,"footnotes":""},"categories":[1],"tags":[],"class_list":["post-17762","post","type-post","status-publish","format-standard","has-post-thumbnail","hentry","category-cronica"],"jetpack_featured_media_url":"https:\/\/i0.wp.com\/eltrabajo.cl\/portal\/wp-content\/uploads\/2012\/05\/Arte1.jpg?fit=600%2C400&ssl=1","jetpack_sharing_enabled":true,"jetpack_likes_enabled":true,"jetpack-related-posts":[],"_links":{"self":[{"href":"https:\/\/eltrabajo.cl\/portal\/wp-json\/wp\/v2\/posts\/17762","targetHints":{"allow":["GET"]}}],"collection":[{"href":"https:\/\/eltrabajo.cl\/portal\/wp-json\/wp\/v2\/posts"}],"about":[{"href":"https:\/\/eltrabajo.cl\/portal\/wp-json\/wp\/v2\/types\/post"}],"author":[{"embeddable":true,"href":"https:\/\/eltrabajo.cl\/portal\/wp-json\/wp\/v2\/users\/482"}],"replies":[{"embeddable":true,"href":"https:\/\/eltrabajo.cl\/portal\/wp-json\/wp\/v2\/comments?post=17762"}],"version-history":[{"count":0,"href":"https:\/\/eltrabajo.cl\/portal\/wp-json\/wp\/v2\/posts\/17762\/revisions"}],"wp:featuredmedia":[{"embeddable":true,"href":"https:\/\/eltrabajo.cl\/portal\/wp-json\/wp\/v2\/media\/17763"}],"wp:attachment":[{"href":"https:\/\/eltrabajo.cl\/portal\/wp-json\/wp\/v2\/media?parent=17762"}],"wp:term":[{"taxonomy":"category","embeddable":true,"href":"https:\/\/eltrabajo.cl\/portal\/wp-json\/wp\/v2\/categories?post=17762"},{"taxonomy":"post_tag","embeddable":true,"href":"https:\/\/eltrabajo.cl\/portal\/wp-json\/wp\/v2\/tags?post=17762"}],"curies":[{"name":"wp","href":"https:\/\/api.w.org\/{rel}","templated":true}]}}