{"id":17767,"date":"2012-05-11T09:38:20","date_gmt":"2012-05-11T13:38:20","guid":{"rendered":"http:\/\/www.eltrabajo.cl\/portal\/?p=17767"},"modified":"2012-05-11T09:38:20","modified_gmt":"2012-05-11T13:38:20","slug":"despues-de-cuatro-anos-inauguran-oficina-de-informacion-turistica-de-san-felipe","status":"publish","type":"post","link":"https:\/\/eltrabajo.cl\/portal\/despues-de-cuatro-anos-inauguran-oficina-de-informacion-turistica-de-san-felipe\/","title":{"rendered":"Despu\u00e9s de cuatro a\u00f1os inauguran oficina de Informaci\u00f3n Tur\u00edstica de San Felipe"},"content":{"rendered":"<figure id=\"attachment_17768\" aria-describedby=\"caption-attachment-17768\" style=\"width: 600px\" class=\"wp-caption alignnone\"><a href=\"http:\/\/www.eltrabajo.cl\/portal\/2012\/05\/despues-de-cuatro-anos-inauguran-oficina-de-informacion-turistica-de-san-felipe\/inauguracion-centro-informacion-1\/\" rel=\"attachment wp-att-17768\"><img data-recalc-dims=\"1\" loading=\"lazy\" decoding=\"async\" class=\"size-full wp-image-17768\" title=\"inauguracion centro informacion (1)\" src=\"https:\/\/i0.wp.com\/www.eltrabajo.cl\/portal\/wp-content\/uploads\/2012\/05\/inauguracion-centro-informacion-1.jpg?resize=600%2C450\" alt=\"\" width=\"600\" height=\"450\" srcset=\"https:\/\/i0.wp.com\/eltrabajo.cl\/portal\/wp-content\/uploads\/2012\/05\/inauguracion-centro-informacion-1.jpg?w=600&amp;ssl=1 600w, https:\/\/i0.wp.com\/eltrabajo.cl\/portal\/wp-content\/uploads\/2012\/05\/inauguracion-centro-informacion-1.jpg?resize=200%2C150&amp;ssl=1 200w, https:\/\/i0.wp.com\/eltrabajo.cl\/portal\/wp-content\/uploads\/2012\/05\/inauguracion-centro-informacion-1.jpg?resize=300%2C225&amp;ssl=1 300w, https:\/\/i0.wp.com\/eltrabajo.cl\/portal\/wp-content\/uploads\/2012\/05\/inauguracion-centro-informacion-1.jpg?resize=150%2C112&amp;ssl=1 150w, https:\/\/i0.wp.com\/eltrabajo.cl\/portal\/wp-content\/uploads\/2012\/05\/inauguracion-centro-informacion-1.jpg?resize=400%2C300&amp;ssl=1 400w\" sizes=\"auto, (max-width: 600px) 100vw, 600px\" \/><\/a><figcaption id=\"caption-attachment-17768\" class=\"wp-caption-text\">Con la presencia de autoridades de la comuna se inaugur\u00f3 las nuevas dependencias de la oficina de informaci\u00f3n tur\u00edstica de San Felipe.<\/figcaption><\/figure>\n<p>Este mi\u00e9rcoles fueron inauguradas las nuevas dependencias de la Oficina de Informaciones Tur\u00edsticas, una iniciativa que tom\u00f3 cuatro a\u00f1os en concretarse y que finalmente ya es realidad.<\/p>\n<p>La oficina fue un anhelo de la Asociaci\u00f3n de Comercio y Turismo, ACTA, de contar con un centro de informaci\u00f3n tur\u00edstico, que tiene como respaldo el servicio de cafeter\u00eda llamado \u2018De Velasco\u2019.<\/p>\n<p>\u201cMuchos se preguntan por qu\u00e9 se ha implementado una cafeter\u00eda, precisamente se ha pensado en que este elemento permita financiar, hoy d\u00eda mantener un centro de informaci\u00f3n tur\u00edstica de manera privada tiene un costo y eso indudablemente hay que asumirlo de alguna manera. Estamos muy contentos porque hemos logrado encantar no solamente en un principio al sector p\u00fablico para realizar la primera etapa, tambi\u00e9n el sector privado a trav\u00e9s de la inversi\u00f3n de quien tiene la concesi\u00f3n de la cafeter\u00eda\u201d.<\/p>\n<p>Jorge Leiva es el socio de ACTA que se interes\u00f3 por esta iniciativa, invirtiendo alrededor de 15 millones de pesos para una concesi\u00f3n de 5 a\u00f1os.<\/p>\n<p>La idea es que la oficina de informaciones se encuentre abierta a todo el valle de Aconcagua, para lo cual se espera que las entidades entreguen material tur\u00edstico que estar\u00e1 disponible para los turistas que lleguen a solicitar. Adem\u00e1s en el corto plazo la oficina de informaci\u00f3n va a implementar un servicio virtual.<\/p>\n","protected":false},"excerpt":{"rendered":"<p>Este mi\u00e9rcoles fueron inauguradas las nuevas dependencias de la Oficina de Informaciones Tur\u00edsticas, una iniciativa que tom\u00f3 cuatro a\u00f1os en concretarse y que finalmente ya es realidad. La oficina fue un anhelo&#8230;<\/p>\n","protected":false},"author":482,"featured_media":17768,"comment_status":"open","ping_status":"closed","sticky":false,"template":"","format":"standard","meta":{"advanced_seo_description":"","jetpack_seo_html_title":"","jetpack_seo_noindex":false,"_jetpack_memberships_contains_paid_content":false,"footnotes":""},"categories":[15],"tags":[],"class_list":["post-17767","post","type-post","status-publish","format-standard","has-post-thumbnail","hentry","category-comunidad"],"jetpack_featured_media_url":"https:\/\/i0.wp.com\/eltrabajo.cl\/portal\/wp-content\/uploads\/2012\/05\/inauguracion-centro-informacion-1.jpg?fit=600%2C450&ssl=1","jetpack_sharing_enabled":true,"jetpack_likes_enabled":true,"jetpack-related-posts":[],"_links":{"self":[{"href":"https:\/\/eltrabajo.cl\/portal\/wp-json\/wp\/v2\/posts\/17767","targetHints":{"allow":["GET"]}}],"collection":[{"href":"https:\/\/eltrabajo.cl\/portal\/wp-json\/wp\/v2\/posts"}],"about":[{"href":"https:\/\/eltrabajo.cl\/portal\/wp-json\/wp\/v2\/types\/post"}],"author":[{"embeddable":true,"href":"https:\/\/eltrabajo.cl\/portal\/wp-json\/wp\/v2\/users\/482"}],"replies":[{"embeddable":true,"href":"https:\/\/eltrabajo.cl\/portal\/wp-json\/wp\/v2\/comments?post=17767"}],"version-history":[{"count":0,"href":"https:\/\/eltrabajo.cl\/portal\/wp-json\/wp\/v2\/posts\/17767\/revisions"}],"wp:featuredmedia":[{"embeddable":true,"href":"https:\/\/eltrabajo.cl\/portal\/wp-json\/wp\/v2\/media\/17768"}],"wp:attachment":[{"href":"https:\/\/eltrabajo.cl\/portal\/wp-json\/wp\/v2\/media?parent=17767"}],"wp:term":[{"taxonomy":"category","embeddable":true,"href":"https:\/\/eltrabajo.cl\/portal\/wp-json\/wp\/v2\/categories?post=17767"},{"taxonomy":"post_tag","embeddable":true,"href":"https:\/\/eltrabajo.cl\/portal\/wp-json\/wp\/v2\/tags?post=17767"}],"curies":[{"name":"wp","href":"https:\/\/api.w.org\/{rel}","templated":true}]}}