{"id":17771,"date":"2012-05-11T09:39:23","date_gmt":"2012-05-11T13:39:23","guid":{"rendered":"http:\/\/www.eltrabajo.cl\/portal\/?p=17771"},"modified":"2012-05-11T09:39:23","modified_gmt":"2012-05-11T13:39:23","slug":"gobierno-en-terreno-atendio-a-77-personas-en-sector-las-palmas-de-llay-llay","status":"publish","type":"post","link":"https:\/\/eltrabajo.cl\/portal\/gobierno-en-terreno-atendio-a-77-personas-en-sector-las-palmas-de-llay-llay\/","title":{"rendered":"Gobierno en Terreno atendi\u00f3 a 77 personas en sector Las Palmas de Llay Llay"},"content":{"rendered":"<figure id=\"attachment_17772\" aria-describedby=\"caption-attachment-17772\" style=\"width: 600px\" class=\"wp-caption alignnone\"><a href=\"http:\/\/www.eltrabajo.cl\/portal\/2012\/05\/gobierno-en-terreno-atendio-a-77-personas-en-sector-las-palmas-de-llay-llay\/terreno1\/\" rel=\"attachment wp-att-17772\"><img data-recalc-dims=\"1\" loading=\"lazy\" decoding=\"async\" class=\"size-full wp-image-17772\" title=\"Terreno1\" src=\"https:\/\/i0.wp.com\/www.eltrabajo.cl\/portal\/wp-content\/uploads\/2012\/05\/Terreno1.jpg?resize=600%2C450\" alt=\"\" width=\"600\" height=\"450\" srcset=\"https:\/\/i0.wp.com\/eltrabajo.cl\/portal\/wp-content\/uploads\/2012\/05\/Terreno1.jpg?w=600&amp;ssl=1 600w, https:\/\/i0.wp.com\/eltrabajo.cl\/portal\/wp-content\/uploads\/2012\/05\/Terreno1.jpg?resize=200%2C150&amp;ssl=1 200w, https:\/\/i0.wp.com\/eltrabajo.cl\/portal\/wp-content\/uploads\/2012\/05\/Terreno1.jpg?resize=300%2C225&amp;ssl=1 300w, https:\/\/i0.wp.com\/eltrabajo.cl\/portal\/wp-content\/uploads\/2012\/05\/Terreno1.jpg?resize=150%2C112&amp;ssl=1 150w, https:\/\/i0.wp.com\/eltrabajo.cl\/portal\/wp-content\/uploads\/2012\/05\/Terreno1.jpg?resize=400%2C300&amp;ssl=1 400w\" sizes=\"auto, (max-width: 600px) 100vw, 600px\" \/><\/a><figcaption id=\"caption-attachment-17772\" class=\"wp-caption-text\">Unas total 77 atenciones, entre consultas, tr\u00e1mites directos y entrega de informaci\u00f3n, se registraron en el Gobierno en Terreno, que se realiz\u00f3 en la localidad de Las Palmas.<\/figcaption><\/figure>\n<p><strong>LLAY LLAY.-<\/strong> Un total de 77 atenciones, entre consultas, tr\u00e1mites directos y entrega de informaci\u00f3n, se registraron en el Gobierno en Terreno, que se realiz\u00f3 en la localidad de Las Palmas. La feria de servicios se inici\u00f3 a las diez de la ma\u00f1ana, con la participaci\u00f3n de Carabineros; Indap; IPS; Gobernaci\u00f3n; Chile Solidario: Serviu; Cesfam y Municipalidad de Llay Llay y la Corporaci\u00f3n de Asistencia Judicial.<\/p>\n<p>La Gobernadora Patricia Boffa destac\u00f3 que tras efectuar una atenci\u00f3n de 77 personas, valor\u00f3 la disposici\u00f3n de la junta de vecinos del sector, por la buena difusi\u00f3n de la actividad.<\/p>\n<p>\u00abLo importante, es que aqu\u00ed hubo consultas por parte de la comunidad, se hizo entrega de informaci\u00f3n directa, y los vecinos fueron satisfechos. Hay un compromiso de parte del Gobierno, de convocar a servicios p\u00fablicos y donde la comunidad pudo hacer las consultas que fueran necesarias, y lo m\u00e1s importante es que la comunidad se va satisfecha\u00bb declar\u00f3 Boffa.<\/p>\n<p>La pr\u00f3xima actividad se ha programado en la localidad de Rinconada de Silva, en la comuna de Putaendo y donde se espera poder contar con servicios p\u00fablicos afines a la demanda del sector.<\/p>\n<p>\u00abLo que pretendemos con este tipo de actividades, es poder acercar el aparato del Estado, hacia la comunidad y as\u00ed lo hemos hecho hasta ahora. Por lo tanto, lo que estamos haciendo para Rinconada de Silva, es llevar los servicios que sean de utilidad de los vecinos, tal como se hizo en la localidad de Las Palmas en la comuna de Llay Llay\u00bb, dijo finalmente la Gobernadora Boffa.<\/p>\n","protected":false},"excerpt":{"rendered":"<p>LLAY LLAY.- Un total de 77 atenciones, entre consultas, tr\u00e1mites directos y entrega de informaci\u00f3n, se registraron en el Gobierno en Terreno, que se realiz\u00f3 en la localidad de Las Palmas. La&#8230;<\/p>\n","protected":false},"author":482,"featured_media":17772,"comment_status":"open","ping_status":"closed","sticky":false,"template":"","format":"standard","meta":{"advanced_seo_description":"","jetpack_seo_html_title":"","jetpack_seo_noindex":false,"_jetpack_memberships_contains_paid_content":false,"footnotes":""},"categories":[15],"tags":[],"class_list":["post-17771","post","type-post","status-publish","format-standard","has-post-thumbnail","hentry","category-comunidad"],"jetpack_featured_media_url":"https:\/\/i0.wp.com\/eltrabajo.cl\/portal\/wp-content\/uploads\/2012\/05\/Terreno1.jpg?fit=600%2C450&ssl=1","jetpack_sharing_enabled":true,"jetpack_likes_enabled":true,"jetpack-related-posts":[],"_links":{"self":[{"href":"https:\/\/eltrabajo.cl\/portal\/wp-json\/wp\/v2\/posts\/17771","targetHints":{"allow":["GET"]}}],"collection":[{"href":"https:\/\/eltrabajo.cl\/portal\/wp-json\/wp\/v2\/posts"}],"about":[{"href":"https:\/\/eltrabajo.cl\/portal\/wp-json\/wp\/v2\/types\/post"}],"author":[{"embeddable":true,"href":"https:\/\/eltrabajo.cl\/portal\/wp-json\/wp\/v2\/users\/482"}],"replies":[{"embeddable":true,"href":"https:\/\/eltrabajo.cl\/portal\/wp-json\/wp\/v2\/comments?post=17771"}],"version-history":[{"count":0,"href":"https:\/\/eltrabajo.cl\/portal\/wp-json\/wp\/v2\/posts\/17771\/revisions"}],"wp:featuredmedia":[{"embeddable":true,"href":"https:\/\/eltrabajo.cl\/portal\/wp-json\/wp\/v2\/media\/17772"}],"wp:attachment":[{"href":"https:\/\/eltrabajo.cl\/portal\/wp-json\/wp\/v2\/media?parent=17771"}],"wp:term":[{"taxonomy":"category","embeddable":true,"href":"https:\/\/eltrabajo.cl\/portal\/wp-json\/wp\/v2\/categories?post=17771"},{"taxonomy":"post_tag","embeddable":true,"href":"https:\/\/eltrabajo.cl\/portal\/wp-json\/wp\/v2\/tags?post=17771"}],"curies":[{"name":"wp","href":"https:\/\/api.w.org\/{rel}","templated":true}]}}