{"id":17775,"date":"2012-05-11T09:40:30","date_gmt":"2012-05-11T13:40:30","guid":{"rendered":"http:\/\/www.eltrabajo.cl\/portal\/?p=17775"},"modified":"2012-05-11T09:40:30","modified_gmt":"2012-05-11T13:40:30","slug":"esval-se-compromete-a-mejorar-el-servicio-que-presta-en-putaendo","status":"publish","type":"post","link":"https:\/\/eltrabajo.cl\/portal\/esval-se-compromete-a-mejorar-el-servicio-que-presta-en-putaendo\/","title":{"rendered":"Esval se compromete a mejorar el servicio que presta en Putaendo"},"content":{"rendered":"<figure id=\"attachment_17776\" aria-describedby=\"caption-attachment-17776\" style=\"width: 300px\" class=\"wp-caption alignleft\"><a href=\"http:\/\/www.eltrabajo.cl\/portal\/2012\/05\/esval-se-compromete-a-mejorar-el-servicio-que-presta-en-putaendo\/hernan1\/\" rel=\"attachment wp-att-17776\"><img data-recalc-dims=\"1\" loading=\"lazy\" decoding=\"async\" class=\"size-medium wp-image-17776\" title=\"Hernan1\" src=\"https:\/\/i0.wp.com\/www.eltrabajo.cl\/portal\/wp-content\/uploads\/2012\/05\/Hernan1-300x258.jpg?resize=300%2C258\" alt=\"\" width=\"300\" height=\"258\" srcset=\"https:\/\/i0.wp.com\/eltrabajo.cl\/portal\/wp-content\/uploads\/2012\/05\/Hernan1.jpg?resize=300%2C258&amp;ssl=1 300w, https:\/\/i0.wp.com\/eltrabajo.cl\/portal\/wp-content\/uploads\/2012\/05\/Hernan1.jpg?resize=174%2C150&amp;ssl=1 174w, https:\/\/i0.wp.com\/eltrabajo.cl\/portal\/wp-content\/uploads\/2012\/05\/Hernan1.jpg?resize=150%2C129&amp;ssl=1 150w, https:\/\/i0.wp.com\/eltrabajo.cl\/portal\/wp-content\/uploads\/2012\/05\/Hernan1.jpg?resize=400%2C344&amp;ssl=1 400w, https:\/\/i0.wp.com\/eltrabajo.cl\/portal\/wp-content\/uploads\/2012\/05\/Hernan1.jpg?w=600&amp;ssl=1 600w\" sizes=\"auto, (max-width: 300px) 100vw, 300px\" \/><\/a><figcaption id=\"caption-attachment-17776\" class=\"wp-caption-text\">Subgerente de Esval, Hern\u00e1n Berr\u00edos.<\/figcaption><\/figure>\n<p><strong>PUTAENDO.-<\/strong> La ma\u00f1ana de este martes, en el centro comunitario putaendino, el subgerente de Esval, Hern\u00e1n Berr\u00edos, mantuvo una importante reuni\u00f3n de coordinaci\u00f3n con varios dirigentes sociales de la comuna, ocasi\u00f3n donde se trataron distintos temas relacionados con el servicio que entrega la empresa Esval.<\/p>\n<p>Varios dirigentes de la Uni\u00f3n Comunal de Juntas de Vecinos Valle de Putaendo, adem\u00e1s de otras fuerzas vivas, fueron informadas sobre el tema de los malos olores de calle Chacabuco, la falta de presi\u00f3n en algunos sectores, la entrega de boletas con las cuentas de agua y la situaci\u00f3n que afecta a los pavimentos o asfalto luego de las reparaciones, se\u00f1alando Berr\u00edos que en el tema de las presiones, la pr\u00f3xima semana se entregar\u00e1 un cronograma de actividades a la Superintendencia de Servicios Sanitarios, donde se contempla una moderaci\u00f3n hidr\u00e1ulica para optimizar el servicio, lo que ser\u00e1 estudiado durante los pr\u00f3ximos d\u00edas definiendo una fecha en que comenzar\u00e1n dichos trabajos.<\/p>\n<p>Sobre los malos olores en calle Chacabuco, Berr\u00edos se\u00f1al\u00f3 que constantemente se est\u00e1 realizando un monitoreo en todo el per\u00edmetro, donde ya la empresa Esval hab\u00eda cambiado m\u00e1s de 92 metros de ca\u00f1er\u00eda y que seguir\u00e1n buscando una soluci\u00f3n definitiva a dicha problem\u00e1tica.<\/p>\n<p>En lo relacionado a la entrega de las boletas con las cuentas de agua, se\u00f1al\u00f3 que ya se contrat\u00f3 una persona que es de Putaendo y que estar\u00eda ayudando a solucionar el tema, pidiendo un poco de comprensi\u00f3n a los clientes de Esval mientras dicho funcionario se adapta al trabajo que significa repartir las boletas del agua.<\/p>\n<p>Sobre los trabajos que realizan las empresas contratistas y que en muchas ocasiones demoran m\u00e1s de lo normal en reparar los pavimentos, la autoridad de Esval inform\u00f3 que buscar\u00e1n la forma en que dichos trabajos est\u00e9n el menor tiempo posible abiertos o en condiciones que puedan generar inseguridad, lo que tambi\u00e9n ser\u00e1 tratado en la pr\u00f3xima reuni\u00f3n que mantendr\u00e1n con dirigentes sociales de la comuna la semana siguiente o subsiguiente, reuni\u00f3n que adem\u00e1s contempla la participaci\u00f3n de los vecinos de la Calle Brasil, con el fin de realizar una reuni\u00f3n ampliada que permita dar soluci\u00f3n a todos los requerimientos en general de la comuna.<\/p>\n<p>La dirigente vecinal Mar\u00eda Salinas, calific\u00f3 la reuni\u00f3n como muy fruct\u00edfera, agregando que esperan la pr\u00f3xima reuni\u00f3n con la empresa Esval para ya ir viendo fechas en cuanto a la ejecuci\u00f3n de las obras que se anunciaron y que estar\u00e1n atentos a monitorear su cumplimiento.<\/p>\n<p><strong>Patricio Gallardo M.<\/strong><\/p>\n","protected":false},"excerpt":{"rendered":"<p>PUTAENDO.- La ma\u00f1ana de este martes, en el centro comunitario putaendino, el subgerente de Esval, Hern\u00e1n Berr\u00edos, mantuvo una importante reuni\u00f3n de coordinaci\u00f3n con varios dirigentes sociales de la comuna, ocasi\u00f3n donde&#8230;<\/p>\n","protected":false},"author":482,"featured_media":17776,"comment_status":"open","ping_status":"closed","sticky":false,"template":"","format":"standard","meta":{"advanced_seo_description":"","jetpack_seo_html_title":"","jetpack_seo_noindex":false,"_jetpack_memberships_contains_paid_content":false,"footnotes":""},"categories":[15],"tags":[],"class_list":["post-17775","post","type-post","status-publish","format-standard","has-post-thumbnail","hentry","category-comunidad"],"jetpack_featured_media_url":"https:\/\/i0.wp.com\/eltrabajo.cl\/portal\/wp-content\/uploads\/2012\/05\/Hernan1.jpg?fit=600%2C517&ssl=1","jetpack_sharing_enabled":true,"jetpack_likes_enabled":true,"jetpack-related-posts":[],"_links":{"self":[{"href":"https:\/\/eltrabajo.cl\/portal\/wp-json\/wp\/v2\/posts\/17775","targetHints":{"allow":["GET"]}}],"collection":[{"href":"https:\/\/eltrabajo.cl\/portal\/wp-json\/wp\/v2\/posts"}],"about":[{"href":"https:\/\/eltrabajo.cl\/portal\/wp-json\/wp\/v2\/types\/post"}],"author":[{"embeddable":true,"href":"https:\/\/eltrabajo.cl\/portal\/wp-json\/wp\/v2\/users\/482"}],"replies":[{"embeddable":true,"href":"https:\/\/eltrabajo.cl\/portal\/wp-json\/wp\/v2\/comments?post=17775"}],"version-history":[{"count":0,"href":"https:\/\/eltrabajo.cl\/portal\/wp-json\/wp\/v2\/posts\/17775\/revisions"}],"wp:featuredmedia":[{"embeddable":true,"href":"https:\/\/eltrabajo.cl\/portal\/wp-json\/wp\/v2\/media\/17776"}],"wp:attachment":[{"href":"https:\/\/eltrabajo.cl\/portal\/wp-json\/wp\/v2\/media?parent=17775"}],"wp:term":[{"taxonomy":"category","embeddable":true,"href":"https:\/\/eltrabajo.cl\/portal\/wp-json\/wp\/v2\/categories?post=17775"},{"taxonomy":"post_tag","embeddable":true,"href":"https:\/\/eltrabajo.cl\/portal\/wp-json\/wp\/v2\/tags?post=17775"}],"curies":[{"name":"wp","href":"https:\/\/api.w.org\/{rel}","templated":true}]}}