{"id":17780,"date":"2012-05-11T09:43:46","date_gmt":"2012-05-11T13:43:46","guid":{"rendered":"http:\/\/www.eltrabajo.cl\/portal\/?p=17780"},"modified":"2012-05-11T09:43:46","modified_gmt":"2012-05-11T13:43:46","slug":"motoqueros-invitan-al-primer-evento-de-%e2%80%98dos-ruedas%e2%80%99-en-san-esteban","status":"publish","type":"post","link":"https:\/\/eltrabajo.cl\/portal\/motoqueros-invitan-al-primer-evento-de-%e2%80%98dos-ruedas%e2%80%99-en-san-esteban\/","title":{"rendered":"Motoqueros invitan al Primer Evento de \u2018Dos Ruedas\u2019 en San Esteban"},"content":{"rendered":"<figure id=\"attachment_17781\" aria-describedby=\"caption-attachment-17781\" style=\"width: 600px\" class=\"wp-caption alignnone\"><a href=\"http:\/\/www.eltrabajo.cl\/portal\/2012\/05\/motoqueros-invitan-al-primer-evento-de-%e2%80%98dos-ruedas%e2%80%99-en-san-esteban\/motoqueros\/\" rel=\"attachment wp-att-17781\"><img data-recalc-dims=\"1\" loading=\"lazy\" decoding=\"async\" class=\"size-full wp-image-17781\" title=\"Motoqueros\" src=\"https:\/\/i0.wp.com\/www.eltrabajo.cl\/portal\/wp-content\/uploads\/2012\/05\/Motoqueros.jpg?resize=600%2C450\" alt=\"\" width=\"600\" height=\"450\" srcset=\"https:\/\/i0.wp.com\/eltrabajo.cl\/portal\/wp-content\/uploads\/2012\/05\/Motoqueros.jpg?w=600&amp;ssl=1 600w, https:\/\/i0.wp.com\/eltrabajo.cl\/portal\/wp-content\/uploads\/2012\/05\/Motoqueros.jpg?resize=200%2C150&amp;ssl=1 200w, https:\/\/i0.wp.com\/eltrabajo.cl\/portal\/wp-content\/uploads\/2012\/05\/Motoqueros.jpg?resize=300%2C225&amp;ssl=1 300w, https:\/\/i0.wp.com\/eltrabajo.cl\/portal\/wp-content\/uploads\/2012\/05\/Motoqueros.jpg?resize=150%2C112&amp;ssl=1 150w, https:\/\/i0.wp.com\/eltrabajo.cl\/portal\/wp-content\/uploads\/2012\/05\/Motoqueros.jpg?resize=400%2C300&amp;ssl=1 400w\" sizes=\"auto, (max-width: 600px) 100vw, 600px\" \/><\/a><figcaption id=\"caption-attachment-17781\" class=\"wp-caption-text\">Los organizadores de este evento visitaron el programa \u2018Morand\u00e9 con Compa\u00f1\u00eda\u2019 de Mega para invitar a toda la comunidad del Valle del Aconcagua.<\/figcaption><\/figure>\n<p>Pablo Salinas Sald\u00edas &#8211; <a href=\"mailto:psalinas@eltrabajo.cl\">psalinas@eltrabajo.cl<\/a><\/p>\n<p>Chicas preciosas del Team Shark, m\u00faltiples competencias, bandas en vivo y la elecci\u00f3n de la Miss \u2018Motoquera\u2019 y \u2018Polera Mojada\u2019, son parte de las grandes atracciones que promete el Primer Evento de Dos Ruedas en el Valle de Aconcagua, el que se realizar\u00e1 ma\u00f1ana s\u00e1bado 12 de mayo desde las 16:00 horas, en las dependencias de la Discoteque Studio 34 ubicada en calle Tocornal 478 en la comuna de San Esteban.<\/p>\n<p>El evento es organizado por \u2018Los Dragones de San Felipe\u2019 y \u2018The Chain Chopper\u2019, y est\u00e1n invitando a todos los motociclistas sin importar marca ni modelo y adem\u00e1s del p\u00fablico en general, a participar de este show sobre ruedas sin tener la necesidad de contar con una moto, tan s\u00f3lo las ganas de disfrutar y participar de las m\u00faltiples competencias como lo ser\u00e1n de moto scooter, velocidad, enduro, chopper y pruebas de habilidad.<\/p>\n<p>Adem\u00e1s se espera contar con delegaciones de motoqueros de distintos puntos del pa\u00eds, incluso invitados desde la rep\u00fablica de Argentina, prometiendo ser un tentativo evento de sano esparcimiento el que tendr\u00e1 un costo de s\u00f3lo $2.000 (dos mil pesos), entrada que dar\u00e1 el derecho de seguir con la fiesta durante la noche al interior de la discoteca.<\/p>\n","protected":false},"excerpt":{"rendered":"<p>Pablo Salinas Sald\u00edas &#8211; psalinas@eltrabajo.cl Chicas preciosas del Team Shark, m\u00faltiples competencias, bandas en vivo y la elecci\u00f3n de la Miss \u2018Motoquera\u2019 y \u2018Polera Mojada\u2019, son parte de las grandes atracciones que&#8230;<\/p>\n","protected":false},"author":482,"featured_media":17781,"comment_status":"open","ping_status":"closed","sticky":false,"template":"","format":"standard","meta":{"advanced_seo_description":"","jetpack_seo_html_title":"","jetpack_seo_noindex":false,"_jetpack_memberships_contains_paid_content":false,"footnotes":""},"categories":[1],"tags":[],"class_list":["post-17780","post","type-post","status-publish","format-standard","has-post-thumbnail","hentry","category-cronica"],"jetpack_featured_media_url":"https:\/\/i0.wp.com\/eltrabajo.cl\/portal\/wp-content\/uploads\/2012\/05\/Motoqueros.jpg?fit=600%2C450&ssl=1","jetpack_sharing_enabled":true,"jetpack_likes_enabled":true,"jetpack-related-posts":[],"_links":{"self":[{"href":"https:\/\/eltrabajo.cl\/portal\/wp-json\/wp\/v2\/posts\/17780","targetHints":{"allow":["GET"]}}],"collection":[{"href":"https:\/\/eltrabajo.cl\/portal\/wp-json\/wp\/v2\/posts"}],"about":[{"href":"https:\/\/eltrabajo.cl\/portal\/wp-json\/wp\/v2\/types\/post"}],"author":[{"embeddable":true,"href":"https:\/\/eltrabajo.cl\/portal\/wp-json\/wp\/v2\/users\/482"}],"replies":[{"embeddable":true,"href":"https:\/\/eltrabajo.cl\/portal\/wp-json\/wp\/v2\/comments?post=17780"}],"version-history":[{"count":0,"href":"https:\/\/eltrabajo.cl\/portal\/wp-json\/wp\/v2\/posts\/17780\/revisions"}],"wp:featuredmedia":[{"embeddable":true,"href":"https:\/\/eltrabajo.cl\/portal\/wp-json\/wp\/v2\/media\/17781"}],"wp:attachment":[{"href":"https:\/\/eltrabajo.cl\/portal\/wp-json\/wp\/v2\/media?parent=17780"}],"wp:term":[{"taxonomy":"category","embeddable":true,"href":"https:\/\/eltrabajo.cl\/portal\/wp-json\/wp\/v2\/categories?post=17780"},{"taxonomy":"post_tag","embeddable":true,"href":"https:\/\/eltrabajo.cl\/portal\/wp-json\/wp\/v2\/tags?post=17780"}],"curies":[{"name":"wp","href":"https:\/\/api.w.org\/{rel}","templated":true}]}}