{"id":17784,"date":"2012-05-11T09:48:58","date_gmt":"2012-05-11T13:48:58","guid":{"rendered":"http:\/\/www.eltrabajo.cl\/portal\/?p=17784"},"modified":"2012-05-11T09:48:59","modified_gmt":"2012-05-11T13:48:59","slug":"tensa-reunion-tecnica-entre-concejo-municipal-y-comite-pro-transparencia","status":"publish","type":"post","link":"https:\/\/eltrabajo.cl\/portal\/tensa-reunion-tecnica-entre-concejo-municipal-y-comite-pro-transparencia\/","title":{"rendered":"Tensa reuni\u00f3n t\u00e9cnica entre Concejo municipal y Comit\u00e9 pro transparencia"},"content":{"rendered":"<figure id=\"attachment_17785\" aria-describedby=\"caption-attachment-17785\" style=\"width: 300px\" class=\"wp-caption alignleft\"><a href=\"http:\/\/www.eltrabajo.cl\/portal\/2012\/05\/tensa-reunion-tecnica-entre-concejo-municipal-y-comite-pro-transparencia\/freire-y-sottolichio\/\" rel=\"attachment wp-att-17785\"><img data-recalc-dims=\"1\" loading=\"lazy\" decoding=\"async\" class=\"size-medium wp-image-17785\" title=\"freire y sottolichio\" src=\"https:\/\/i0.wp.com\/www.eltrabajo.cl\/portal\/wp-content\/uploads\/2012\/05\/freire-y-sottolichio-300x197.jpg?resize=300%2C197\" alt=\"\" width=\"300\" height=\"197\" srcset=\"https:\/\/i0.wp.com\/eltrabajo.cl\/portal\/wp-content\/uploads\/2012\/05\/freire-y-sottolichio.jpg?resize=300%2C197&amp;ssl=1 300w, https:\/\/i0.wp.com\/eltrabajo.cl\/portal\/wp-content\/uploads\/2012\/05\/freire-y-sottolichio.jpg?resize=200%2C131&amp;ssl=1 200w, https:\/\/i0.wp.com\/eltrabajo.cl\/portal\/wp-content\/uploads\/2012\/05\/freire-y-sottolichio.jpg?resize=150%2C98&amp;ssl=1 150w, https:\/\/i0.wp.com\/eltrabajo.cl\/portal\/wp-content\/uploads\/2012\/05\/freire-y-sottolichio.jpg?resize=400%2C262&amp;ssl=1 400w, https:\/\/i0.wp.com\/eltrabajo.cl\/portal\/wp-content\/uploads\/2012\/05\/freire-y-sottolichio.jpg?w=600&amp;ssl=1 600w\" sizes=\"auto, (max-width: 300px) 100vw, 300px\" \/><\/a><figcaption id=\"caption-attachment-17785\" class=\"wp-caption-text\">Patricio Freire calific\u00f3 como un show medi\u00e1tico la reuni\u00f3n, donde no habr\u00edan podido aportar sus planteamientos y el concejal Sottolichio qued\u00f3 con una sensaci\u00f3n amarga luego de la reuni\u00f3n con el Comit\u00e9 por un San Felipe Transparente.<\/figcaption><\/figure>\n<p>Durante la tarde de este martes, el Concejo Municipal realiz\u00f3 una reuni\u00f3n t\u00e9cnica con los integrantes de la agrupaci\u00f3n de Ciudadanos por un San Felipe transparente, la que ten\u00eda como objetivo compartir los antecedentes del proyecto de mejoramiento del centro de la comuna y de estacionamientos subterr\u00e1neos.<\/p>\n<p>Seg\u00fan explic\u00f3 el concejal Mario Sottolichio, la reuni\u00f3n surgi\u00f3 de una conversaci\u00f3n anterior con la agrupaci\u00f3n, respecto de la importancia de sentarse a conversar, informar sobre el proyecto y aclarar las dudas que ellos tienen.<\/p>\n<p>\u201cEllos hacen una serie de afirmaciones que de acuerdo a los equipos t\u00e9cnicos del municipio son incorrectas y por lo tanto era la oportunidad de hacer las aclaraciones y de preguntar y de tener una conversaci\u00f3n sin tapujos, desgraciadamente esto no se pudo hacer, sin embargo el Concejo sigui\u00f3 trabajando, tomamos conocimiento del estado actual del proyecto\u201d.<\/p>\n<p>El encuentro dej\u00f3 un \u201cgusto amargo\u201d en el concejal, quien se\u00f1al\u00f3 que se perdi\u00f3 una oportunidad de conversar ciudadanamente en torno a una mesa.<\/p>\n<p>\u201cA m\u00ed me cuesta entender que gente que naci\u00f3 en San Felipe, que corrieron las mismas calles, que crecieron juntos, hayan perdido la capacidad de sentarse a conversar y dialogar\u201d.<\/p>\n<p>El edil dijo adem\u00e1s que a su juicio todav\u00eda quedan muchas instancias para que el proyecto sea mejorado de manera radical y en esto la ciudadan\u00eda tendr\u00eda un espacio para entregar su opini\u00f3n sobre la iniciativa.<\/p>\n<p>Seg\u00fan Sottolichio ambas partes desaprovecharon la oportunidad de tener un di\u00e1logo distendido y tolerante, \u201cy sobre todo sin una carga de afirmaciones que da\u00f1an la convivencia ciudadana\u201d.<\/p>\n<p>Consultado Patricio Freire, uno de los participantes de la reuni\u00f3n, se\u00f1al\u00f3 que fue un \u201cshow medi\u00e1tico, \u00edbamos a algo que estaba totalmente oleado y sacramentado, entonces para ver esas cosas, para qu\u00e9 vamos, es una tomada de pelo, vamos para aportar, pero no para que nos digan ustedes no tienen derecho a opinar\u201d.<\/p>\n","protected":false},"excerpt":{"rendered":"<p>Durante la tarde de este martes, el Concejo Municipal realiz\u00f3 una reuni\u00f3n t\u00e9cnica con los integrantes de la agrupaci\u00f3n de Ciudadanos por un San Felipe transparente, la que ten\u00eda como objetivo compartir&#8230;<\/p>\n","protected":false},"author":482,"featured_media":17785,"comment_status":"open","ping_status":"closed","sticky":false,"template":"","format":"standard","meta":{"advanced_seo_description":"","jetpack_seo_html_title":"","jetpack_seo_noindex":false,"_jetpack_memberships_contains_paid_content":false,"footnotes":""},"categories":[1],"tags":[],"class_list":["post-17784","post","type-post","status-publish","format-standard","has-post-thumbnail","hentry","category-cronica"],"jetpack_featured_media_url":"https:\/\/i0.wp.com\/eltrabajo.cl\/portal\/wp-content\/uploads\/2012\/05\/freire-y-sottolichio.jpg?fit=600%2C394&ssl=1","jetpack_sharing_enabled":true,"jetpack_likes_enabled":true,"jetpack-related-posts":[],"_links":{"self":[{"href":"https:\/\/eltrabajo.cl\/portal\/wp-json\/wp\/v2\/posts\/17784","targetHints":{"allow":["GET"]}}],"collection":[{"href":"https:\/\/eltrabajo.cl\/portal\/wp-json\/wp\/v2\/posts"}],"about":[{"href":"https:\/\/eltrabajo.cl\/portal\/wp-json\/wp\/v2\/types\/post"}],"author":[{"embeddable":true,"href":"https:\/\/eltrabajo.cl\/portal\/wp-json\/wp\/v2\/users\/482"}],"replies":[{"embeddable":true,"href":"https:\/\/eltrabajo.cl\/portal\/wp-json\/wp\/v2\/comments?post=17784"}],"version-history":[{"count":0,"href":"https:\/\/eltrabajo.cl\/portal\/wp-json\/wp\/v2\/posts\/17784\/revisions"}],"wp:featuredmedia":[{"embeddable":true,"href":"https:\/\/eltrabajo.cl\/portal\/wp-json\/wp\/v2\/media\/17785"}],"wp:attachment":[{"href":"https:\/\/eltrabajo.cl\/portal\/wp-json\/wp\/v2\/media?parent=17784"}],"wp:term":[{"taxonomy":"category","embeddable":true,"href":"https:\/\/eltrabajo.cl\/portal\/wp-json\/wp\/v2\/categories?post=17784"},{"taxonomy":"post_tag","embeddable":true,"href":"https:\/\/eltrabajo.cl\/portal\/wp-json\/wp\/v2\/tags?post=17784"}],"curies":[{"name":"wp","href":"https:\/\/api.w.org\/{rel}","templated":true}]}}