{"id":17788,"date":"2012-05-11T09:50:18","date_gmt":"2012-05-11T13:50:18","guid":{"rendered":"http:\/\/www.eltrabajo.cl\/portal\/?p=17788"},"modified":"2012-05-11T09:50:18","modified_gmt":"2012-05-11T13:50:18","slug":"municipio-planea-la-construccion-de-nuevo-jardin-infantil-y-ampliacion-los-pinguinitos","status":"publish","type":"post","link":"https:\/\/eltrabajo.cl\/portal\/municipio-planea-la-construccion-de-nuevo-jardin-infantil-y-ampliacion-los-pinguinitos\/","title":{"rendered":"Municipio planea la construcci\u00f3n de nuevo jard\u00edn infantil y ampliaci\u00f3n Los Ping\u00fcinitos"},"content":{"rendered":"<figure id=\"attachment_17789\" aria-describedby=\"caption-attachment-17789\" style=\"width: 300px\" class=\"wp-caption alignleft\"><a href=\"http:\/\/www.eltrabajo.cl\/portal\/2012\/05\/municipio-planea-la-construccion-de-nuevo-jardin-infantil-y-ampliacion-los-pinguinitos\/jaime-amar-15\/\" rel=\"attachment wp-att-17789\"><img data-recalc-dims=\"1\" loading=\"lazy\" decoding=\"async\" class=\"size-medium wp-image-17789\" title=\"jaime amar\" src=\"https:\/\/i0.wp.com\/www.eltrabajo.cl\/portal\/wp-content\/uploads\/2012\/05\/jaime-amar-300x225.jpg?resize=300%2C225\" alt=\"\" width=\"300\" height=\"225\" srcset=\"https:\/\/i0.wp.com\/eltrabajo.cl\/portal\/wp-content\/uploads\/2012\/05\/jaime-amar.jpg?resize=300%2C225&amp;ssl=1 300w, https:\/\/i0.wp.com\/eltrabajo.cl\/portal\/wp-content\/uploads\/2012\/05\/jaime-amar.jpg?resize=200%2C150&amp;ssl=1 200w, https:\/\/i0.wp.com\/eltrabajo.cl\/portal\/wp-content\/uploads\/2012\/05\/jaime-amar.jpg?resize=150%2C112&amp;ssl=1 150w, https:\/\/i0.wp.com\/eltrabajo.cl\/portal\/wp-content\/uploads\/2012\/05\/jaime-amar.jpg?resize=400%2C300&amp;ssl=1 400w, https:\/\/i0.wp.com\/eltrabajo.cl\/portal\/wp-content\/uploads\/2012\/05\/jaime-amar.jpg?w=600&amp;ssl=1 600w\" sizes=\"auto, (max-width: 300px) 100vw, 300px\" \/><\/a><figcaption id=\"caption-attachment-17789\" class=\"wp-caption-text\">El Alcalde Jaime Amar se\u00f1al\u00f3 que pr\u00f3ximamente se construir\u00e1 un nuevo jard\u00edn infantil y se ampliar\u00e1 otro, para entregar una mejor cobertura.<\/figcaption><\/figure>\n<p>La Municipalidad de San Felipe est\u00e1 presentando al Ministerio, la construcci\u00f3n de un nuevo jard\u00edn infantil en la comuna y la ampliaci\u00f3n de otro, debido a que se abri\u00f3 un nuevo concurso a trav\u00e9s de la Junji.<\/p>\n<p>Seg\u00fan explic\u00f3 el Alcalde Jaime Amar, se est\u00e1 planteando casi la duplicaci\u00f3n del tama\u00f1o del jard\u00edn infantil Los Ping\u00fcinitos, que est\u00e1 enfocado en las adolescentes que son madres, lo que ha constituido una fuerte demanda, ya que son alrededor de 80 los cupos necesarios que no se han podido entregar.<\/p>\n<p>A esto se suma la presentaci\u00f3n de un proyecto en el sector de la villa El Carmen, casi al llegar a la calle 12 de Febrero, en un terreno municipal, donde se est\u00e1 planteando la construcci\u00f3n de un jard\u00edn infantil para 40 lactantes y 72 p\u00e1rvulos.<\/p>\n<p>\u201cUn proyecto muy parecido a lo que hemos hecho en el sector de la villa Cordillera, proyecto que en este momento est\u00e1 presentado, estamos en el proceso de evaluaci\u00f3n y se supone que de aqu\u00ed m\u00e1s o menos alrededor de unos dos o tres meses vamos a tener los resultados del proceso de concurso, dado que concursamos con todos los proyectos de nivel nacional\u201d, dijo el jefe comunal.<\/p>\n<p>Con la construcci\u00f3n y ampliaci\u00f3n el municipio espera llegar a los mil 200 beneficiados, entre lactantes y p\u00e1rvulos, ya que hasta la fecha son cercanos a los mil ni\u00f1os que forman parte de los jardines, que son de administraci\u00f3n municipal.<\/p>\n<p>Consultado por la situaci\u00f3n del jard\u00edn infantil El Peneca, el Alcalde Amar dijo que fue presentado un proyecto por la Junji, en forma directa y en terrenos municipales, en la villa El Descanso, iniciativa que ya fue aprobada.<\/p>\n<p>\u201cEst\u00e1 en el proceso de la parte final, de asignaci\u00f3n de contrato y convenio y se espera que a mediados de a\u00f1o, por lo que nos ha indicado la Junji deber\u00eda la construcci\u00f3n de ese jard\u00edn, que es un mega jard\u00edn, para alrededor de 240 ente lactantes y p\u00e1rvulos, pero eso es de administraci\u00f3n y construcci\u00f3n directa de la Junji, a trav\u00e9s de fondos FNDR, que fueron por los fondos antiguos que son mucho m\u00e1s lentos que como hicimos nosotros \u2018Sol Naciente\u2019 y el sector de Algarrobal, que los hicimos por FNDR\u201d.<\/p>\n","protected":false},"excerpt":{"rendered":"<p>La Municipalidad de San Felipe est\u00e1 presentando al Ministerio, la construcci\u00f3n de un nuevo jard\u00edn infantil en la comuna y la ampliaci\u00f3n de otro, debido a que se abri\u00f3 un nuevo concurso&#8230;<\/p>\n","protected":false},"author":482,"featured_media":17789,"comment_status":"open","ping_status":"closed","sticky":false,"template":"","format":"standard","meta":{"advanced_seo_description":"","jetpack_seo_html_title":"","jetpack_seo_noindex":false,"_jetpack_memberships_contains_paid_content":false,"footnotes":""},"categories":[1],"tags":[],"class_list":["post-17788","post","type-post","status-publish","format-standard","has-post-thumbnail","hentry","category-cronica"],"jetpack_featured_media_url":"https:\/\/i0.wp.com\/eltrabajo.cl\/portal\/wp-content\/uploads\/2012\/05\/jaime-amar.jpg?fit=600%2C451&ssl=1","jetpack_sharing_enabled":true,"jetpack_likes_enabled":true,"jetpack-related-posts":[],"_links":{"self":[{"href":"https:\/\/eltrabajo.cl\/portal\/wp-json\/wp\/v2\/posts\/17788","targetHints":{"allow":["GET"]}}],"collection":[{"href":"https:\/\/eltrabajo.cl\/portal\/wp-json\/wp\/v2\/posts"}],"about":[{"href":"https:\/\/eltrabajo.cl\/portal\/wp-json\/wp\/v2\/types\/post"}],"author":[{"embeddable":true,"href":"https:\/\/eltrabajo.cl\/portal\/wp-json\/wp\/v2\/users\/482"}],"replies":[{"embeddable":true,"href":"https:\/\/eltrabajo.cl\/portal\/wp-json\/wp\/v2\/comments?post=17788"}],"version-history":[{"count":0,"href":"https:\/\/eltrabajo.cl\/portal\/wp-json\/wp\/v2\/posts\/17788\/revisions"}],"wp:featuredmedia":[{"embeddable":true,"href":"https:\/\/eltrabajo.cl\/portal\/wp-json\/wp\/v2\/media\/17789"}],"wp:attachment":[{"href":"https:\/\/eltrabajo.cl\/portal\/wp-json\/wp\/v2\/media?parent=17788"}],"wp:term":[{"taxonomy":"category","embeddable":true,"href":"https:\/\/eltrabajo.cl\/portal\/wp-json\/wp\/v2\/categories?post=17788"},{"taxonomy":"post_tag","embeddable":true,"href":"https:\/\/eltrabajo.cl\/portal\/wp-json\/wp\/v2\/tags?post=17788"}],"curies":[{"name":"wp","href":"https:\/\/api.w.org\/{rel}","templated":true}]}}