{"id":17792,"date":"2012-05-11T09:52:32","date_gmt":"2012-05-11T13:52:32","guid":{"rendered":"http:\/\/www.eltrabajo.cl\/portal\/?p=17792"},"modified":"2012-05-11T09:52:32","modified_gmt":"2012-05-11T13:52:32","slug":"avanzan-trabajos-de-nuevo-conjunto-residencial-detras-del-estadio-municipal","status":"publish","type":"post","link":"https:\/\/eltrabajo.cl\/portal\/avanzan-trabajos-de-nuevo-conjunto-residencial-detras-del-estadio-municipal\/","title":{"rendered":"Avanzan trabajos de nuevo conjunto residencial detr\u00e1s del Estadio Municipal"},"content":{"rendered":"<figure id=\"attachment_17793\" aria-describedby=\"caption-attachment-17793\" style=\"width: 600px\" class=\"wp-caption alignnone\"><a href=\"http:\/\/www.eltrabajo.cl\/portal\/2012\/05\/avanzan-trabajos-de-nuevo-conjunto-residencial-detras-del-estadio-municipal\/nuevo-conjunto-habitacional-1\/\" rel=\"attachment wp-att-17793\"><img data-recalc-dims=\"1\" loading=\"lazy\" decoding=\"async\" class=\"size-full wp-image-17793\" title=\"nuevo conjunto habitacional (1)\" src=\"https:\/\/i0.wp.com\/www.eltrabajo.cl\/portal\/wp-content\/uploads\/2012\/05\/nuevo-conjunto-habitacional-1.jpg?resize=600%2C450\" alt=\"\" width=\"600\" height=\"450\" srcset=\"https:\/\/i0.wp.com\/eltrabajo.cl\/portal\/wp-content\/uploads\/2012\/05\/nuevo-conjunto-habitacional-1.jpg?w=600&amp;ssl=1 600w, https:\/\/i0.wp.com\/eltrabajo.cl\/portal\/wp-content\/uploads\/2012\/05\/nuevo-conjunto-habitacional-1.jpg?resize=200%2C150&amp;ssl=1 200w, https:\/\/i0.wp.com\/eltrabajo.cl\/portal\/wp-content\/uploads\/2012\/05\/nuevo-conjunto-habitacional-1.jpg?resize=300%2C225&amp;ssl=1 300w, https:\/\/i0.wp.com\/eltrabajo.cl\/portal\/wp-content\/uploads\/2012\/05\/nuevo-conjunto-habitacional-1.jpg?resize=150%2C112&amp;ssl=1 150w, https:\/\/i0.wp.com\/eltrabajo.cl\/portal\/wp-content\/uploads\/2012\/05\/nuevo-conjunto-habitacional-1.jpg?resize=400%2C300&amp;ssl=1 400w\" sizes=\"auto, (max-width: 600px) 100vw, 600px\" \/><\/a><figcaption id=\"caption-attachment-17793\" class=\"wp-caption-text\">El Alcalde Jaime Amar visit\u00f3 las obras de construcci\u00f3n de los departamentos que se ubican detr\u00e1s del estadio municipal.<\/figcaption><\/figure>\n<p>Un total de 520 departamentos forman parte del conjunto residencial que estar\u00e1 formado por cuatro condominios en el sector poniente de la ciudad de San Felipe.<\/p>\n<p>El primer condominio est\u00e1 formado por 160 departamentos, cada uno de ellos con una superficie aproximada de 57 metros cuadrados, con tres dormitorios, ba\u00f1o, living comedor, sala de estudios y balc\u00f3n.<\/p>\n<p>Se trata de edificios de hormig\u00f3n armado, y seg\u00fan el gerente general de la inmobiliaria LYM, Jaime Moz\u00f3, han cumplido con los requisitos establecidos en la normativa vigente, y est\u00e1n insertos dentro de lo que es el plan habitacional del Gobierno, que es incentivar la adquisici\u00f3n de viviendas de los sectores medios y emergentes.<\/p>\n<p>\u201cEstos son departamentos que van de un precio desde las 860 unidades de fomento hasta las 1100 unidades de fomento, est\u00e1n fundamentalmente orientados a las familias, tienen amplias \u00e1reas verdes, \u00e1reas de seguridad, con distribuciones interiores que permiten una cohabitaci\u00f3n tranquila y segura de las familias\u201d.<\/p>\n<p>Por lo mismo se ha considerado un \u00e1rea de estudio al interior del departamento, de tal forma de que los ni\u00f1os tengan los espacios para poder desarrollar sus actividades en forma normal, sostuvo Moz\u00f3.<\/p>\n<p>Uno de los pa\u00f1os que contempla el condominio consideraba originalmente 3,6 hect\u00e1reas, es decir 36 mil metros cuadrados, que est\u00e1n ubicados a 5 cuadras del centro de la ciudad, lo que hace que los due\u00f1os de los departamentos tengan los servicios bastante cerca.<\/p>\n<p>\u201cEs un esfuerzo grande en el que estamos emprendidos, tenemos un proyecto de inversi\u00f3n de 22 millones de d\u00f3lares, en un plazo de 4 a\u00f1os, es un proyecto importante para nosotros, es un proyecto importante para la comuna\u201d, dijo el gerente general.<\/p>\n<p>Adicionalmente, en un acuerdo con la Municipalidad, se va a realizar la prolongaci\u00f3n de la calle Santo Domingo, desde Diego de Almagro hasta Maip\u00fa, lo que va a permitir mejorar la circulaci\u00f3n vial del sector. A lo que se suma que en el sector de Santo Domingo, donde se ubican los ba\u00f1os de visita del estadio, se trasladar\u00e1n a otro sector, de tal forma de generar dentro del recinto deportivo un \u00e1rea m\u00e1s ordenada.<\/p>\n<p>En tanto la entrega de los primeros departamentos ser\u00eda en el primer semestre del pr\u00f3ximo a\u00f1o.<\/p>\n<p>El Alcalde Jaime Amar se\u00f1al\u00f3 que el municipio tiene el compromiso de abrir el municipio a proyectos de esta naturaleza, que vayan en beneficio de la comunidad, a lo que se suma la apertura de la oficina comunal de la Vivienda, que tiene como objetivo entregar informaci\u00f3n a los vecinos y apoyarlos en la postulaci\u00f3n a este proyecto.<\/p>\n","protected":false},"excerpt":{"rendered":"<p>Un total de 520 departamentos forman parte del conjunto residencial que estar\u00e1 formado por cuatro condominios en el sector poniente de la ciudad de San Felipe. El primer condominio est\u00e1 formado por&#8230;<\/p>\n","protected":false},"author":482,"featured_media":17793,"comment_status":"open","ping_status":"closed","sticky":false,"template":"","format":"standard","meta":{"advanced_seo_description":"","jetpack_seo_html_title":"","jetpack_seo_noindex":false,"_jetpack_memberships_contains_paid_content":false,"footnotes":""},"categories":[1],"tags":[],"class_list":["post-17792","post","type-post","status-publish","format-standard","has-post-thumbnail","hentry","category-cronica"],"jetpack_featured_media_url":"https:\/\/i0.wp.com\/eltrabajo.cl\/portal\/wp-content\/uploads\/2012\/05\/nuevo-conjunto-habitacional-1.jpg?fit=600%2C450&ssl=1","jetpack_sharing_enabled":true,"jetpack_likes_enabled":true,"jetpack-related-posts":[],"_links":{"self":[{"href":"https:\/\/eltrabajo.cl\/portal\/wp-json\/wp\/v2\/posts\/17792","targetHints":{"allow":["GET"]}}],"collection":[{"href":"https:\/\/eltrabajo.cl\/portal\/wp-json\/wp\/v2\/posts"}],"about":[{"href":"https:\/\/eltrabajo.cl\/portal\/wp-json\/wp\/v2\/types\/post"}],"author":[{"embeddable":true,"href":"https:\/\/eltrabajo.cl\/portal\/wp-json\/wp\/v2\/users\/482"}],"replies":[{"embeddable":true,"href":"https:\/\/eltrabajo.cl\/portal\/wp-json\/wp\/v2\/comments?post=17792"}],"version-history":[{"count":0,"href":"https:\/\/eltrabajo.cl\/portal\/wp-json\/wp\/v2\/posts\/17792\/revisions"}],"wp:featuredmedia":[{"embeddable":true,"href":"https:\/\/eltrabajo.cl\/portal\/wp-json\/wp\/v2\/media\/17793"}],"wp:attachment":[{"href":"https:\/\/eltrabajo.cl\/portal\/wp-json\/wp\/v2\/media?parent=17792"}],"wp:term":[{"taxonomy":"category","embeddable":true,"href":"https:\/\/eltrabajo.cl\/portal\/wp-json\/wp\/v2\/categories?post=17792"},{"taxonomy":"post_tag","embeddable":true,"href":"https:\/\/eltrabajo.cl\/portal\/wp-json\/wp\/v2\/tags?post=17792"}],"curies":[{"name":"wp","href":"https:\/\/api.w.org\/{rel}","templated":true}]}}